{"id":6656,"date":"2018-12-29T21:06:12","date_gmt":"2018-12-30T00:06:12","guid":{"rendered":"http:\/\/locomociontv.org\/?p=6656"},"modified":"2018-12-29T21:06:14","modified_gmt":"2018-12-30T00:06:14","slug":"el-irreverente-20-alguien-se-durmio","status":"publish","type":"post","link":"https:\/\/locomociontv.org\/?p=6656","title":{"rendered":"El Irreverente #20 &#8211; Alguien se durmi\u00f3&#8230;"},"content":{"rendered":"\n<figure class=\"wp-block-embed-youtube wp-block-embed is-type-video is-provider-youtube wp-embed-aspect-16-9 wp-has-aspect-ratio\"><div class=\"wp-block-embed__wrapper\">\n<iframe loading=\"lazy\" width=\"580\" height=\"326\" src=\"https:\/\/www.youtube.com\/embed\/videoseries?list=PL8Vh50wrvnixW7VZZh-ScI6jvHC_SiJOo\" frameborder=\"0\" allow=\"accelerometer; autoplay; encrypted-media; gyroscope; picture-in-picture\" allowfullscreen><\/iframe>\n<\/div><\/figure>\n\n\n\n<p>Terminamos as\u00ed la producci\u00f3n de la Emisi\u00f3n #20 de El Irreverente y queremos hacerles saber que en los d\u00edas entre el rodaje y la edici\u00f3n la pauta dej\u00f3 obsoleto parte de los contenidos de la misma.\u00a0<\/p>\n\n\n\n<p><em>Esperamos sea de vuestro agrado la pauta de esta hora y media de emisi\u00f3n.<\/em><\/p>\n\n\n\n<p><strong><em>A modo de introducci\u00f3n de la Emisi\u00f3n #20 de El Irreverente&#8230;<\/em><\/strong><br><\/p>\n\n\n\n<p><strong><em>Hablando de amarantos y amarantas&#8230;<\/em><\/strong><\/p>\n\n\n\n<p><strong><em>Estado de sitio en Buenos Aires&#8230;<\/em><\/strong> <\/p>\n\n\n\n<p><strong><em>La resoluci\u00f3n 956\/2018: tan salvaje que muri\u00f3 al nacer&#8230;<\/em><\/strong><\/p>\n\n\n\n<p><strong><em>Piquete y cacerola no se ven a ninguna hora&#8230;<\/em><\/strong><\/p>\n\n\n\n<p><strong><em>El PRO-Kaz Movimiento todos por los cargos&#8230;<\/em><\/strong><\/p>\n\n\n\n<p><strong><em>La resistencia de todxs en la Asamblea Villa Urquiza&#8230;<\/em><\/strong><\/p>\n\n\n\n<p><strong><em>Cierre del a\u00f1o para las Luchas de Mujeres&#8230;.<\/em><\/strong><\/p>\n\n\n\n<p><strong><em>Quer\u00edamos dedicarle el \u00faltimo bloque de las emisiones de este a\u00f1o a la vida y las ideas de Fab\u00edan Amaranto Tomasi, el Gringo Loco&#8230;<\/em><\/strong><\/p>\n\n\n\n<p><strong><em>Tuvimos la chance de compartir su debut en la TV Nacional en Buenos Aires y les pido escuchen su mensaje y act\u00faan en consecuencia&#8230;<\/em><\/strong><br><\/p>\n\n\n\n<p><br><\/p>\n<div class=\"pdfprnt-buttons pdfprnt-buttons-post pdfprnt-bottom-right\"><a href=\"https:\/\/locomociontv.org\/index.php?rest_route=%2Fwp%2Fv2%2Fposts%2F6656&print=pdf\" class=\"pdfprnt-button pdfprnt-button-pdf\" target=\"_blank\" ><img decoding=\"async\" src=\"https:\/\/locomociontv.org\/wp-content\/plugins\/pdf-print\/images\/pdf.png\" alt=\"image_pdf\" title=\"View PDF\" \/><span class=\"pdfprnt-button-title pdfprnt-button-pdf-title\">Hacer PDF<\/span><\/a><a href=\"https:\/\/locomociontv.org\/index.php?rest_route=%2Fwp%2Fv2%2Fposts%2F6656&print=print\" class=\"pdfprnt-button pdfprnt-button-print\" target=\"_blank\" ><img decoding=\"async\" src=\"https:\/\/locomociontv.org\/wp-content\/plugins\/pdf-print\/images\/print.png\" alt=\"image_print\" title=\"Print Content\" \/><span class=\"pdfprnt-button-title pdfprnt-button-print-title\">Imprimir<\/span><\/a><\/div><p>Views: 0<\/p>","protected":false},"excerpt":{"rendered":"<p>Terminamos as\u00ed la producci\u00f3n de la Emisi\u00f3n #20 de El Irreverente y queremos hacerles saber que en los d\u00edas entre el rodaje y la edici\u00f3n la pauta dej\u00f3 obsoleto parte de los contenidos de la misma.\u00a0 Esperamos sea de vuestro agrado la pauta de esta hora y media de emisi\u00f3n. A modo de introducci\u00f3n de &hellip;<\/p>\n","protected":false},"author":1,"featured_media":32,"comment_status":"open","ping_status":"open","sticky":false,"template":"","format":"standard","meta":{"footnotes":""},"categories":[8],"tags":[],"class_list":["post-6656","post","type-post","status-publish","format-standard","has-post-thumbnail","hentry","category-el-irreverente","post-bright","has-post-thumb","small-thumb"],"_links":{"self":[{"href":"https:\/\/locomociontv.org\/index.php?rest_route=\/wp\/v2\/posts\/6656","targetHints":{"allow":["GET"]}}],"collection":[{"href":"https:\/\/locomociontv.org\/index.php?rest_route=\/wp\/v2\/posts"}],"about":[{"href":"https:\/\/locomociontv.org\/index.php?rest_route=\/wp\/v2\/types\/post"}],"author":[{"embeddable":true,"href":"https:\/\/locomociontv.org\/index.php?rest_route=\/wp\/v2\/users\/1"}],"replies":[{"embeddable":true,"href":"https:\/\/locomociontv.org\/index.php?rest_route=%2Fwp%2Fv2%2Fcomments&post=6656"}],"version-history":[{"count":1,"href":"https:\/\/locomociontv.org\/index.php?rest_route=\/wp\/v2\/posts\/6656\/revisions"}],"predecessor-version":[{"id":6657,"href":"https:\/\/locomociontv.org\/index.php?rest_route=\/wp\/v2\/posts\/6656\/revisions\/6657"}],"wp:featuredmedia":[{"embeddable":true,"href":"https:\/\/locomociontv.org\/index.php?rest_route=\/wp\/v2\/media\/32"}],"wp:attachment":[{"href":"https:\/\/locomociontv.org\/index.php?rest_route=%2Fwp%2Fv2%2Fmedia&parent=6656"}],"wp:term":[{"taxonomy":"category","embeddable":true,"href":"https:\/\/locomociontv.org\/index.php?rest_route=%2Fwp%2Fv2%2Fcategories&post=6656"},{"taxonomy":"post_tag","embeddable":true,"href":"https:\/\/locomociontv.org\/index.php?rest_route=%2Fwp%2Fv2%2Ftags&post=6656"}],"curies":[{"name":"wp","href":"https:\/\/api.w.org\/{rel}","templated":true}]}}