{"id":5826,"date":"2018-12-17T19:13:02","date_gmt":"2018-12-17T22:13:02","guid":{"rendered":"http:\/\/locomociontv.org\/?p=5826"},"modified":"2018-12-17T19:13:05","modified_gmt":"2018-12-17T22:13:05","slug":"comuna-12-organizan-un-feriazo-en-apoyo-a-la-asamblea-de-villa-urquiza","status":"publish","type":"post","link":"https:\/\/locomociontv.org\/?p=5826","title":{"rendered":"Comuna 12: Organizan un \u201cFeriazo\u201d en apoyo a la Asamblea de Villa Urquiza"},"content":{"rendered":"\n<p style=\"text-align:right\"><a rel=\"noreferrer noopener\" aria-label=\"Art\u00edculo de Peri\u00f3dico Comuna 12 (opens in a new tab)\" href=\"http:\/\/www.lacomuna12.com.ar\/comuna-12-organizan-un-feriazo-en-apoyo-a-la-asamblea-de-villa-urquiza-5287\" target=\"_blank\">Art\u00edculo de Peri\u00f3dico Comuna 12<\/a><\/p>\n\n\n\n<figure class=\"wp-block-image\"><img decoding=\"async\" src=\"http:\/\/www.lacomuna12.com.ar\/images\/stories\/sociedad\/feriazo.jpeg\" alt=\"\"\/><\/figure>\n\n\n\n<p>En defensa de la<strong>&nbsp;Asamblea Vecinal de Villa Urquiza<\/strong>, este martes a partir de las 11hs peque\u00f1os productores que conforman la Uni\u00f3n de Trabajadores de la Tierra (UTT) realizar\u00e1n un \u201cFeriazo\u201d en<strong>&nbsp;Av. Triunvirato 4778.<\/strong><\/p>\n\n\n\n<p>Las familias agricultoras vender\u00e1n bolsas de verdura a s\u00f3lo 10 pesos, en apoyo a la Asamblea que, como lo hab\u00eda informado este medio, quieren desalojar junto a toda la manzana antes de fin de a\u00f1o. &nbsp;<\/p>\n\n\n\n<p>Hace tiempo que la Uni\u00f3n de Trabajadores de la Tierra organizan verdurazos en todo el pa\u00eds&nbsp;<strong>para protestar y visibilizar medidas en contra de peque\u00f1os agricultores, que atenten en sus condiciones de producci\u00f3n y comercializaci\u00f3n.<\/strong>Por ejemplo, han luchado en contra de la eliminaci\u00f3n del Monotributo Social Agropecuario, que no les permite a los peque\u00f1os productores acceder a una jubilaci\u00f3n y obra social.<\/p>\n\n\n\n<p>\u201cNos unimos, nos organizamos, trabajamos y luchamos con solidaridad y compa\u00f1erismo\u201d, aseguran desde la organizaci\u00f3n gremial que en esta oportunidad apoyan la defensa de la<strong>&nbsp;Asamblea Vecinal de Villa Urquiza.<\/strong><\/p>\n\n\n\n<p>Mientras, los vecinos y asamble\u00edstas<strong>&nbsp;contin\u00faan resistiendo y pidiendo \u201cque no se invisibilicen los 16 a\u00f1os de lucha<\/strong>, de todas las personas que ocuparon la abandonada ex pizzer\u00eda &#8220;La Ideal&#8221; para transformarla en la<strong>&nbsp;Asamblea de Vecinos Autoconvocados de Villa Urquiza<\/strong>, vecinos que tambi\u00e9n recuperaron la plaza que est\u00e1 enfrente de la Asamblea y&nbsp;<strong>el Teatro 25 de Mayo<\/strong>. Sin importar lo que suceda, seguiremos luchando por un plato de comida, por una merienda, por cultura contrahegem\u00f3nica, por los siempre exiliados y llevados al hambre, por una manzana sin torres y llena de vida, de cultura y contra toda la gentrificaci\u00f3n de nuestros barrios\u201d.<\/p>\n<div class=\"pdfprnt-buttons pdfprnt-buttons-post pdfprnt-bottom-right\"><a href=\"https:\/\/locomociontv.org\/index.php?rest_route=%2Fwp%2Fv2%2Fposts%2F5826&print=pdf\" class=\"pdfprnt-button pdfprnt-button-pdf\" target=\"_blank\" ><img decoding=\"async\" src=\"https:\/\/locomociontv.org\/wp-content\/plugins\/pdf-print\/images\/pdf.png\" alt=\"image_pdf\" title=\"View PDF\" \/><span class=\"pdfprnt-button-title pdfprnt-button-pdf-title\">Hacer PDF<\/span><\/a><a href=\"https:\/\/locomociontv.org\/index.php?rest_route=%2Fwp%2Fv2%2Fposts%2F5826&print=print\" class=\"pdfprnt-button pdfprnt-button-print\" target=\"_blank\" ><img decoding=\"async\" src=\"https:\/\/locomociontv.org\/wp-content\/plugins\/pdf-print\/images\/print.png\" alt=\"image_print\" title=\"Print Content\" \/><span class=\"pdfprnt-button-title pdfprnt-button-print-title\">Imprimir<\/span><\/a><\/div><p>Views: 0<\/p>","protected":false},"excerpt":{"rendered":"<p>Art\u00edculo de Peri\u00f3dico Comuna 12 En defensa de la&nbsp;Asamblea Vecinal de Villa Urquiza, este martes a partir de las 11hs peque\u00f1os productores que conforman la Uni\u00f3n de Trabajadores de la Tierra (UTT) realizar\u00e1n un \u201cFeriazo\u201d en&nbsp;Av. Triunvirato 4778. Las familias agricultoras vender\u00e1n bolsas de verdura a s\u00f3lo 10 pesos, en apoyo a la Asamblea que, &hellip;<\/p>\n","protected":false},"author":1,"featured_media":5398,"comment_status":"open","ping_status":"open","sticky":false,"template":"","format":"standard","meta":{"footnotes":""},"categories":[11,7,8,28,9,6],"tags":[],"class_list":["post-5826","post","type-post","status-publish","format-standard","has-post-thumbnail","hentry","category-derechos-humanos","category-el-estado-de-las-luchas","category-el-irreverente","category-extractivismo-urbano","category-politica-nacional","category-programas","post-bright","has-post-thumb"],"_links":{"self":[{"href":"https:\/\/locomociontv.org\/index.php?rest_route=\/wp\/v2\/posts\/5826","targetHints":{"allow":["GET"]}}],"collection":[{"href":"https:\/\/locomociontv.org\/index.php?rest_route=\/wp\/v2\/posts"}],"about":[{"href":"https:\/\/locomociontv.org\/index.php?rest_route=\/wp\/v2\/types\/post"}],"author":[{"embeddable":true,"href":"https:\/\/locomociontv.org\/index.php?rest_route=\/wp\/v2\/users\/1"}],"replies":[{"embeddable":true,"href":"https:\/\/locomociontv.org\/index.php?rest_route=%2Fwp%2Fv2%2Fcomments&post=5826"}],"version-history":[{"count":1,"href":"https:\/\/locomociontv.org\/index.php?rest_route=\/wp\/v2\/posts\/5826\/revisions"}],"predecessor-version":[{"id":5827,"href":"https:\/\/locomociontv.org\/index.php?rest_route=\/wp\/v2\/posts\/5826\/revisions\/5827"}],"wp:featuredmedia":[{"embeddable":true,"href":"https:\/\/locomociontv.org\/index.php?rest_route=\/wp\/v2\/media\/5398"}],"wp:attachment":[{"href":"https:\/\/locomociontv.org\/index.php?rest_route=%2Fwp%2Fv2%2Fmedia&parent=5826"}],"wp:term":[{"taxonomy":"category","embeddable":true,"href":"https:\/\/locomociontv.org\/index.php?rest_route=%2Fwp%2Fv2%2Fcategories&post=5826"},{"taxonomy":"post_tag","embeddable":true,"href":"https:\/\/locomociontv.org\/index.php?rest_route=%2Fwp%2Fv2%2Ftags&post=5826"}],"curies":[{"name":"wp","href":"https:\/\/api.w.org\/{rel}","templated":true}]}}