{"id":5292,"date":"2018-12-10T13:00:37","date_gmt":"2018-12-10T16:00:37","guid":{"rendered":"http:\/\/locomociontv.org\/?p=5292"},"modified":"2018-12-10T16:23:56","modified_gmt":"2018-12-10T19:23:56","slug":"urgente-represion-en-la-unrn-esta-manana","status":"publish","type":"post","link":"https:\/\/locomociontv.org\/?p=5292","title":{"rendered":"URGENTE: Represi\u00f3n en la UNRN esta ma\u00f1ana"},"content":{"rendered":"\n<div class=\"wp-block-image\"><figure class=\"aligncenter\"><img decoding=\"async\" src=\"https:\/\/external.faep9-1.fna.fbcdn.net\/safe_image.php?d=AQCQeAPi4efTUMtM&amp;w=540&amp;h=282&amp;url=https%3A%2F%2Fwww.rionegro.com.ar%2Fbinrepository%2F948x725%2F0c49%2F948d627%2Fnone%2F12350%2FWFGB%2Fimage_content_10380988_20181210073529.jpg&amp;cfs=1&amp;upscale=1&amp;fallback=news_d_placeholder_publisher&amp;_nc_hash=AQDmozsFX9IOJH_p\" alt=\"\"\/><figcaption><strong><em>Tropa federal contra estudiantes y docentes. Completa desverg\u00fcenza.<\/em><\/strong><\/figcaption><\/figure><\/div>\n\n\n\n<p>Repudiamos la represi\u00f3n de Gendarmer\u00eda Nacional a docentes y estudiantes, en el vicerrectorado de la&nbsp;UNRN&nbsp;en Fiske Menuco, provincia de Rio Negro<\/p>\n\n\n\n<p>Esta ma\u00f1ana Gendarmer\u00eda Nacional despleg\u00f3 un inmenso operativo en la sede del vicerrectorado de la Universidad Nacional de R\u00edo Negro&nbsp;(UNRN), ubicado en General Roca (Fiske Menuco), y desaloj\u00f3 con balas de goma, gases lacrim\u00f3genos y camiones hidrantes a estudiantes y profesores que realizaban una toma.<\/p>\n\n\n\n<p>D\u00eda a d\u00eda vemos avasallados nuestros derechos, con m\u00e1s represi\u00f3n. En esta ocasi\u00f3n el derecho a la protesta, a la manifestaci\u00f3n y a la educaci\u00f3n se cruzaron contra la violencia institucional que deja el saldo de heridos y once personas detenidas: Mar\u00eda Jos\u00e9 Urruchua, Victoria y Virginia Naffa, Gloria Rojas, Samara Martin Coen, Manuela Far\u00edas, Lucas Pinos y Malen Iraola, Fernando Larrubia, Santiago Villegas y Pablo Sarte<\/p>\n\n\n\n<p>Las organizaciones sociales nos juntamos frente a los juzgados federales en calles San Martin y Espa\u00f1a, a exigir la inmediata liberaci\u00f3n de las y los detenidos<\/p>\n<div class=\"pdfprnt-buttons pdfprnt-buttons-post pdfprnt-bottom-right\"><a href=\"https:\/\/locomociontv.org\/index.php?rest_route=%2Fwp%2Fv2%2Fposts%2F5292&print=pdf\" class=\"pdfprnt-button pdfprnt-button-pdf\" target=\"_blank\" ><img decoding=\"async\" src=\"https:\/\/locomociontv.org\/wp-content\/plugins\/pdf-print\/images\/pdf.png\" alt=\"image_pdf\" title=\"View PDF\" \/><span class=\"pdfprnt-button-title pdfprnt-button-pdf-title\">Hacer PDF<\/span><\/a><a href=\"https:\/\/locomociontv.org\/index.php?rest_route=%2Fwp%2Fv2%2Fposts%2F5292&print=print\" class=\"pdfprnt-button pdfprnt-button-print\" target=\"_blank\" ><img decoding=\"async\" src=\"https:\/\/locomociontv.org\/wp-content\/plugins\/pdf-print\/images\/print.png\" alt=\"image_print\" title=\"Print Content\" \/><span class=\"pdfprnt-button-title pdfprnt-button-print-title\">Imprimir<\/span><\/a><\/div><p>Views: 0<\/p>","protected":false},"excerpt":{"rendered":"<p>Repudiamos la represi\u00f3n de Gendarmer\u00eda Nacional a docentes y estudiantes, en el vicerrectorado de la&nbsp;UNRN&nbsp;en Fiske Menuco, provincia de Rio Negro Esta ma\u00f1ana Gendarmer\u00eda Nacional despleg\u00f3 un inmenso operativo en la sede del vicerrectorado de la Universidad Nacional de R\u00edo Negro&nbsp;(UNRN), ubicado en General Roca (Fiske Menuco), y desaloj\u00f3 con balas de goma, gases lacrim\u00f3genos &hellip;<\/p>\n","protected":false},"author":1,"featured_media":5305,"comment_status":"open","ping_status":"open","sticky":false,"template":"","format":"standard","meta":{"footnotes":""},"categories":[20,11,7,8,26,9,6,14],"tags":[],"class_list":["post-5292","post","type-post","status-publish","format-standard","has-post-thumbnail","hentry","category-aparatos-de-represion-de-estado","category-derechos-humanos","category-el-estado-de-las-luchas","category-el-irreverente","category-luchas-por-la-educacion","category-politica-nacional","category-programas","category-urgente","post-bright","has-post-thumb","small-thumb"],"_links":{"self":[{"href":"https:\/\/locomociontv.org\/index.php?rest_route=\/wp\/v2\/posts\/5292","targetHints":{"allow":["GET"]}}],"collection":[{"href":"https:\/\/locomociontv.org\/index.php?rest_route=\/wp\/v2\/posts"}],"about":[{"href":"https:\/\/locomociontv.org\/index.php?rest_route=\/wp\/v2\/types\/post"}],"author":[{"embeddable":true,"href":"https:\/\/locomociontv.org\/index.php?rest_route=\/wp\/v2\/users\/1"}],"replies":[{"embeddable":true,"href":"https:\/\/locomociontv.org\/index.php?rest_route=%2Fwp%2Fv2%2Fcomments&post=5292"}],"version-history":[{"count":1,"href":"https:\/\/locomociontv.org\/index.php?rest_route=\/wp\/v2\/posts\/5292\/revisions"}],"predecessor-version":[{"id":5304,"href":"https:\/\/locomociontv.org\/index.php?rest_route=\/wp\/v2\/posts\/5292\/revisions\/5304"}],"wp:featuredmedia":[{"embeddable":true,"href":"https:\/\/locomociontv.org\/index.php?rest_route=\/wp\/v2\/media\/5305"}],"wp:attachment":[{"href":"https:\/\/locomociontv.org\/index.php?rest_route=%2Fwp%2Fv2%2Fmedia&parent=5292"}],"wp:term":[{"taxonomy":"category","embeddable":true,"href":"https:\/\/locomociontv.org\/index.php?rest_route=%2Fwp%2Fv2%2Fcategories&post=5292"},{"taxonomy":"post_tag","embeddable":true,"href":"https:\/\/locomociontv.org\/index.php?rest_route=%2Fwp%2Fv2%2Ftags&post=5292"}],"curies":[{"name":"wp","href":"https:\/\/api.w.org\/{rel}","templated":true}]}}