{"id":40513,"date":"2026-09-04T20:55:56","date_gmt":"2026-09-04T23:55:56","guid":{"rendered":"https:\/\/locomociontv.org\/?p=40513"},"modified":"2026-09-04T20:55:57","modified_gmt":"2026-09-04T23:55:57","slug":"causa-malvinas-un-discurso-presidencial-y-nada-mas-que-eso","status":"publish","type":"post","link":"https:\/\/locomociontv.org\/?p=40513","title":{"rendered":"Causa Malvinas: un discurso presidencial y nada m\u00e1s que eso"},"content":{"rendered":"\n<h3 class=\"wp-block-heading\">Introducci\u00f3n al Informe<\/h3>\n\n\n\n<figure class=\"wp-block-image size-large\"><img loading=\"lazy\" decoding=\"async\" width=\"1024\" height=\"574\" src=\"https:\/\/locomociontv.org\/wp-content\/uploads\/2026\/09\/wp-17885656032416987652635652021102-1024x574.jpg\" alt=\"\" class=\"wp-image-40519\" srcset=\"https:\/\/locomociontv.org\/wp-content\/uploads\/2026\/09\/wp-17885656032416987652635652021102-1024x574.jpg 1024w, https:\/\/locomociontv.org\/wp-content\/uploads\/2026\/09\/wp-17885656032416987652635652021102-300x168.jpg 300w, https:\/\/locomociontv.org\/wp-content\/uploads\/2026\/09\/wp-17885656032416987652635652021102-768x430.jpg 768w, https:\/\/locomociontv.org\/wp-content\/uploads\/2026\/09\/wp-17885656032416987652635652021102-1536x861.jpg 1536w, https:\/\/locomociontv.org\/wp-content\/uploads\/2026\/09\/wp-17885656032416987652635652021102.jpg 2000w\" sizes=\"auto, (max-width: 1024px) 100vw, 1024px\" \/><\/figure>\n\n\n\n<p class=\"wp-block-paragraph\">El Presidente Javier Milei este 3 de septiembre a las 21 horas se dirigi\u00f3 al pa\u00eds por la Causa Malvinas. El discurso, esperado por toda la ciudadan\u00eda fue la continuidad de la posici\u00f3n argentina sobre el particular, con el anuncio de sanciones que nos atrevemos a suponer ser\u00e1n inaplicables. <\/p>\n\n\n\n<p class=\"wp-block-paragraph\">Am\u00e9n de repetir que las Malvinas son argentinas por razones de Historia y de Derecho, con la salvedad de que esta vez, a diferencia de los reg\u00edmenes peronistas, qued\u00f3 en claro que la opini\u00f3n de los kelpers debe considerarse la de meros convidados de piedra en esta discusi\u00f3n. Considerando su farsa de referendos como inv\u00e1lidos. Sin embargo y sin ninguna necesidad, Milei asegur\u00f3 que respetar\u00e1 el modo de vida de sus habitantes. <\/p>\n\n\n\n<!--nextpage-->\n\n\n\n<h3 class=\"wp-block-heading\">La insensata confianza de Milei en Trump<\/h3>\n\n\n\n<figure class=\"wp-block-image size-large\"><img loading=\"lazy\" decoding=\"async\" width=\"1024\" height=\"574\" src=\"https:\/\/locomociontv.org\/wp-content\/uploads\/2026\/09\/backgrounderaser_20260904_2050119237684254648956090879-1024x574.jpg\" alt=\"\" class=\"wp-image-40522\" srcset=\"https:\/\/locomociontv.org\/wp-content\/uploads\/2026\/09\/backgrounderaser_20260904_2050119237684254648956090879-1024x574.jpg 1024w, https:\/\/locomociontv.org\/wp-content\/uploads\/2026\/09\/backgrounderaser_20260904_2050119237684254648956090879-300x168.jpg 300w, https:\/\/locomociontv.org\/wp-content\/uploads\/2026\/09\/backgrounderaser_20260904_2050119237684254648956090879-768x430.jpg 768w, https:\/\/locomociontv.org\/wp-content\/uploads\/2026\/09\/backgrounderaser_20260904_2050119237684254648956090879-1536x861.jpg 1536w, https:\/\/locomociontv.org\/wp-content\/uploads\/2026\/09\/backgrounderaser_20260904_2050119237684254648956090879.jpg 2000w\" sizes=\"auto, (max-width: 1024px) 100vw, 1024px\" \/><\/figure>\n\n\n\n<p class=\"wp-block-paragraph\">De aqu\u00ed en adelante El Presidente hizo autobombo de los bla blas babosos que hizo anteriormente sobre Malvinas, diciendo que hizo que se aprobaran 18 resoluciones de apoyo al reclamo argentino por las Islas Malvinas y all\u00ed, como si hablara de la misma cosa, se refiri\u00f3 a que los Estados Unidos eval\u00faan cambio de posici\u00f3n con respecto a la Causa Malvinas. Tambi\u00e9n habl\u00f3 de 60 quejas formales por las acciones unilaterales del Reino Unido.<\/p>\n\n\n\n<p class=\"wp-block-paragraph\">Lo notable es que Milei usa una m\u00e1s de las basculantes boconeadas de Donald Trump cada vez que Gran Breta\u00f1a no le hace sus berrinches como si las mismas tuvieran importancia o pudieran durar siquiera diez minutos despu\u00e9s de que los piratas le griten cuatro frescas. <\/p>\n\n\n\n<p class=\"wp-block-paragraph\">Pensar que Washington va a operar a favor de los intereses leg\u00edtimos de Argentina en el Atl\u00e1ntico Sur por mera afinidad ideol\u00f3gica o por considerarnos &#8220;socios confiables&#8221; es, como m\u00ednimo, ignorar el historial de la pol\u00edtica exterior estadounidense. Para la Casa Blanca, las alianzas son estrictamente transaccionales: hoy usan el reclamo de Malvinas como un martillo t\u00e1ctico para disciplinar o pasarle factura al Reino Unido en medio de tensiones de la OTAN o disputas globales con otras potencias, y ma\u00f1ana, si cambian las prioridades de su ajedrez geopol\u00edtico, archivan el tema sin dudarlo.<\/p>\n\n\n\n<p class=\"wp-block-paragraph\">Asociarse con Trump (un Presidente que adem\u00e1s est\u00e1 de salida) en un tema as\u00ed, es como asociarse a Dr\u00e1cula en un administrar juntos un Banco de Sangre.<\/p>\n\n\n\n<!--nextpage-->\n\n\n\n<h3 class=\"wp-block-heading\">La &#8220;amenaza&#8221; de Milei a los intereses econ\u00f3micos brit\u00e1nicos<\/h3>\n\n\n\n<figure class=\"wp-block-image size-large\"><img loading=\"lazy\" decoding=\"async\" width=\"1024\" height=\"574\" src=\"https:\/\/locomociontv.org\/wp-content\/uploads\/2026\/09\/backgrounderaser_20260904_2051008275007183855403815011-1024x574.jpg\" alt=\"\" class=\"wp-image-40523\" srcset=\"https:\/\/locomociontv.org\/wp-content\/uploads\/2026\/09\/backgrounderaser_20260904_2051008275007183855403815011-1024x574.jpg 1024w, https:\/\/locomociontv.org\/wp-content\/uploads\/2026\/09\/backgrounderaser_20260904_2051008275007183855403815011-300x168.jpg 300w, https:\/\/locomociontv.org\/wp-content\/uploads\/2026\/09\/backgrounderaser_20260904_2051008275007183855403815011-768x430.jpg 768w, https:\/\/locomociontv.org\/wp-content\/uploads\/2026\/09\/backgrounderaser_20260904_2051008275007183855403815011-1536x861.jpg 1536w, https:\/\/locomociontv.org\/wp-content\/uploads\/2026\/09\/backgrounderaser_20260904_2051008275007183855403815011.jpg 2000w\" sizes=\"auto, (max-width: 1024px) 100vw, 1024px\" \/><\/figure>\n\n\n\n<p class=\"wp-block-paragraph\">Ya ocup\u00e1ndose del tema del Reino Unido espec\u00edficamente el Presidente Milei anunci\u00f3 que tomar\u00e1 sanciones contra las exploraciones petroleras y en especial contra el Proyecto Sea Lion. Advirti\u00f3 sobre el particular que si no se act\u00faa pronto los ingleses se robar\u00e1n el petr\u00f3leo del Mar Argentino. <\/p>\n\n\n\n<p class=\"wp-block-paragraph\">No hizo menci\u00f3n en su discurso a las consecuencias nefastas de esta explotaci\u00f3n de petr\u00f3leo, ya que sabemos que esos temas para Milei son cosas de ambientalistas a los que desprecia y le jur\u00f3 todas las consecuencias del Estado a su alcance.<\/p>\n\n\n\n<p class=\"wp-block-paragraph\">Mencion\u00f3 a la pirata Rockhopper y a Navitas Petroleum de origen israel\u00ed de las que Milei tiene conocimiento operan como socios en el proyecto extractivista Sea Lion. Las acciones de esta compa\u00f1\u00eda cayeron al inicio de las jornada posterior en un 10% en el caso de la pirata y un 6% en el de la israel\u00ed. Aunque creemos que esto ser\u00e1 lo \u00fanico que obtendr\u00e1 como sanci\u00f3n en definitiva.<\/p>\n\n\n\n<p class=\"wp-block-paragraph\">Siguiendo en su tren de bravuconer\u00eda inconducente, asegur\u00f3 que estas medidas unilaterales no ser\u00e1n permitidas por todos los medios a su alcance, salvo los militares. <\/p>\n\n\n\n<p class=\"wp-block-paragraph\">En nuestra opini\u00f3n, no creemos equivocarnos, las sanciones que hoy puede aplicar la Argentina no creemos que le hagan no cosquillas al Reino Unido y sus m\u00e1quinas de saquear.<\/p>\n\n\n\n<p class=\"wp-block-paragraph\">En otros pasajes se refiri\u00f3 a la situaci\u00f3n interna del Reino Unido de la Gran Breta\u00f1a e Irlanda del Norte, ech\u00e1ndole la culpa de la &#8220;crisis&#8221; que \u00e9l ve en ese pa\u00eds a &#8220;la inmigraci\u00f3n descontrolada, la violencia que ella conlleva, y los problemas de seguridad nacional que hoy acechan a Europa&#8221; a las cuales en su particular punto de vista las evalu\u00f3 sin soluci\u00f3n. <\/p>\n\n\n\n<p class=\"wp-block-paragraph\">Con posterioridad, el Presidente se refiri\u00f3 a la redacci\u00f3n de un Decreto de Necesidad y Urgencia que fortalezca las sanciones que la Ley 26.659 (conocida como Ley Solanas, por el cineasta que dedic\u00f3 su vida a la venta de humo) enunciaba y que nunca los gobiernos peronistas se dignaron a aplicar.<\/p>\n\n\n\n<p class=\"wp-block-paragraph\">No hizo menci\u00f3n, en este sentido, a si tomar\u00e1 alg\u00fan tipo de sanci\u00f3n con los pa\u00edses socios del Eje Bioce\u00e1nico de la Muerte conformado por Espa\u00f1a, Brasil, Uruguay, Chile y Colombia, fundamentales en la continuidad de la ocupaci\u00f3n colonialista de las Islas Malvinas. <\/p>\n\n\n\n<!--nextpage-->\n\n\n\n<h3 class=\"wp-block-heading\">M\u00e1s ca\u00f1ones apuntando adentro de la Argentina<\/h3>\n\n\n\n<figure class=\"wp-block-image size-large\"><img loading=\"lazy\" decoding=\"async\" width=\"1024\" height=\"574\" src=\"https:\/\/locomociontv.org\/wp-content\/uploads\/2026\/09\/wp-17885659940778304522698183998888-1024x574.jpg\" alt=\"\" class=\"wp-image-40521\" srcset=\"https:\/\/locomociontv.org\/wp-content\/uploads\/2026\/09\/wp-17885659940778304522698183998888-1024x574.jpg 1024w, https:\/\/locomociontv.org\/wp-content\/uploads\/2026\/09\/wp-17885659940778304522698183998888-300x168.jpg 300w, https:\/\/locomociontv.org\/wp-content\/uploads\/2026\/09\/wp-17885659940778304522698183998888-768x430.jpg 768w, https:\/\/locomociontv.org\/wp-content\/uploads\/2026\/09\/wp-17885659940778304522698183998888-1536x861.jpg 1536w, https:\/\/locomociontv.org\/wp-content\/uploads\/2026\/09\/wp-17885659940778304522698183998888.jpg 2000w\" sizes=\"auto, (max-width: 1024px) 100vw, 1024px\" \/><\/figure>\n\n\n\n<p class=\"wp-block-paragraph\">En el aspecto militar, si es que lo hubo, anunci\u00f3 que en ese otro DNU que habilitar\u00e1 la construcci\u00f3n de una Base Naval en Tierra del Fuego y que le dotar\u00e1 de medios que mejoren las telecomunicaciones. Sobre este particular no mencion\u00f3 nada de la Base cuya piedrita fundacional inaugur\u00f3 el peronismo ni sobre el radar brit\u00e1nico de Alberto y Cristina instalaron y a\u00fan recibe energ\u00eda del peronismo fueguino que se mostr\u00f3 muy generoso con el imperialismo en sus a\u00f1os de Gobierno.<\/p>\n\n\n\n<p class=\"wp-block-paragraph\">Ya como quien est\u00e1 vendiendo humo a lo Solanas asegur\u00f3 que esa base, de la que no dijo si ser\u00e1 solamente argentina siquiera &#8220;<em>nos convertir\u00e1 en el Polo log\u00edstico m\u00e1s importante del Atl\u00e1ntico Sur y ser\u00e1 fundamental para la proyecci\u00f3n geopol\u00edtica de la Argentina.<\/em>&#8221; <\/p>\n\n\n\n<p class=\"wp-block-paragraph\">Luego, siguiendo su l\u00ednea de no explicar nada y dejar m\u00e1s dudas que certezas, el Presidente de la Naci\u00f3n dijo que enviar\u00e1 al Congreso Nacional un proyecto de Ley de Defensa de la Soberan\u00eda Nacional, a los efectos de las sanciones enunciadas antes y de la implementaci\u00f3n del juicio en ausencia a los efectos de aplicar las mismas. <\/p>\n\n\n\n<p class=\"wp-block-paragraph\">Esa Ley tambi\u00e9n crear\u00e1 un Consejo de Seguridad Nacional (que tiene connotaciones nefastas en nuestra historia reciente y que siempre termin\u00f3 en argentinos muertos) el que seg\u00fan \u00e9l &#8220;definir\u00e1 una pol\u00edtica de seguridad nacional de aplicaci\u00f3n obligatoria y transversal a todo el Estado, articulando Canciller\u00eda, Defensa, Inteligencia y Econom\u00eda&#8221; y cuyas facultades pedir\u00e1 al Congreso que le habilite. <\/p>\n\n\n\n<p class=\"wp-block-paragraph\">En el mismo sentido, Milei pidi\u00f3 rearmar a las Fuerzas Armadas lo que, coincidiendo con su expresi\u00f3n de deseos de usarlas para reprimir o matar argentinos, es un peligro latente para los civiles de la Argentina.<\/p>\n\n\n\n<p class=\"wp-block-paragraph\">Cerrando este discurso, solicit\u00f3 un Frente Unido como Naci\u00f3n e invit\u00f3 a todos los actores pol\u00edticos de la Argentina a sumarse a este reclamo. <\/p>\n\n\n\n<p class=\"wp-block-paragraph\">Lo cierto es que no podemos ver m\u00e1s que expresiones de deseos donde debe haber pol\u00edticas claras y en donde se mencionan peligros son solamente para los ciudadanos de a pie y nunca para los piratas invasores. <\/p>\n<div class=\"pdfprnt-buttons pdfprnt-buttons-post pdfprnt-bottom-right\"><a href=\"https:\/\/locomociontv.org\/index.php?rest_route=%2Fwp%2Fv2%2Fposts%2F40513&print=pdf\" class=\"pdfprnt-button pdfprnt-button-pdf\" target=\"_blank\" ><img decoding=\"async\" src=\"https:\/\/locomociontv.org\/wp-content\/plugins\/pdf-print\/images\/pdf.png\" alt=\"image_pdf\" title=\"View PDF\" \/><span class=\"pdfprnt-button-title pdfprnt-button-pdf-title\">Hacer PDF<\/span><\/a><a href=\"https:\/\/locomociontv.org\/index.php?rest_route=%2Fwp%2Fv2%2Fposts%2F40513&print=print\" class=\"pdfprnt-button pdfprnt-button-print\" target=\"_blank\" ><img decoding=\"async\" src=\"https:\/\/locomociontv.org\/wp-content\/plugins\/pdf-print\/images\/print.png\" alt=\"image_print\" title=\"Print Content\" \/><span class=\"pdfprnt-button-title pdfprnt-button-print-title\">Imprimir<\/span><\/a><\/div><p>Views: 7<\/p>","protected":false},"excerpt":{"rendered":"<p>Introducci\u00f3n al Informe El Presidente Javier Milei este 3 de septiembre a las 21 horas se dirigi\u00f3 al pa\u00eds por la Causa Malvinas. El discurso, esperado por toda la ciudadan\u00eda fue la continuidad de la posici\u00f3n argentina sobre el particular, con el anuncio de sanciones que nos atrevemos a suponer ser\u00e1n inaplicables. Am\u00e9n de repetir &hellip;<\/p>\n","protected":false},"author":1,"featured_media":40519,"comment_status":"open","ping_status":"open","sticky":false,"template":"","format":"video","meta":{"footnotes":""},"categories":[1],"tags":[],"class_list":["post-40513","post","type-post","status-publish","format-video","has-post-thumbnail","hentry","category-sin-categoria","post_format-post-format-video","post-dark","post-wide","has-post-thumb"],"_links":{"self":[{"href":"https:\/\/locomociontv.org\/index.php?rest_route=\/wp\/v2\/posts\/40513","targetHints":{"allow":["GET"]}}],"collection":[{"href":"https:\/\/locomociontv.org\/index.php?rest_route=\/wp\/v2\/posts"}],"about":[{"href":"https:\/\/locomociontv.org\/index.php?rest_route=\/wp\/v2\/types\/post"}],"author":[{"embeddable":true,"href":"https:\/\/locomociontv.org\/index.php?rest_route=\/wp\/v2\/users\/1"}],"replies":[{"embeddable":true,"href":"https:\/\/locomociontv.org\/index.php?rest_route=%2Fwp%2Fv2%2Fcomments&post=40513"}],"version-history":[{"count":4,"href":"https:\/\/locomociontv.org\/index.php?rest_route=\/wp\/v2\/posts\/40513\/revisions"}],"predecessor-version":[{"id":40524,"href":"https:\/\/locomociontv.org\/index.php?rest_route=\/wp\/v2\/posts\/40513\/revisions\/40524"}],"wp:featuredmedia":[{"embeddable":true,"href":"https:\/\/locomociontv.org\/index.php?rest_route=\/wp\/v2\/media\/40519"}],"wp:attachment":[{"href":"https:\/\/locomociontv.org\/index.php?rest_route=%2Fwp%2Fv2%2Fmedia&parent=40513"}],"wp:term":[{"taxonomy":"category","embeddable":true,"href":"https:\/\/locomociontv.org\/index.php?rest_route=%2Fwp%2Fv2%2Fcategories&post=40513"},{"taxonomy":"post_tag","embeddable":true,"href":"https:\/\/locomociontv.org\/index.php?rest_route=%2Fwp%2Fv2%2Ftags&post=40513"}],"curies":[{"name":"wp","href":"https:\/\/api.w.org\/{rel}","templated":true}]}}