{"id":40480,"date":"2026-09-01T16:55:21","date_gmt":"2026-09-01T19:55:21","guid":{"rendered":"https:\/\/locomociontv.org\/?p=40480"},"modified":"2026-09-01T16:55:22","modified_gmt":"2026-09-01T19:55:22","slug":"la-casta-crece-y-asegura-palos-para-proteger-el-privilegio","status":"publish","type":"post","link":"https:\/\/locomociontv.org\/?p=40480","title":{"rendered":"La Casta crece y asegura palos para proteger el privilegio"},"content":{"rendered":"\n<h3 class=\"wp-block-heading\">Introducci\u00f3n al Informe<\/h3>\n\n\n\n<figure class=\"wp-block-image size-full\"><img loading=\"lazy\" decoding=\"async\" width=\"960\" height=\"540\" src=\"https:\/\/locomociontv.org\/wp-content\/uploads\/2026\/09\/40480-1.png\" alt=\"\" class=\"wp-image-40484\" srcset=\"https:\/\/locomociontv.org\/wp-content\/uploads\/2026\/09\/40480-1.png 960w, https:\/\/locomociontv.org\/wp-content\/uploads\/2026\/09\/40480-1-300x169.png 300w, https:\/\/locomociontv.org\/wp-content\/uploads\/2026\/09\/40480-1-768x432.png 768w\" sizes=\"auto, (max-width: 960px) 100vw, 960px\" \/><\/figure>\n\n\n\n<p class=\"wp-block-paragraph\">Se dieron a conocer los crecimientos patrimoniales de la familia presidencia argentina y del  Ministro de Econom\u00eda, al tiempo que se anunciaron aumentos en los haberes de la tropa estatal, llamada Fuerzas Armadas y de Seguridad. La Casta protege sus intereses y la continuidad de los ajustes criminales, ya que sabemos que represor con aumento, castiga m\u00e1s contento. <\/p>\n\n\n\n<p class=\"wp-block-paragraph\">El patrimonio oficial de la c\u00fapula del poder se mueve al ritmo de la inflaci\u00f3n y las planillas de la Oficina Anticorrupci\u00f3n. La presentaci\u00f3n formal de las declaraciones juradas correspondientes al ejercicio 2025 dej\u00f3 al descubierto los n\u00fameros patrimoniales del Presidente Javier Milei y de su hermana, la Secretaria General de la Presidencia, Karina Milei. <\/p>\n\n\n\n<p class=\"wp-block-paragraph\">Seg\u00fan los datos oficiales informados ante la Oficina Anticorrupci\u00f3n, los bienes del Primer Mandatario treparon hasta los $295,2 millones, lo que representa un incremento nominal del <em>43,3%<\/em> en comparaci\u00f3n con los cerca de $206 millones declarados al cierre de 2024.<\/p>\n\n\n\n<p class=\"wp-block-paragraph\">El patrimonio de Karina Milei, en cambio, registr\u00f3 un salto porcentual mucho m\u00e1s sugestivo y agresivo al triplicarse y alcanzar los <em>$35,3 millones<\/em>, un incremento impulsado casi en su totalidad por la revaluaci\u00f3n de su departamento en territorio porte\u00f1o y la incorporaci\u00f3n de una cuenta en una billetera virtual. <\/p>\n\n\n\n<p class=\"wp-block-paragraph\">Los dibujos en cuesti\u00f3n muestran que el patrimonio de los dos no aument\u00f3 en t\u00e9rminos objetivos, si no que casi exclusivamente se revalu\u00f3 al ritmo de la inflaci\u00f3n, con la salvedad de que Karina Milei parece abrir una ventana para en un futuro incorporan un blanqueo de algunos dineros a trav\u00e9s de la cajita virtual que puso como novedad en esta declaraci\u00f3n. <\/p>\n\n\n\n<p class=\"wp-block-paragraph\">Comparado con el desbarajuste que produjo el inexplicable patrimonio del ex-Vocero Manuel Adorni las cuentas de la familia presidencial parecen haber tomado nota del incidente y decidieron presentar las cuentas como sin novedad en el frente. <\/p>\n\n\n\n<p class=\"wp-block-paragraph\">Desde el Gobierno exigen sacrificio, licuaci\u00f3n de salarios y fe ciega en un modelo de ajuste que empobrece a la mayor\u00eda, pero la radiograf\u00eda patrimonial del hombre que maneja la econom\u00eda es un escupitajo en la cara de la realidad: el 95% de los ahorros del Ministro Luis Caputo est\u00e1n fuera del pa\u00eds. <\/p>\n\n\n\n<p class=\"wp-block-paragraph\">Nos predica la confianza mientras \u00e9l se la guarda en d\u00f3lares y en el exterior, como qui\u00e9n no se cree sus propias mentiras.<\/p>\n\n\n\n<p class=\"wp-block-paragraph\">En paralelo y mientras los jubilados sufren el congelamiento de sus bonos y los salarios estatales se hunden, el Gobierno blanquea sus prioridades reales: hay billetera libre y aumentos por encima de la inflaci\u00f3n para asegurar la lealtad de quienes cargan las armas y manejan los bastones. <\/p>\n\n\n\n<!--nextpage-->\n\n\n\n<h3 class=\"wp-block-heading\">La Declaraci\u00f3n Patrimonial de la Familia Presidencial<\/h3>\n\n\n\n<figure class=\"wp-block-image size-full\"><img loading=\"lazy\" decoding=\"async\" width=\"960\" height=\"540\" src=\"https:\/\/locomociontv.org\/wp-content\/uploads\/2026\/09\/40480-2.png\" alt=\"\" class=\"wp-image-40487\" srcset=\"https:\/\/locomociontv.org\/wp-content\/uploads\/2026\/09\/40480-2.png 960w, https:\/\/locomociontv.org\/wp-content\/uploads\/2026\/09\/40480-2-300x169.png 300w, https:\/\/locomociontv.org\/wp-content\/uploads\/2026\/09\/40480-2-768x432.png 768w\" sizes=\"auto, (max-width: 960px) 100vw, 960px\" \/><\/figure>\n\n\n\n<p class=\"wp-block-paragraph\">La presentaci\u00f3n formal de las declaraciones juradas correspondientes al ejercicio 2025 dej\u00f3 al descubierto los n\u00fameros patrimoniales del presidente Javier Milei y de su hermana, la secretaria general de la Presidencia, <\/p>\n\n\n\n<p class=\"wp-block-paragraph\">Karina Milei. Seg\u00fan los datos oficiales informados ante la Oficina Anticorrupci\u00f3n, los bienes del mandatario treparon hasta los $295,2 millones, lo que representa un incremento nominal del <em>43,3%<\/em> en comparaci\u00f3n con los cerca de $206 millones declarados al cierre de 2024.<\/p>\n\n\n\n<p class=\"wp-block-paragraph\">Milei no compr\u00f3 nuevas propiedades ni incorpor\u00f3 flota pesada a su patrimonio. De los casi $89 millones de incremento nominal bruto, <em>unos $73 millones obedecen pura y exclusivamente a diferencias de valuaci\u00f3n<\/em> de los mismos activos que ya pose\u00eda al llegar a la Casa Rosada (una casa en la Ciudad de Buenos Aires y dos veh\u00edculos: una Mercedes-Benz Sprinter modelo 2015 y un Peugeot RCZ Coup\u00e9 modelo 2013). <\/p>\n\n\n\n<p class=\"wp-block-paragraph\">En la misma l\u00ednea, sus tenencias en moneda extranjera se mantuvieron pr\u00e1cticamente id\u00e9nticas \u2014unos 20.000 d\u00f3lares en efectivo y cerca de 65.500 d\u00f3lares en una caja de ahorro\u2014, por lo que su patrimonio medido en d\u00f3lares se mantuvo pr\u00e1cticamente inalterable, amortiguado por el salto en la cotizaci\u00f3n oficial del tipo de cambio.<\/p>\n\n\n\n<p class=\"wp-block-paragraph\">Por su parte, el patrimonio de Karina Milei registr\u00f3 un salto porcentual mucho m\u00e1s sugestivo y agresivo al triplicarse y alcanzar los <em>$35,3 millones<\/em>, un incremento impulsado casi en su totalidad por la revaluaci\u00f3n de su departamento en territorio porte\u00f1o y la incorporaci\u00f3n de una cuenta en una billetera virtual.<\/p>\n\n\n\n<p class=\"wp-block-paragraph\">Los dibujos en cuesti\u00f3n muestran que el patrimonio de los dos no aument\u00f3 en t\u00e9rminos objetivos, si no que casi exclusivamente se revalu\u00f3 al ritmo de la inflaci\u00f3n, con la salvedad de que Karina Milei parece abrir una ventana para en un futuro incorporan un blanqueo de algunos dineros a trav\u00e9s de la cajita virtual que puso como novedad en esta declaraci\u00f3n. <\/p>\n\n\n\n<p class=\"wp-block-paragraph\">M\u00e1s all\u00e1 del relato de austeridad que suele rodar a estas presentaciones, este comportamiento no constituye un rasgo excepcional de moderaci\u00f3n personal, sino el resultado obligado del dise\u00f1o contable y legal de las declaraciones juradas ante la Oficina Anticorrupci\u00f3n, donde las cifras se ajustan de manera autom\u00e1tica para reflejar las variaciones de precios y el impacto cambiario sobre un patrimonio preexistente, m\u00e1s que una transformaci\u00f3n real en la capacidad de ahorro del Mandatario.<\/p>\n\n\n\n<!--nextpage-->\n\n\n\n<h3 class=\"wp-block-heading\">Predicar con la ajena con su 95% afuera<\/h3>\n\n\n\n<figure class=\"wp-block-image size-full\"><img loading=\"lazy\" decoding=\"async\" width=\"960\" height=\"540\" src=\"https:\/\/locomociontv.org\/wp-content\/uploads\/2026\/09\/40480-3.png\" alt=\"\" class=\"wp-image-40489\" srcset=\"https:\/\/locomociontv.org\/wp-content\/uploads\/2026\/09\/40480-3.png 960w, https:\/\/locomociontv.org\/wp-content\/uploads\/2026\/09\/40480-3-300x169.png 300w, https:\/\/locomociontv.org\/wp-content\/uploads\/2026\/09\/40480-3-768x432.png 768w\" sizes=\"auto, (max-width: 960px) 100vw, 960px\" \/><\/figure>\n\n\n\n<p class=\"wp-block-paragraph\">Mientras al Pueblo se le exige un ajuste brutal y que saquen los d\u00f3lares del colch\u00f3n para bancar el modelo, el Ministro de Econom\u00eda demuestra con su propio bolsillo lo que realmente cree. Luis Caputo present\u00f3 su declaraci\u00f3n jurada ante la Oficina Anticorrupci\u00f3n y dej\u00f3 al desnudo la gran farsa: tiene el 95,3% de sus ahorros fuera del pa\u00eds. <\/p>\n\n\n\n<p class=\"wp-block-paragraph\">\u00bfC\u00f3mo pedir confianza en la econom\u00eda nacional cuando el funcionario que maneja las cuentas p\u00fablicas blinda su capital a miles de kil\u00f3metros?<\/p>\n\n\n\n<p class=\"wp-block-paragraph\">Los n\u00fameros oficiales del patrimonio del titular del Palacio de Hacienda no dejan margen para el relato. Sobre un total de dep\u00f3sitos declarados que asciende a 13.030 millones de pesos, la friolera de 12.422 millones (exactamente el 95,3%) permanecen depositados en el exterior. En contraste, en la Argentina apenas dej\u00f3 poco m\u00e1s de 600 millones de pesos. A esto se le suma un entramado de carteras y participaciones societarias millonarias en firmas como Anker Latinoamericana por 61 millones, Ancora Investments por 888 millones, Sacha Rupaska por 459 millones y Palmeral Chico por 2.288 millones, adem\u00e1s de yates y veh\u00edculos de alta gama. <\/p>\n\n\n\n<p class=\"wp-block-paragraph\">La brecha entre lo que se le exige a los ciudadanos de a pie y la conducta financiera de la c\u00fapula econ\u00f3mica expone una contradicci\u00f3n insostenible: exigen un sacrificio patri\u00f3tico que el propio Ministro jam\u00e1s est\u00e1 dispuesto a convalidar con su dinero.<\/p>\n\n\n\n<p class=\"wp-block-paragraph\">La decisi\u00f3n de mantener m\u00e1s del 95% de los ahorros a salvo fuera de las fronteras no es un detalle t\u00e9cnico menor, es la confesi\u00f3n silenciosa del fracaso del propio modelo. No hay relato, ley de bases ni pedido de paciencia que pueda sostenerse \u00e9ticamente cuando quienes dise\u00f1an las reglas del juego financiero demuestran que prefieren la seguridad de los bancos extranjeros antes que arriesgar un solo centavo en la patria que gobiernan y vac\u00edan.<\/p>\n\n\n\n<!--nextpage-->\n\n\n\n<h3 class=\"wp-block-heading\">El Gobierno no deja de invertir en palos y balas<\/h3>\n\n\n\n<figure class=\"wp-block-image size-full\"><img loading=\"lazy\" decoding=\"async\" width=\"960\" height=\"540\" src=\"https:\/\/locomociontv.org\/wp-content\/uploads\/2026\/09\/40480-4.png\" alt=\"\" class=\"wp-image-40493\" srcset=\"https:\/\/locomociontv.org\/wp-content\/uploads\/2026\/09\/40480-4.png 960w, https:\/\/locomociontv.org\/wp-content\/uploads\/2026\/09\/40480-4-300x169.png 300w, https:\/\/locomociontv.org\/wp-content\/uploads\/2026\/09\/40480-4-768x432.png 768w\" sizes=\"auto, (max-width: 960px) 100vw, 960px\" \/><\/figure>\n\n\n\n<p class=\"wp-block-paragraph\">El Presidente Milei oficializ\u00f3 un esquema de incrementos salariales destinados al personal de las Fuerzas Armadas y de las fuerzas federales de seguridad que ubica las subas por encima de la pauta inflacionaria proyectada para el tramo final del a\u00f1o. <\/p>\n\n\n\n<p class=\"wp-block-paragraph\">En el caso espec\u00edfico del sector militar, se fij\u00f3 un esquema acumulativo que contempla una mejora del <strong>12,22%<\/strong> para los \u00faltimos cuatro meses, acompa\u00f1ada por actualizaciones en adicionales espec\u00edficos como los servicios en la Ant\u00e1rtida y las remuneraciones de la Curia Castrense.<\/p>\n\n\n\n<p class=\"wp-block-paragraph\">Por su parte, el Servicio Penitenciario Federal y los distintos cuerpos operativos de seguridad tambi\u00e9n percibir\u00e1n ajustes complementarios mediante compensaciones por variabilidad de vivienda, funci\u00f3n ejecutiva, zona sur y t\u00edtulos acad\u00e9micos. <\/p>\n\n\n\n<p class=\"wp-block-paragraph\">Mientras el poder central desfinancia obras sociales del sector y pulveriza el poder adquisitivo de docentes, m\u00e9dicos y trabajadores de la administraci\u00f3n p\u00fablica (cuyos acuerdos son firmados a la baja o directamente rechazados por las bases) la chequera estatal se abre sin titubeos para blindar el aparato de represi\u00f3n y control interno.<\/p>\n\n\n\n<p class=\"wp-block-paragraph\">El Gobierno pone millones de reparos presupuestarios para atender las necesidades de los sectores m\u00e1s vulnerables de la sociedad, pero no duda ni por un segundo de establecer como \u00fanica relaci\u00f3n del Estado con ellos la inversi\u00f3n en palos y balas. <\/p>\n\n\n\n<!--nextpage-->\n\n\n\n<h3 class=\"wp-block-heading\">A modo de cierre (por ahora)<\/h3>\n\n\n\n<figure class=\"wp-block-image size-full\"><img loading=\"lazy\" decoding=\"async\" width=\"960\" height=\"540\" src=\"https:\/\/locomociontv.org\/wp-content\/uploads\/2026\/09\/40480-5.png\" alt=\"\" class=\"wp-image-40491\" srcset=\"https:\/\/locomociontv.org\/wp-content\/uploads\/2026\/09\/40480-5.png 960w, https:\/\/locomociontv.org\/wp-content\/uploads\/2026\/09\/40480-5-300x169.png 300w, https:\/\/locomociontv.org\/wp-content\/uploads\/2026\/09\/40480-5-768x432.png 768w\" sizes=\"auto, (max-width: 960px) 100vw, 960px\" \/><\/figure>\n\n\n\n<p class=\"wp-block-paragraph\">La contabilidad oficial se empe\u00f1a en mostrar subas nominales impulsadas por la macroeconom\u00eda y la revaluaci\u00f3n de activos fijos, la radiograf\u00eda patrimonial expone una gesti\u00f3n que se refugia en lo viejo conocido mientras la calle sufre el ajuste. <\/p>\n\n\n\n<p class=\"wp-block-paragraph\">No hay saltos por producci\u00f3n ni inversiones audaces: hay una ingenier\u00eda de papeles donde los n\u00fameros se inflan en pesos mientras la econom\u00eda real sigue asfixiada. <\/p>\n\n\n\n<p class=\"wp-block-paragraph\">Lo mismo ocurre con la declaraciones patrimoniales de la Familia Presidencial, todo parece estar m\u00e1s que bien, no importa lo que el Pueblo padezca cada d\u00eda, lo importante es mostrar &#8220;normalidad&#8221;.<\/p>\n\n\n\n<p class=\"wp-block-paragraph\">La decisi\u00f3n del propio Ministro de Econom\u00eda de mantener m\u00e1s del 95% de los ahorros a salvo fuera de las fronteras no es un detalle t\u00e9cnico menor, es la confesi\u00f3n silenciosa del fracaso del propio modelo. <\/p>\n\n\n\n<p class=\"wp-block-paragraph\">No hay relato, Ley de Bases ni pedido de paciencia que pueda sostenerse \u00e9ticamente cuando quienes dise\u00f1an las reglas del juego financiero demuestran que prefieren la seguridad de los bancos extranjeros antes que arriesgar un solo centavo en el pa\u00eds que gobiernan y vac\u00edan.<\/p>\n\n\n\n<p class=\"wp-block-paragraph\">La ecuaci\u00f3n econ\u00f3mica del poder es obscenamente transparente. Se ajusta con crueldad a jubilados y trabajadores bajo el dogma del equilibrio fiscal, pero el d\u00e9ficit se vuelve flexible y patri\u00f3tico cuando se trata de comprar tranquilidad interna y asegurar el m\u00fasculo represivo del Estado.<\/p>\n\n\n\n<p class=\"wp-block-paragraph\"> M\u00e1s recursos para las fuerzas no es seguridad ciudadana: es la inversi\u00f3n preventiva para blindar el saqueo.<\/p>\n<div class=\"pdfprnt-buttons pdfprnt-buttons-post pdfprnt-bottom-right\"><a href=\"https:\/\/locomociontv.org\/index.php?rest_route=%2Fwp%2Fv2%2Fposts%2F40480&print=pdf\" class=\"pdfprnt-button pdfprnt-button-pdf\" target=\"_blank\" ><img decoding=\"async\" src=\"https:\/\/locomociontv.org\/wp-content\/plugins\/pdf-print\/images\/pdf.png\" alt=\"image_pdf\" title=\"View PDF\" \/><span class=\"pdfprnt-button-title pdfprnt-button-pdf-title\">Hacer PDF<\/span><\/a><a href=\"https:\/\/locomociontv.org\/index.php?rest_route=%2Fwp%2Fv2%2Fposts%2F40480&print=print\" class=\"pdfprnt-button pdfprnt-button-print\" target=\"_blank\" ><img decoding=\"async\" src=\"https:\/\/locomociontv.org\/wp-content\/plugins\/pdf-print\/images\/print.png\" alt=\"image_print\" title=\"Print Content\" \/><span class=\"pdfprnt-button-title pdfprnt-button-print-title\">Imprimir<\/span><\/a><\/div><p>Views: 0<\/p>","protected":false},"excerpt":{"rendered":"<p>Introducci\u00f3n al Informe Se dieron a conocer los crecimientos patrimoniales de la familia presidencia argentina y del Ministro de Econom\u00eda, al tiempo que se anunciaron aumentos en los haberes de la tropa estatal, llamada Fuerzas Armadas y de Seguridad. La Casta protege sus intereses y la continuidad de los ajustes criminales, ya que sabemos que &hellip;<\/p>\n","protected":false},"author":1,"featured_media":40484,"comment_status":"open","ping_status":"open","sticky":false,"template":"","format":"video","meta":{"footnotes":""},"categories":[1],"tags":[],"class_list":["post-40480","post","type-post","status-publish","format-video","has-post-thumbnail","hentry","category-sin-categoria","post_format-post-format-video","post-dark","post-wide","has-post-thumb"],"_links":{"self":[{"href":"https:\/\/locomociontv.org\/index.php?rest_route=\/wp\/v2\/posts\/40480","targetHints":{"allow":["GET"]}}],"collection":[{"href":"https:\/\/locomociontv.org\/index.php?rest_route=\/wp\/v2\/posts"}],"about":[{"href":"https:\/\/locomociontv.org\/index.php?rest_route=\/wp\/v2\/types\/post"}],"author":[{"embeddable":true,"href":"https:\/\/locomociontv.org\/index.php?rest_route=\/wp\/v2\/users\/1"}],"replies":[{"embeddable":true,"href":"https:\/\/locomociontv.org\/index.php?rest_route=%2Fwp%2Fv2%2Fcomments&post=40480"}],"version-history":[{"count":6,"href":"https:\/\/locomociontv.org\/index.php?rest_route=\/wp\/v2\/posts\/40480\/revisions"}],"predecessor-version":[{"id":40494,"href":"https:\/\/locomociontv.org\/index.php?rest_route=\/wp\/v2\/posts\/40480\/revisions\/40494"}],"wp:featuredmedia":[{"embeddable":true,"href":"https:\/\/locomociontv.org\/index.php?rest_route=\/wp\/v2\/media\/40484"}],"wp:attachment":[{"href":"https:\/\/locomociontv.org\/index.php?rest_route=%2Fwp%2Fv2%2Fmedia&parent=40480"}],"wp:term":[{"taxonomy":"category","embeddable":true,"href":"https:\/\/locomociontv.org\/index.php?rest_route=%2Fwp%2Fv2%2Fcategories&post=40480"},{"taxonomy":"post_tag","embeddable":true,"href":"https:\/\/locomociontv.org\/index.php?rest_route=%2Fwp%2Fv2%2Ftags&post=40480"}],"curies":[{"name":"wp","href":"https:\/\/api.w.org\/{rel}","templated":true}]}}