{"id":40465,"date":"2026-08-31T22:00:34","date_gmt":"2026-09-01T01:00:34","guid":{"rendered":"https:\/\/locomociontv.org\/?p=40465"},"modified":"2026-09-01T01:08:46","modified_gmt":"2026-09-01T04:08:46","slug":"los-caminos-de-la-argentina-son-para-quien-los-pague","status":"publish","type":"post","link":"https:\/\/locomociontv.org\/?p=40465","title":{"rendered":"Los caminos de la Argentina son para quien los pague"},"content":{"rendered":"\n<figure class=\"wp-block-embed is-type-video is-provider-youtube wp-block-embed-youtube wp-embed-aspect-16-9 wp-has-aspect-ratio\"><div class=\"wp-block-embed__wrapper\">\n<iframe loading=\"lazy\" title=\"Los caminos de la Argentina son para quien los pague\" width=\"818\" height=\"460\" src=\"https:\/\/www.youtube.com\/embed\/zGsiphuS8VA?feature=oembed\" frameborder=\"0\" allow=\"accelerometer; autoplay; clipboard-write; encrypted-media; gyroscope; picture-in-picture; web-share\" referrerpolicy=\"strict-origin-when-cross-origin\" allowfullscreen><\/iframe>\n<\/div><\/figure>\n\n\n\n<!--nextpage-->\n\n\n\n<h3 class=\"wp-block-heading\">Introducci\u00f3n al Informe<\/h3>\n\n\n\n<figure class=\"wp-block-image size-full\"><img loading=\"lazy\" decoding=\"async\" width=\"2000\" height=\"1121\" src=\"https:\/\/locomociontv.org\/wp-content\/uploads\/2026\/08\/wp-17882195238122323361296766529704.jpg\" alt=\"\" class=\"wp-image-40467\" srcset=\"https:\/\/locomociontv.org\/wp-content\/uploads\/2026\/08\/wp-17882195238122323361296766529704.jpg 2000w, https:\/\/locomociontv.org\/wp-content\/uploads\/2026\/08\/wp-17882195238122323361296766529704-300x168.jpg 300w, https:\/\/locomociontv.org\/wp-content\/uploads\/2026\/08\/wp-17882195238122323361296766529704-1024x574.jpg 1024w, https:\/\/locomociontv.org\/wp-content\/uploads\/2026\/08\/wp-17882195238122323361296766529704-768x430.jpg 768w, https:\/\/locomociontv.org\/wp-content\/uploads\/2026\/08\/wp-17882195238122323361296766529704-1536x861.jpg 1536w\" sizes=\"auto, (max-width: 2000px) 100vw, 2000px\" \/><\/figure>\n\n\n\n<p class=\"wp-block-paragraph\">El Presidente de la Naci\u00f3n, Javier Milei, y el Gobernador del Neuqu\u00e9n, Rolando Figueroa, son como dos gotas de petr\u00f3leo. Manchan, contaminan y no te hacen una ruta ni por asomo, no est\u00e1 en su ADN hacer tal cosa. Los Caminos de la Vida no son lo suyo y el \u00fanico placer que satisfacen es el de las corporaciones que saquean a la Madre Tierra. <\/p>\n\n\n\n<p class=\"wp-block-paragraph\">Al tiempo que la Provincia de Neuqu\u00e9n se endeuda para consolidar el corredor de la entrega, los funcionarios viajan a rendirle honores al capital extranjero. <\/p>\n\n\n\n<p class=\"wp-block-paragraph\">M\u00e1s precisamente, el Gobernador del Neuqu\u00e9n, Rolando Figueroa, encabez\u00f3 una gira por Houston (Estados Unidos) para seducir a las principales corporaciones petroleras y abrochar un esquema de inversiones destinado al desarrollo de infraestructura vial. <\/p>\n\n\n\n<p class=\"wp-block-paragraph\">Todo muy bonito, pero como en todos los casos, los extractivistas montar\u00e1n lo suyo para su negocio o saqueo, que en este caso y en muchos otros, son sin\u00f3nimos. <\/p>\n\n\n\n<p class=\"wp-block-paragraph\">Vaca Muerta no es la salvaci\u00f3n de los neuquinos: es la ruta r\u00e1pida del saqueo y el ecocidio legitimado por decreto. Los empresarios trazan v\u00edas r\u00e1pidas para la muerte. No lo hacen para el bienestar de nadie que no sean ellos mismos. <\/p>\n\n\n\n<p class=\"wp-block-paragraph\">El caso del Presidente Milei quiz\u00e1s no sea el de un hip\u00f3crita en esta cuesti\u00f3n de la obra p\u00fablica. \u00c9l siempre dijo que no iba a hacer obra p\u00fablica, que si hac\u00eda falta una ruta, la har\u00eda la iniciativa privada si era necesaria. <\/p>\n\n\n\n<p class=\"wp-block-paragraph\">Se mantiene fiel a eso, aunque en el tema de los fondos desviados no cambi\u00f3 nada respecto a sus predecesores y es ah\u00ed donde hasta el Poder Judicial tiene algo que decirle.<\/p>\n\n\n\n<p class=\"wp-block-paragraph\">Mientras el pa\u00eds se desmorona por falta de inversi\u00f3n b\u00e1sica y la justicia ordena arreglar las rutas nacionales, el Presidente de la Naci\u00f3n prioriza el circo del automovilismo internacional. <\/p>\n\n\n\n<p class=\"wp-block-paragraph\">Es la confirmaci\u00f3n de una gesti\u00f3n que prefiere el brillo de la F\u00f3rmula 1 a la seguridad de los ciudadanos que transitan caminos destruidos. <\/p>\n\n\n\n<p class=\"wp-block-paragraph\">Para \u00e9l no hacer nada por su Pueblo se ha vuelto la panacea, una idea por la que marcha en pos. Cada d\u00eda no nos hace notar su desprecio por los ciudadanos de a pie y su servilismo a los piratas y mercenarios que se le crucen. <\/p>\n\n\n\n<p class=\"wp-block-paragraph\">Tal como viene la mano, los caminos son cosas de ricos, si no perteneces a ese grupo ni est\u00e1 en tus planes saquear la tumba de la abuelita por un pu\u00f1ado de d\u00f3lares, ni siquiera intentes transitarlos.<\/p>\n\n\n\n<!--nextpage-->\n\n\n\n<h3 class=\"wp-block-heading\">Rolando Figueroa y sus rutas para el saqueo imperial<\/h3>\n\n\n\n<figure class=\"wp-block-image size-large\"><img loading=\"lazy\" decoding=\"async\" width=\"1024\" height=\"574\" src=\"https:\/\/locomociontv.org\/wp-content\/uploads\/2026\/08\/wp-17882208630086300376987370565885-1024x574.jpg\" alt=\"\" class=\"wp-image-40470\" srcset=\"https:\/\/locomociontv.org\/wp-content\/uploads\/2026\/08\/wp-17882208630086300376987370565885-1024x574.jpg 1024w, https:\/\/locomociontv.org\/wp-content\/uploads\/2026\/08\/wp-17882208630086300376987370565885-300x168.jpg 300w, https:\/\/locomociontv.org\/wp-content\/uploads\/2026\/08\/wp-17882208630086300376987370565885-768x430.jpg 768w, https:\/\/locomociontv.org\/wp-content\/uploads\/2026\/08\/wp-17882208630086300376987370565885-1536x861.jpg 1536w, https:\/\/locomociontv.org\/wp-content\/uploads\/2026\/08\/wp-17882208630086300376987370565885.jpg 2000w\" sizes=\"auto, (max-width: 1024px) 100vw, 1024px\" \/><\/figure>\n\n\n\n<p class=\"wp-block-paragraph\">El gobernador del Neuqu\u00e9n, Rolando Figueroa, encabez\u00f3 una gira por Houston (Estados Unidos) para seducir a las principales corporaciones hidrocarbur\u00edferas y abrochar un esquema de inversiones destinado al desarrollo de infraestructura vial. <\/p>\n\n\n\n<p class=\"wp-block-paragraph\">El eje central de la misi\u00f3n fue sellar un pacto con las operadoras petroleras que garantice el financiamiento y la construcci\u00f3n de rutas clave, dise\u00f1adas a la medida de la industria para acelerar la salida de los recursos.<\/p>\n\n\n\n<p class=\"wp-block-paragraph\">Bajo la coartada de potenciar la competitividad de Vaca Muerta y descomprimir el colapso del tr\u00e1nsito pesado, el Ejecutivo provincial consolida una alianza estrat\u00e9gica donde las empresas privadas ponen las condiciones y el Estado local terceriza la soberan\u00eda territorial. <\/p>\n\n\n\n<p class=\"wp-block-paragraph\">No hay all\u00ed ninguna planificaci\u00f3n soberana ni desarrollo integral para las comunidades que sufren la destrucci\u00f3n sistem\u00e1tica del entorno: solo asfalto financiado para facilitar la extracci\u00f3n intensiva, el fracking descontrolado y la profundizaci\u00f3n de un modelo extractivista que vac\u00eda los bienes comunes mientras deja el pasivo ambiental a cuenta de las futuras generaciones.<\/p>\n\n\n\n<!--nextpage-->\n\n\n\n<h3 class=\"wp-block-heading\">Rutas para el Circo, no para los ciudadanos<\/h3>\n\n\n\n<figure class=\"wp-block-image size-large\"><img loading=\"lazy\" decoding=\"async\" width=\"1024\" height=\"574\" src=\"https:\/\/locomociontv.org\/wp-content\/uploads\/2026\/08\/wp-17882216828832659932201879104857-1024x574.jpg\" alt=\"\" class=\"wp-image-40471\" srcset=\"https:\/\/locomociontv.org\/wp-content\/uploads\/2026\/08\/wp-17882216828832659932201879104857-1024x574.jpg 1024w, https:\/\/locomociontv.org\/wp-content\/uploads\/2026\/08\/wp-17882216828832659932201879104857-300x168.jpg 300w, https:\/\/locomociontv.org\/wp-content\/uploads\/2026\/08\/wp-17882216828832659932201879104857-768x430.jpg 768w, https:\/\/locomociontv.org\/wp-content\/uploads\/2026\/08\/wp-17882216828832659932201879104857-1536x861.jpg 1536w, https:\/\/locomociontv.org\/wp-content\/uploads\/2026\/08\/wp-17882216828832659932201879104857.jpg 2000w\" sizes=\"auto, (max-width: 1024px) 100vw, 1024px\" \/><\/figure>\n\n\n\n<p class=\"wp-block-paragraph\">El Presidente Javier Milei ratific\u00f3 ante el Congreso Americano de la Federaci\u00f3n Internacional de Automovilismo (FIA) que la Argentina cuenta con todas las condiciones necesarias para volver a albergar un Gran Premio de F\u00f3rmula 1 y una fecha del Rally Mundial. Este anuncio, recibido con benepl\u00e1cito por las autoridades internacionales del deporte motor, choca frontalmente con la realidad de la infraestructura vial del pa\u00eds y las prioridades sociales m\u00e1s urgentes.<\/p>\n\n\n\n<p class=\"wp-block-paragraph\">Mientras el Primer mandatario garantiza los recursos para la alta competencia, la red de rutas nacionales se encuentra en estado cr\u00edtico. Un reciente informe de la Auditor\u00eda General de la Naci\u00f3n y diversos fallos judiciales han puesto en evidencia la falta de mantenimiento, la paralizaci\u00f3n de obras y el peligro que representa transitar por numerosas v\u00edas federales. <\/p>\n\n\n\n<p class=\"wp-block-paragraph\">La situaci\u00f3n se agrava con el traspaso de responsabilidades y la falta de ejecuci\u00f3n de fondos asignados para Vialidad Nacional. El Poder Judicial ha intimado al Gobierno a garantizar la transitabilidad y seguridad de los caminos, pero la respuesta oficial parece ser desviar la atenci\u00f3n hacia eventos de lujo y alto perfil, desoyendo las necesidades de los contribuyentes que reclaman rutas seguras, no un aut\u00f3dromo para la \u00e9lite.<\/p>\n\n\n\n<!--nextpage-->\n\n\n\n<h3 class=\"wp-block-heading\">A modo de cierre (por ahora)<\/h3>\n\n\n\n<figure class=\"wp-block-image size-large\"><img loading=\"lazy\" decoding=\"async\" width=\"1024\" height=\"574\" src=\"https:\/\/locomociontv.org\/wp-content\/uploads\/2026\/08\/wp-17882195238122323361296766529704-1024x574.jpg\" alt=\"\" class=\"wp-image-40467\" srcset=\"https:\/\/locomociontv.org\/wp-content\/uploads\/2026\/08\/wp-17882195238122323361296766529704-1024x574.jpg 1024w, https:\/\/locomociontv.org\/wp-content\/uploads\/2026\/08\/wp-17882195238122323361296766529704-300x168.jpg 300w, https:\/\/locomociontv.org\/wp-content\/uploads\/2026\/08\/wp-17882195238122323361296766529704-768x430.jpg 768w, https:\/\/locomociontv.org\/wp-content\/uploads\/2026\/08\/wp-17882195238122323361296766529704-1536x861.jpg 1536w, https:\/\/locomociontv.org\/wp-content\/uploads\/2026\/08\/wp-17882195238122323361296766529704.jpg 2000w\" sizes=\"auto, (max-width: 1024px) 100vw, 1024px\" \/><\/figure>\n\n\n\n<p class=\"wp-block-paragraph\">Para la Argentina y para los pol\u00edticos los caminos son distintos. Vaca Muerta no es solamente la mejor fuente de ingresos de los Estados argentinos, seg\u00fan parece se encamina a que sus beneficiarios saqueadores sean adem\u00e1s los encargados de lo que alguna vez fue la obra p\u00fablica. <\/p>\n\n\n\n<p class=\"wp-block-paragraph\">Al parecer, los funcionarios est\u00e1n para llevarse su parte del saqueo y nada m\u00e1s. Gobernar no es algo de lo que se sientan concernidos estos se\u00f1ores<\/p>\n\n\n\n<p class=\"wp-block-paragraph\">El pacto vial firmado en los Estados Unidos por Figueroa no es m\u00e1s que la constataci\u00f3n de una subordinaci\u00f3n colonial expl\u00edcita. Convierte a la Provincia del Neuqu\u00e9n en un simple corredor de sacrificio al servicio de las multinacionales, donde la infraestructura y el progreso se miden exclusivamente en barriles exportados a costa de la devastaci\u00f3n de la Madre Tierra.<\/p>\n\n\n\n<p class=\"wp-block-paragraph\">En el caso del Presidente Milei, la decisi\u00f3n de promover la F\u00f3rmula 1 en medio de una crisis de infraestructura vial es un insulto a la inteligencia y seguridad de los argentinos. <\/p>\n\n\n\n<p class=\"wp-block-paragraph\">Javier Milei vuelve a demostrar que su br\u00fajula pol\u00edtica apunta a satisfacer a los sectores m\u00e1s pudientes y a los grandes eventos corporativos, mientras abandona a su suerte a los ciudadanos que sufren a diario el estado calamitoso de las rutas. <\/p>\n\n\n\n<p class=\"wp-block-paragraph\">No est\u00e1 interesado en ning\u00fan plan de desarrollo federal, solo en reafirmar de una gesti\u00f3n elitista que prioriza el espect\u00e1culo sobre la vida y el bienestar de la poblaci\u00f3n.<\/p>\n<div class=\"pdfprnt-buttons pdfprnt-buttons-post pdfprnt-bottom-right\"><a href=\"https:\/\/locomociontv.org\/index.php?rest_route=%2Fwp%2Fv2%2Fposts%2F40465&print=pdf\" class=\"pdfprnt-button pdfprnt-button-pdf\" target=\"_blank\" ><img decoding=\"async\" src=\"https:\/\/locomociontv.org\/wp-content\/plugins\/pdf-print\/images\/pdf.png\" alt=\"image_pdf\" title=\"View PDF\" \/><span class=\"pdfprnt-button-title pdfprnt-button-pdf-title\">Hacer PDF<\/span><\/a><a href=\"https:\/\/locomociontv.org\/index.php?rest_route=%2Fwp%2Fv2%2Fposts%2F40465&print=print\" class=\"pdfprnt-button pdfprnt-button-print\" target=\"_blank\" ><img decoding=\"async\" src=\"https:\/\/locomociontv.org\/wp-content\/plugins\/pdf-print\/images\/print.png\" alt=\"image_print\" title=\"Print Content\" \/><span class=\"pdfprnt-button-title pdfprnt-button-print-title\">Imprimir<\/span><\/a><\/div><p>Views: 5<\/p>","protected":false},"excerpt":{"rendered":"<p>El Presidente de la Naci\u00f3n, Javier Milei, y el Gobernador del Neuqu\u00e9n, Rolando Figueroa, son se\u00f1alados por priorizar los negocios corporativos y los grandes eventos internacionales \u2014como el automovilismo\u2014 por encima de la infraestructura vial y las necesidades b\u00e1sicas de la ciudadan\u00eda. Mientras se pactan inversiones a la medida de la industria petrolera en Houston, las rutas nacionales sufren un estado de abandono cr\u00edtico y desinversi\u00f3n.<\/p>\n<p>El Pacto Vial y Vaca Muerta: Se cuestiona la gira del gobernador provincial y la alianza estrat\u00e9gica con operadoras privadas, calificando a la infraestructura resultante como un corredor para la extracci\u00f3n intensiva y el ecocidio antes que un desarrollo soberano.<\/p>\n<p>Prioridades oficiales: Se critica la promoci\u00f3n de la F\u00f3rmula 1 y el Rally Mundial frente a la falta de mantenimiento en los caminos y el desinter\u00e9s por la seguridad de los ciudadanos de a pie.<\/p>\n<p>\ud83d\udce2 Suscribite a El Irreverente y Locomoci\u00f3n TV para no perderte nuestros contenidos.<\/p>\n<p>#Locomoci\u00f3nTV #VacaMuerta #Neuqu\u00e9n #InfraestructuraVial #Pol\u00edticaArgentina<\/p>\n","protected":false},"author":1,"featured_media":40467,"comment_status":"open","ping_status":"open","sticky":false,"template":"","format":"video","meta":{"footnotes":""},"categories":[1],"tags":[],"class_list":["post-40465","post","type-post","status-publish","format-video","has-post-thumbnail","hentry","category-sin-categoria","post_format-post-format-video","post-dark","post-wide","has-post-thumb"],"_links":{"self":[{"href":"https:\/\/locomociontv.org\/index.php?rest_route=\/wp\/v2\/posts\/40465","targetHints":{"allow":["GET"]}}],"collection":[{"href":"https:\/\/locomociontv.org\/index.php?rest_route=\/wp\/v2\/posts"}],"about":[{"href":"https:\/\/locomociontv.org\/index.php?rest_route=\/wp\/v2\/types\/post"}],"author":[{"embeddable":true,"href":"https:\/\/locomociontv.org\/index.php?rest_route=\/wp\/v2\/users\/1"}],"replies":[{"embeddable":true,"href":"https:\/\/locomociontv.org\/index.php?rest_route=%2Fwp%2Fv2%2Fcomments&post=40465"}],"version-history":[{"count":8,"href":"https:\/\/locomociontv.org\/index.php?rest_route=\/wp\/v2\/posts\/40465\/revisions"}],"predecessor-version":[{"id":40478,"href":"https:\/\/locomociontv.org\/index.php?rest_route=\/wp\/v2\/posts\/40465\/revisions\/40478"}],"wp:featuredmedia":[{"embeddable":true,"href":"https:\/\/locomociontv.org\/index.php?rest_route=\/wp\/v2\/media\/40467"}],"wp:attachment":[{"href":"https:\/\/locomociontv.org\/index.php?rest_route=%2Fwp%2Fv2%2Fmedia&parent=40465"}],"wp:term":[{"taxonomy":"category","embeddable":true,"href":"https:\/\/locomociontv.org\/index.php?rest_route=%2Fwp%2Fv2%2Fcategories&post=40465"},{"taxonomy":"post_tag","embeddable":true,"href":"https:\/\/locomociontv.org\/index.php?rest_route=%2Fwp%2Fv2%2Ftags&post=40465"}],"curies":[{"name":"wp","href":"https:\/\/api.w.org\/{rel}","templated":true}]}}