{"id":40447,"date":"2026-09-05T14:30:26","date_gmt":"2026-09-05T17:30:26","guid":{"rendered":"https:\/\/locomociontv.org\/?p=40447"},"modified":"2026-09-05T20:09:55","modified_gmt":"2026-09-05T23:09:55","slug":"locomocion-tv-noticias-116","status":"publish","type":"post","link":"https:\/\/locomociontv.org\/?p=40447","title":{"rendered":"Locomoci\u00f3n TV &#8211; Noticias #116"},"content":{"rendered":"\n<figure class=\"wp-block-embed is-type-video is-provider-youtube wp-block-embed-youtube wp-embed-aspect-4-3 wp-has-aspect-ratio\"><div class=\"wp-block-embed__wrapper\">\n<iframe loading=\"lazy\" title=\"Locomoci\u00f3n TV \u2013 Noticias #116\" width=\"613\" height=\"460\" src=\"https:\/\/www.youtube.com\/embed\/do2jaZ9sNvg?feature=oembed\" frameborder=\"0\" allow=\"accelerometer; autoplay; clipboard-write; encrypted-media; gyroscope; picture-in-picture; web-share\" referrerpolicy=\"strict-origin-when-cross-origin\" allowfullscreen><\/iframe>\n<\/div><\/figure>\n\n\n\n<!--nextpage-->\n\n\n\n<h3 class=\"wp-block-heading\">Introducci\u00f3n a la Emisi\u00f3n #116<\/h3>\n\n\n\n<figure class=\"wp-block-image size-full\"><img loading=\"lazy\" decoding=\"async\" width=\"960\" height=\"540\" src=\"https:\/\/locomociontv.org\/wp-content\/uploads\/2026\/08\/0116-CENT.png\" alt=\"\" class=\"wp-image-40448\" srcset=\"https:\/\/locomociontv.org\/wp-content\/uploads\/2026\/08\/0116-CENT.png 960w, https:\/\/locomociontv.org\/wp-content\/uploads\/2026\/08\/0116-CENT-300x169.png 300w, https:\/\/locomociontv.org\/wp-content\/uploads\/2026\/08\/0116-CENT-768x432.png 768w\" sizes=\"auto, (max-width: 960px) 100vw, 960px\" \/><\/figure>\n\n\n\n<p class=\"wp-block-paragraph\">Hola amigas y amigos:<\/p>\n\n\n\n<p class=\"wp-block-paragraph\">Sean bienvenides a la cent\u00e9sima d\u00e9cima sexta Emisi\u00f3n Regular de Locomoci\u00f3n TV &#8211; Noticias.<\/p>\n\n\n\n<p class=\"wp-block-paragraph\">Desde el Estudio \u00danico de Locomoci\u00f3n TV en la Ciudad Aut\u00f3noma de Buenos Aires, llegamos hasta ustedes luego de 7 d\u00edas desde nuestro \u00faltimo encuentro por estos medios.<\/p>\n\n\n\n<figure class=\"wp-block-image size-large\"><img loading=\"lazy\" decoding=\"async\" width=\"1024\" height=\"574\" src=\"https:\/\/locomociontv.org\/wp-content\/uploads\/2026\/09\/wp-17886276211721471170511688816249-1024x574.png\" alt=\"\" class=\"wp-image-40529\" srcset=\"https:\/\/locomociontv.org\/wp-content\/uploads\/2026\/09\/wp-17886276211721471170511688816249-1024x574.png 1024w, https:\/\/locomociontv.org\/wp-content\/uploads\/2026\/09\/wp-17886276211721471170511688816249-300x168.png 300w, https:\/\/locomociontv.org\/wp-content\/uploads\/2026\/09\/wp-17886276211721471170511688816249-768x430.png 768w, https:\/\/locomociontv.org\/wp-content\/uploads\/2026\/09\/wp-17886276211721471170511688816249-1536x861.png 1536w, https:\/\/locomociontv.org\/wp-content\/uploads\/2026\/09\/wp-17886276211721471170511688816249.png 2000w\" sizes=\"auto, (max-width: 1024px) 100vw, 1024px\" \/><\/figure>\n\n\n\n<p class=\"wp-block-paragraph\">La Causa Malvinas no es m\u00e1s que una pieza de negociaci\u00f3n en el tablero global: mientras Donald Trump la agita como moneda de cuero para extorsionar al Reino Unido en beneficio propio, el Presidente Javier Milei la utiliza como discurso de pura venta de humo para el consumo interno.<\/p>\n\n\n\n<figure class=\"wp-block-image size-large\"><img loading=\"lazy\" decoding=\"async\" width=\"1024\" height=\"574\" src=\"https:\/\/locomociontv.org\/wp-content\/uploads\/2026\/09\/wp-17886278554726565181352298023296-1024x574.png\" alt=\"\" class=\"wp-image-40531\" srcset=\"https:\/\/locomociontv.org\/wp-content\/uploads\/2026\/09\/wp-17886278554726565181352298023296-1024x574.png 1024w, https:\/\/locomociontv.org\/wp-content\/uploads\/2026\/09\/wp-17886278554726565181352298023296-300x168.png 300w, https:\/\/locomociontv.org\/wp-content\/uploads\/2026\/09\/wp-17886278554726565181352298023296-768x430.png 768w, https:\/\/locomociontv.org\/wp-content\/uploads\/2026\/09\/wp-17886278554726565181352298023296-1536x861.png 1536w, https:\/\/locomociontv.org\/wp-content\/uploads\/2026\/09\/wp-17886278554726565181352298023296.png 2000w\" sizes=\"auto, (max-width: 1024px) 100vw, 1024px\" \/><\/figure>\n\n\n\n<p class=\"wp-block-paragraph\">Los caminos de la Argentina ya no pertenecen al pueblo: mientras el gobernador neuquino Rolando Figueroa viaja a Houston a tercerizar la soberan\u00eda vial para las corporaciones petroleras, el Presidente Javier Milei prioriza el circo de la F\u00f3rmula 1 y desoye las rutas destruidas.<\/p>\n\n\n\n<p class=\"wp-block-paragraph\">Las v\u00edas de comunicaci\u00f3n del pa\u00eds pasaron a ser exclusivas para el saqueo y para quien pueda pagarlas.<\/p>\n\n\n\n<figure class=\"wp-block-image size-large\"><img loading=\"lazy\" decoding=\"async\" width=\"1024\" height=\"574\" src=\"https:\/\/locomociontv.org\/wp-content\/uploads\/2026\/09\/wp-1788627962196703234698840684157-1024x574.png\" alt=\"\" class=\"wp-image-40532\" srcset=\"https:\/\/locomociontv.org\/wp-content\/uploads\/2026\/09\/wp-1788627962196703234698840684157-1024x574.png 1024w, https:\/\/locomociontv.org\/wp-content\/uploads\/2026\/09\/wp-1788627962196703234698840684157-300x168.png 300w, https:\/\/locomociontv.org\/wp-content\/uploads\/2026\/09\/wp-1788627962196703234698840684157-768x430.png 768w, https:\/\/locomociontv.org\/wp-content\/uploads\/2026\/09\/wp-1788627962196703234698840684157-1536x861.png 1536w, https:\/\/locomociontv.org\/wp-content\/uploads\/2026\/09\/wp-1788627962196703234698840684157.png 2000w\" sizes=\"auto, (max-width: 1024px) 100vw, 1024px\" \/><\/figure>\n\n\n\n<p class=\"wp-block-paragraph\">Mientras se exige un ajuste criminal y una licuaci\u00f3n salarial a la gran mayor\u00eda, la casta pol\u00edtica blinda sus privilegios e incrementa su patrimonio.<\/p>\n\n\n\n<p class=\"wp-block-paragraph\">Lejos de la austeridad pregonada, la chequera estatal se abre sin titubeos para asegurar aumentos por encima de la inflaci\u00f3n a las fuerzas de represi\u00f3n y control interno.<\/p>\n\n\n\n<figure class=\"wp-block-image size-full\"><img loading=\"lazy\" decoding=\"async\" width=\"960\" height=\"540\" src=\"https:\/\/locomociontv.org\/wp-content\/uploads\/2026\/08\/0116-CENT.png\" alt=\"\" class=\"wp-image-40448\" srcset=\"https:\/\/locomociontv.org\/wp-content\/uploads\/2026\/08\/0116-CENT.png 960w, https:\/\/locomociontv.org\/wp-content\/uploads\/2026\/08\/0116-CENT-300x169.png 300w, https:\/\/locomociontv.org\/wp-content\/uploads\/2026\/08\/0116-CENT-768x432.png 768w\" sizes=\"auto, (max-width: 960px) 100vw, 960px\" \/><\/figure>\n\n\n\n<p class=\"wp-block-paragraph\">Pasen y vean que aqu\u00ed la Verdad no necesita ni toma prisioneros.<\/p>\n\n\n\n<!--nextpage-->\n\n\n\n<h3 class=\"wp-block-heading\">Causa Malvinas: Humo y monedas de cuero para todo el mundo<\/h3>\n\n\n\n<figure class=\"wp-block-image size-large\"><img loading=\"lazy\" decoding=\"async\" width=\"1024\" height=\"574\" src=\"https:\/\/locomociontv.org\/wp-content\/uploads\/2026\/09\/wp-17886276211721471170511688816249-1024x574.png\" alt=\"\" class=\"wp-image-40529\" srcset=\"https:\/\/locomociontv.org\/wp-content\/uploads\/2026\/09\/wp-17886276211721471170511688816249-1024x574.png 1024w, https:\/\/locomociontv.org\/wp-content\/uploads\/2026\/09\/wp-17886276211721471170511688816249-300x168.png 300w, https:\/\/locomociontv.org\/wp-content\/uploads\/2026\/09\/wp-17886276211721471170511688816249-768x430.png 768w, https:\/\/locomociontv.org\/wp-content\/uploads\/2026\/09\/wp-17886276211721471170511688816249-1536x861.png 1536w, https:\/\/locomociontv.org\/wp-content\/uploads\/2026\/09\/wp-17886276211721471170511688816249.png 2000w\" sizes=\"auto, (max-width: 1024px) 100vw, 1024px\" \/><\/figure>\n\n\n\n<p class=\"wp-block-paragraph\">La instrumentalizaci\u00f3n de nuestro reclamo soberano responde hoy a una l\u00f3gica de especulaci\u00f3n y latrocinio geopol\u00edtico. <\/p>\n\n\n\n<p class=\"wp-block-paragraph\">Por un lado, la administraci\u00f3n norteamericana utiliza la revisi\u00f3n del respaldo a la ocupaci\u00f3n brit\u00e1nica como un mecanismo de coerci\u00f3n para disciplinar a Londres y exigirle mayor inversi\u00f3n militar dentro de la OTAN. <\/p>\n\n\n\n<p class=\"wp-block-paragraph\">Pensar que Washington va a operar a favor de los intereses argentinos en el Atl\u00e1ntico Sur por afinidad ideol\u00f3gica es ignorar por completo el historial de una pol\u00edtica exterior estrictamente transaccional.<\/p>\n\n\n\n<p class=\"wp-block-paragraph\">Por otro lado, en el plano dom\u00e9stico, el discurso presidencial recicla promesas y anuncios de sanciones que terminan siendo inaplicables o de mero impacto superficial. <\/p>\n\n\n\n<p class=\"wp-block-paragraph\">Se enarbola una supuesta defensa de la soberan\u00eda al tiempo que se minimizan las consecuencias de la explotaci\u00f3n petrolera en la cuenca malvinense (como los proyectos de las firmas Rockhopper y Navitas Petroleum) y se apela a un relato efectista que busca mostrar firmeza hacia adentro mientras la realidad geopol\u00edtica permanece intacta.<\/p>\n\n\n\n<h3 class=\"wp-block-heading has-text-align-center\">\u00a1Vamos a los Informes!<\/h3>\n\n\n\n<figure class=\"wp-block-embed is-type-wp-embed is-provider-locomoci-n-tv wp-block-embed-locomoci-n-tv\"><div class=\"wp-block-embed__wrapper\">\n<blockquote class=\"wp-embedded-content\" data-secret=\"meMufoSiSn\"><a href=\"https:\/\/locomociontv.org\/?p=40452\">La Causa Malvinas como moneda de cuero para la Tribuna<\/a><\/blockquote><iframe loading=\"lazy\" class=\"wp-embedded-content\" sandbox=\"allow-scripts\" security=\"restricted\" style=\"position: absolute; visibility: hidden;\" title=\"\u201cLa Causa Malvinas como moneda de cuero para la Tribuna\u201d \u2014 Locomoci\u00f3n TV\" src=\"https:\/\/locomociontv.org\/?p=40452&amp;embed=true#?secret=RtJIPFHw8c#?secret=meMufoSiSn\" data-secret=\"meMufoSiSn\" width=\"600\" height=\"338\" frameborder=\"0\" marginwidth=\"0\" marginheight=\"0\" scrolling=\"no\"><\/iframe>\n<\/div><\/figure>\n\n\n\n<figure class=\"wp-block-embed is-type-wp-embed is-provider-locomoci-n-tv wp-block-embed-locomoci-n-tv\"><div class=\"wp-block-embed__wrapper\">\n<blockquote class=\"wp-embedded-content\" data-secret=\"bMpBGJ5yRG\"><a href=\"https:\/\/locomociontv.org\/?p=40513\">Causa Malvinas: un discurso presidencial y nada m\u00e1s que eso<\/a><\/blockquote><iframe loading=\"lazy\" class=\"wp-embedded-content\" sandbox=\"allow-scripts\" security=\"restricted\" style=\"position: absolute; visibility: hidden;\" title=\"\u201cCausa Malvinas: un discurso presidencial y nada m\u00e1s que eso\u201d \u2014 Locomoci\u00f3n TV\" src=\"https:\/\/locomociontv.org\/?p=40513&amp;embed=true#?secret=HA34bAdmCD#?secret=bMpBGJ5yRG\" data-secret=\"bMpBGJ5yRG\" width=\"600\" height=\"338\" frameborder=\"0\" marginwidth=\"0\" marginheight=\"0\" scrolling=\"no\"><\/iframe>\n<\/div><\/figure>\n\n\n\n<figure class=\"wp-block-image size-large\"><img loading=\"lazy\" decoding=\"async\" width=\"1024\" height=\"574\" src=\"https:\/\/locomociontv.org\/wp-content\/uploads\/2026\/09\/wp-17886276211721471170511688816249-1024x574.png\" alt=\"\" class=\"wp-image-40529\" srcset=\"https:\/\/locomociontv.org\/wp-content\/uploads\/2026\/09\/wp-17886276211721471170511688816249-1024x574.png 1024w, https:\/\/locomociontv.org\/wp-content\/uploads\/2026\/09\/wp-17886276211721471170511688816249-300x168.png 300w, https:\/\/locomociontv.org\/wp-content\/uploads\/2026\/09\/wp-17886276211721471170511688816249-768x430.png 768w, https:\/\/locomociontv.org\/wp-content\/uploads\/2026\/09\/wp-17886276211721471170511688816249-1536x861.png 1536w, https:\/\/locomociontv.org\/wp-content\/uploads\/2026\/09\/wp-17886276211721471170511688816249.png 2000w\" sizes=\"auto, (max-width: 1024px) 100vw, 1024px\" \/><\/figure>\n\n\n\n<p class=\"wp-block-paragraph\">Asociarse a las jugadas t\u00e1cticas de potencias en decadencia o conformarse con discursos vac\u00edos condena a la Argentina a ser un mero espectador de su propio despojo. <\/p>\n\n\n\n<p class=\"wp-block-paragraph\">Ninguna causa nacional de descolonizaci\u00f3n puede sostenerse sobre la base del oportunismo geopol\u00edtico y la pirotecnia verbal: se necesitan pol\u00edticas de Estado firmes y reales, no migajas de especulaci\u00f3n ni humo para la tribuna.<\/p>\n\n\n\n<!--nextpage-->\n\n\n\n<h3 class=\"wp-block-heading\">Los caminos de la Argentina son para quien los pague<\/h3>\n\n\n\n<figure class=\"wp-block-image size-large\"><img loading=\"lazy\" decoding=\"async\" width=\"1024\" height=\"574\" src=\"https:\/\/locomociontv.org\/wp-content\/uploads\/2026\/09\/wp-17886278554726565181352298023296-1024x574.png\" alt=\"\" class=\"wp-image-40531\" srcset=\"https:\/\/locomociontv.org\/wp-content\/uploads\/2026\/09\/wp-17886278554726565181352298023296-1024x574.png 1024w, https:\/\/locomociontv.org\/wp-content\/uploads\/2026\/09\/wp-17886278554726565181352298023296-300x168.png 300w, https:\/\/locomociontv.org\/wp-content\/uploads\/2026\/09\/wp-17886278554726565181352298023296-768x430.png 768w, https:\/\/locomociontv.org\/wp-content\/uploads\/2026\/09\/wp-17886278554726565181352298023296-1536x861.png 1536w, https:\/\/locomociontv.org\/wp-content\/uploads\/2026\/09\/wp-17886278554726565181352298023296.png 2000w\" sizes=\"auto, (max-width: 1024px) 100vw, 1024px\" \/><\/figure>\n\n\n\n<p class=\"wp-block-paragraph\">La gesti\u00f3n de los recursos y la infraestructura se alinea de manera obscena con los intereses extractivistas. <\/p>\n\n\n\n<p class=\"wp-block-paragraph\">En Neuqu\u00e9n, la gira de Figueroa por los Estados Unidos busca abrochar esquemas de inversi\u00f3n privada para construir rutas dise\u00f1adas exclusivamente a la medida de Vaca Muerta, convirtiendo a la provincia en un mero corredor de sacrificio al servicio del fracking y de las multinacionales, sin importar el pasivo ambiental ni el bienestar de las comunidades.<\/p>\n\n\n\n<p class=\"wp-block-paragraph\">Por su parte, el Presidente Milei ratifica su desprecio por la obra p\u00fablica b\u00e1sica mientras garantiza condiciones para el retorno de eventos de \u00e9lite como el automovilismo internacional.<\/p>\n\n\n\n<p class=\"wp-block-paragraph\">Mientras la red de rutas nacionales se encuentra en estado cr\u00edtico (con tramos intransitables y fallos judiciales que exigen reparaciones urgentes) el Estado opta por el abandono sistem\u00e1tico y desv\u00eda la atenci\u00f3n hacia el espect\u00e1culo, demostrando que para la administraci\u00f3n central la seguridad del ciudadano de a pie es un costo prescindible.<\/p>\n\n\n\n<h3 class=\"wp-block-heading has-text-align-center\">\u00a1Vamos a las Im\u00e1genes!<\/h3>\n\n\n\n<figure class=\"wp-block-embed is-type-wp-embed is-provider-locomoci-n-tv wp-block-embed-locomoci-n-tv\"><div class=\"wp-block-embed__wrapper\">\n<blockquote class=\"wp-embedded-content\" data-secret=\"K5bHbPxMH5\"><a href=\"https:\/\/locomociontv.org\/?p=40465\">Los caminos de la Argentina son para quien los pague<\/a><\/blockquote><iframe loading=\"lazy\" class=\"wp-embedded-content\" sandbox=\"allow-scripts\" security=\"restricted\" style=\"position: absolute; visibility: hidden;\" title=\"\u201cLos caminos de la Argentina son para quien los pague\u201d \u2014 Locomoci\u00f3n TV\" src=\"https:\/\/locomociontv.org\/?p=40465&amp;embed=true#?secret=thmSi7MAoC#?secret=K5bHbPxMH5\" data-secret=\"K5bHbPxMH5\" width=\"600\" height=\"338\" frameborder=\"0\" marginwidth=\"0\" marginheight=\"0\" scrolling=\"no\"><\/iframe>\n<\/div><\/figure>\n\n\n\n<figure class=\"wp-block-image size-large\"><img loading=\"lazy\" decoding=\"async\" width=\"1024\" height=\"574\" src=\"https:\/\/locomociontv.org\/wp-content\/uploads\/2026\/09\/wp-17886278554726565181352298023296-1024x574.png\" alt=\"\" class=\"wp-image-40531\" srcset=\"https:\/\/locomociontv.org\/wp-content\/uploads\/2026\/09\/wp-17886278554726565181352298023296-1024x574.png 1024w, https:\/\/locomociontv.org\/wp-content\/uploads\/2026\/09\/wp-17886278554726565181352298023296-300x168.png 300w, https:\/\/locomociontv.org\/wp-content\/uploads\/2026\/09\/wp-17886278554726565181352298023296-768x430.png 768w, https:\/\/locomociontv.org\/wp-content\/uploads\/2026\/09\/wp-17886278554726565181352298023296-1536x861.png 1536w, https:\/\/locomociontv.org\/wp-content\/uploads\/2026\/09\/wp-17886278554726565181352298023296.png 2000w\" sizes=\"auto, (max-width: 1024px) 100vw, 1024px\" \/><\/figure>\n\n\n\n<p class=\"wp-block-paragraph\">El modelo vial que imponen tanto los gobernadores provinciales como el poder central confirma una subordinaci\u00f3n colonial expl\u00edcita. <\/p>\n\n\n\n<p class=\"wp-block-paragraph\">Se gobierna para las corporaciones y los fondos extranjeros, transformando el territorio en una zona de extracci\u00f3n y a las rutas en privilegios de casta. Sin planificaci\u00f3n federal ni soberan\u00eda sobre el suelo, gobernar se ha reducido a facilitar el despojo y garantizar el circo mientras el pa\u00eds se desmorona.<\/p>\n\n\n\n<!--nextpage-->\n\n\n\n<h3 class=\"wp-block-heading\">La Casta crece y asegura palos para proteger el privilegio<\/h3>\n\n\n\n<figure class=\"wp-block-image size-large\"><img loading=\"lazy\" decoding=\"async\" width=\"1024\" height=\"574\" src=\"https:\/\/locomociontv.org\/wp-content\/uploads\/2026\/09\/wp-1788627962196703234698840684157-1024x574.png\" alt=\"\" class=\"wp-image-40532\" srcset=\"https:\/\/locomociontv.org\/wp-content\/uploads\/2026\/09\/wp-1788627962196703234698840684157-1024x574.png 1024w, https:\/\/locomociontv.org\/wp-content\/uploads\/2026\/09\/wp-1788627962196703234698840684157-300x168.png 300w, https:\/\/locomociontv.org\/wp-content\/uploads\/2026\/09\/wp-1788627962196703234698840684157-768x430.png 768w, https:\/\/locomociontv.org\/wp-content\/uploads\/2026\/09\/wp-1788627962196703234698840684157-1536x861.png 1536w, https:\/\/locomociontv.org\/wp-content\/uploads\/2026\/09\/wp-1788627962196703234698840684157.png 2000w\" sizes=\"auto, (max-width: 1024px) 100vw, 1024px\" \/><\/figure>\n\n\n\n<p class=\"wp-block-paragraph\">La presentaci\u00f3n formal de las declaraciones juradas del ejercicio 2025 dej\u00f3 al descubierto los n\u00fameros patrimoniales de la c\u00fapula del poder. Los bienes del Presidente Javier Milei treparon a casi 295 millones de pesos, mientras que el patrimonio de su hermana Karina Milei se triplic\u00f3, impulsado por la revaluaci\u00f3n de inmuebles y la incorporaci\u00f3n de cuentas virtuales que abren la puerta a futuros blanqueos.<\/p>\n\n\n\n<p class=\"wp-block-paragraph\">Sin embargo, el esc\u00e1ndalo mayor recae sobre el ministro de Econom\u00eda, Luis Caputo: el 95,3% de sus ahorros est\u00e1n depositados fuera del pa\u00eds, demostrando que predica una confianza en la econom\u00eda nacional que \u00e9l mismo jam\u00e1s convalida con su dinero.<\/p>\n\n\n\n<p class=\"wp-block-paragraph\">En paralelo a este festival de privilegios y contabilidad protegida, el gobierno implementa aumentos salariales para el personal militar y las fuerzas federales de seguridad que superan la pauta inflacionaria prevista. <\/p>\n\n\n\n<p class=\"wp-block-paragraph\">Mientras se desfinancian las necesidades b\u00e1sicas de jubilados, docentes y trabajadores estatales, el Estado prioriza la inversi\u00f3n en &#8220;palos y balas&#8221; para blindar el modelo de ajuste frente al descontento social.<\/p>\n\n\n\n<h3 class=\"wp-block-heading has-text-align-center\">\u00a1Vamos a las Im\u00e1genes!<\/h3>\n\n\n\n<figure class=\"wp-block-embed is-type-wp-embed is-provider-locomoci-n-tv wp-block-embed-locomoci-n-tv\"><div class=\"wp-block-embed__wrapper\">\n<blockquote class=\"wp-embedded-content\" data-secret=\"dZ19UJ9aEd\"><a href=\"https:\/\/locomociontv.org\/?p=40480\">La Casta crece y asegura palos para proteger el privilegio<\/a><\/blockquote><iframe loading=\"lazy\" class=\"wp-embedded-content\" sandbox=\"allow-scripts\" security=\"restricted\" style=\"position: absolute; visibility: hidden;\" title=\"\u201cLa Casta crece y asegura palos para proteger el privilegio\u201d \u2014 Locomoci\u00f3n TV\" src=\"https:\/\/locomociontv.org\/?p=40480&amp;embed=true#?secret=1CpQaOzths#?secret=dZ19UJ9aEd\" data-secret=\"dZ19UJ9aEd\" width=\"600\" height=\"338\" frameborder=\"0\" marginwidth=\"0\" marginheight=\"0\" scrolling=\"no\"><\/iframe>\n<\/div><\/figure>\n\n\n\n<figure class=\"wp-block-image size-large\"><img loading=\"lazy\" decoding=\"async\" width=\"1024\" height=\"574\" src=\"https:\/\/locomociontv.org\/wp-content\/uploads\/2026\/09\/wp-1788627962196703234698840684157-1024x574.png\" alt=\"\" class=\"wp-image-40532\" srcset=\"https:\/\/locomociontv.org\/wp-content\/uploads\/2026\/09\/wp-1788627962196703234698840684157-1024x574.png 1024w, https:\/\/locomociontv.org\/wp-content\/uploads\/2026\/09\/wp-1788627962196703234698840684157-300x168.png 300w, https:\/\/locomociontv.org\/wp-content\/uploads\/2026\/09\/wp-1788627962196703234698840684157-768x430.png 768w, https:\/\/locomociontv.org\/wp-content\/uploads\/2026\/09\/wp-1788627962196703234698840684157-1536x861.png 1536w, https:\/\/locomociontv.org\/wp-content\/uploads\/2026\/09\/wp-1788627962196703234698840684157.png 2000w\" sizes=\"auto, (max-width: 1024px) 100vw, 1024px\" \/><\/figure>\n\n\n\n<p class=\"wp-block-paragraph\">La contabilidad oficial y el relato oficialista se empe\u00f1an en mostrar una normalidad inexistente mientras la calle sufre las consecuencias del ahogo econ\u00f3mico.<\/p>\n\n\n\n<p class=\"wp-block-paragraph\">La ecuaci\u00f3n del poder es obscena: se ajusta con crueldad a los sectores vulnerables bajo el dogma del equilibrio fiscal, pero el presupuesto se vuelve flexible y patri\u00f3tico cuando se trata de asegurar el m\u00fasculo represivo y garantizar la seguridad financiera de los propios funcionarios.<\/p>\n\n\n\n<!--nextpage-->\n\n\n\n<h3 class=\"wp-block-heading\">Cierre de la Emisi\u00f3n #116<\/h3>\n\n\n\n<figure class=\"wp-block-image size-full\"><img loading=\"lazy\" decoding=\"async\" width=\"960\" height=\"540\" src=\"https:\/\/locomociontv.org\/wp-content\/uploads\/2026\/08\/0116-CHAU.png\" alt=\"\" class=\"wp-image-40449\" srcset=\"https:\/\/locomociontv.org\/wp-content\/uploads\/2026\/08\/0116-CHAU.png 960w, https:\/\/locomociontv.org\/wp-content\/uploads\/2026\/08\/0116-CHAU-300x169.png 300w, https:\/\/locomociontv.org\/wp-content\/uploads\/2026\/08\/0116-CHAU-768x432.png 768w\" sizes=\"auto, (max-width: 960px) 100vw, 960px\" \/><\/figure>\n\n\n\n<p class=\"wp-block-paragraph\">Hasta aqu\u00ed llegamos con esta cent\u00e9sima d\u00e9cima sexta Emisi\u00f3n Regular de Locomoci\u00f3n TV &#8211; Noticias, la que esperamos haya sido de vuestro agrado.<\/p>\n\n\n\n<p class=\"wp-block-paragraph\">Sin otro particular, ser\u00e1 hasta la pr\u00f3xima, amigas y amigos.<\/p>\n<div class=\"pdfprnt-buttons pdfprnt-buttons-post pdfprnt-bottom-right\"><a href=\"https:\/\/locomociontv.org\/index.php?rest_route=%2Fwp%2Fv2%2Fposts%2F40447&print=pdf\" class=\"pdfprnt-button pdfprnt-button-pdf\" target=\"_blank\" ><img decoding=\"async\" src=\"https:\/\/locomociontv.org\/wp-content\/plugins\/pdf-print\/images\/pdf.png\" alt=\"image_pdf\" title=\"View PDF\" \/><span class=\"pdfprnt-button-title pdfprnt-button-pdf-title\">Hacer PDF<\/span><\/a><a href=\"https:\/\/locomociontv.org\/index.php?rest_route=%2Fwp%2Fv2%2Fposts%2F40447&print=print\" class=\"pdfprnt-button pdfprnt-button-print\" target=\"_blank\" ><img decoding=\"async\" src=\"https:\/\/locomociontv.org\/wp-content\/plugins\/pdf-print\/images\/print.png\" alt=\"image_print\" title=\"Print Content\" \/><span class=\"pdfprnt-button-title pdfprnt-button-print-title\">Imprimir<\/span><\/a><\/div><p>Views: 17<\/p>","protected":false},"excerpt":{"rendered":"<p>En esta 116\u00aa emisi\u00f3n de Locomoci\u00f3n TV \u2013 Noticias, el an\u00e1lisis se centra en tres ejes principales de la coyuntura pol\u00edtica y econ\u00f3mica:<\/p>\n<p>La causa Malvinas como moneda de cuero universal: Se expone c\u00f3mo la administraci\u00f3n estadounidense utiliza la revisi\u00f3n del respaldo a la ocupaci\u00f3n brit\u00e1nica como un mecanismo de presi\u00f3n y extorsi\u00f3n hacia el Reino Unido dentro de la OTAN. A la par, se se\u00f1ala que el gobierno de Javier Milei utiliza el reclamo soberano como un discurso puramente efectista para consumo interno, sin una estrategia real, mientras minimiza los proyectos extractivistas petroleros en la cuenca malvinense.<\/p>\n<p>Rutas destruidas vs. prioridades de la \u00e9lite: Por un lado, se critica la gira del gobernador neuquino Rolando Figueroa a Estados Unidos para buscar inversiones privadas que adapten la infraestructura vial exclusivamente al servicio de Vaca Muerta y el fracking. Por el otro, se contrasta esto con la desidia generalizada en la red de rutas nacionales y la decisi\u00f3n del gobierno nacional de priorizar el regreso de la F\u00f3rmula 1 y eventos de \u00e9lite antes que la seguridad vial de los ciudadanos.<\/p>\n<p>Patrimonios oficiales y blindaje represivo: Se detallan las declaraciones juradas del ejercicio 2025, destacando que el ministro de econom\u00eda, Luis Caputo, tiene m\u00e1s del 95% de sus ahorros fuera del pa\u00eds mientras predica confianza en la econom\u00eda local. Asimismo, se contrasta el ajuste a jubilados y trabajadores con el incremento presupuestario y salarial por encima de la inflaci\u00f3n otorgado a las fuerzas armadas y de seguridad federales para blindar el modelo.<\/p>\n<p>\ud83d\udce2 Suscribite a Locomoci\u00f3n TV para no perderte nuestros contenidos.<\/p>\n<p>#Locomoci\u00f3nTV #Malvinas #VacaMuerta #LuisCaputo #Pol\u00edticaArgentina #Noticias<\/p>\n","protected":false},"author":1,"featured_media":40448,"comment_status":"open","ping_status":"open","sticky":false,"template":"","format":"video","meta":{"footnotes":""},"categories":[1],"tags":[],"class_list":["post-40447","post","type-post","status-publish","format-video","has-post-thumbnail","hentry","category-sin-categoria","post_format-post-format-video","post-dark","post-wide","has-post-thumb"],"_links":{"self":[{"href":"https:\/\/locomociontv.org\/index.php?rest_route=\/wp\/v2\/posts\/40447","targetHints":{"allow":["GET"]}}],"collection":[{"href":"https:\/\/locomociontv.org\/index.php?rest_route=\/wp\/v2\/posts"}],"about":[{"href":"https:\/\/locomociontv.org\/index.php?rest_route=\/wp\/v2\/types\/post"}],"author":[{"embeddable":true,"href":"https:\/\/locomociontv.org\/index.php?rest_route=\/wp\/v2\/users\/1"}],"replies":[{"embeddable":true,"href":"https:\/\/locomociontv.org\/index.php?rest_route=%2Fwp%2Fv2%2Fcomments&post=40447"}],"version-history":[{"count":10,"href":"https:\/\/locomociontv.org\/index.php?rest_route=\/wp\/v2\/posts\/40447\/revisions"}],"predecessor-version":[{"id":40545,"href":"https:\/\/locomociontv.org\/index.php?rest_route=\/wp\/v2\/posts\/40447\/revisions\/40545"}],"wp:featuredmedia":[{"embeddable":true,"href":"https:\/\/locomociontv.org\/index.php?rest_route=\/wp\/v2\/media\/40448"}],"wp:attachment":[{"href":"https:\/\/locomociontv.org\/index.php?rest_route=%2Fwp%2Fv2%2Fmedia&parent=40447"}],"wp:term":[{"taxonomy":"category","embeddable":true,"href":"https:\/\/locomociontv.org\/index.php?rest_route=%2Fwp%2Fv2%2Fcategories&post=40447"},{"taxonomy":"post_tag","embeddable":true,"href":"https:\/\/locomociontv.org\/index.php?rest_route=%2Fwp%2Fv2%2Ftags&post=40447"}],"curies":[{"name":"wp","href":"https:\/\/api.w.org\/{rel}","templated":true}]}}