{"id":38779,"date":"2026-04-28T09:32:24","date_gmt":"2026-04-28T12:32:24","guid":{"rendered":"https:\/\/locomociontv.org\/?p=38779"},"modified":"2026-04-28T09:32:25","modified_gmt":"2026-04-28T12:32:25","slug":"milei-vive-en-su-mundo-donde-lo-premian-sin-preguntar-mucho","status":"publish","type":"post","link":"https:\/\/locomociontv.org\/?p=38779","title":{"rendered":"MILEI VIVE EN SU MUNDO, DONDE LO PREMIAN SIN PREGUNTAR MUCHO"},"content":{"rendered":"\n<h3 class=\"wp-block-heading\">Introducci\u00f3n al Informe<\/h3>\n\n\n\n<figure class=\"wp-block-image size-large\"><img loading=\"lazy\" decoding=\"async\" width=\"1024\" height=\"576\" src=\"https:\/\/locomociontv.org\/wp-content\/uploads\/2026\/04\/cover17773760016636061739200151968396-1024x576.jpg\" alt=\"\" class=\"wp-image-38787\" srcset=\"https:\/\/locomociontv.org\/wp-content\/uploads\/2026\/04\/cover17773760016636061739200151968396-1024x576.jpg 1024w, https:\/\/locomociontv.org\/wp-content\/uploads\/2026\/04\/cover17773760016636061739200151968396-300x169.jpg 300w, https:\/\/locomociontv.org\/wp-content\/uploads\/2026\/04\/cover17773760016636061739200151968396-768x432.jpg 768w, https:\/\/locomociontv.org\/wp-content\/uploads\/2026\/04\/cover17773760016636061739200151968396.jpg 1080w\" sizes=\"auto, (max-width: 1024px) 100vw, 1024px\" \/><\/figure>\n\n\n\n<p>El 27 de abril de 2026, la Fundaci\u00f3n Libertad galardon\u00f3 a Javier Milei en una cena de gala que funcion\u00f3 como un b\u00fanker frente a la realidad social. <\/p>\n\n\n\n<p>En un discurso de 6.500 palabras cargado de dogmatismo austr\u00edaco y bravuconer\u00eda, el Presidente ratific\u00f3 el ajuste m\u00e1s brutal de la historia bajo una l\u00f3gica de crueldad extrema: sostuvo que la falta de &#8220;muertos en la calle&#8221; es la evidencia cient\u00edfica de que la gente llega a fin de mes. <\/p>\n\n\n\n<p>Un an\u00e1lisis sobre la desconexi\u00f3n total del Le\u00f3n, su sumisi\u00f3n al eje Trump-Musk y la construcci\u00f3n de un mundo paralelo donde el 11% de crecimiento y el &#8220;PBI r\u00e9cord&#8221; solo existen en su relato, mientras la industria y las pymes se desintegran.<\/p>\n\n\n\n<!--nextpage-->\n\n\n\n<h3 class=\"wp-block-heading\">Lo que pas\u00f3 en la Cena de la Fundaci\u00f3n Libertad con Milei<\/h3>\n\n\n\n<figure class=\"wp-block-image size-large\"><img loading=\"lazy\" decoding=\"async\" width=\"1024\" height=\"576\" src=\"https:\/\/locomociontv.org\/wp-content\/uploads\/2026\/04\/cover17773760117287793444438866052450-1024x576.jpg\" alt=\"\" class=\"wp-image-38786\" srcset=\"https:\/\/locomociontv.org\/wp-content\/uploads\/2026\/04\/cover17773760117287793444438866052450-1024x576.jpg 1024w, https:\/\/locomociontv.org\/wp-content\/uploads\/2026\/04\/cover17773760117287793444438866052450-300x169.jpg 300w, https:\/\/locomociontv.org\/wp-content\/uploads\/2026\/04\/cover17773760117287793444438866052450-768x432.jpg 768w, https:\/\/locomociontv.org\/wp-content\/uploads\/2026\/04\/cover17773760117287793444438866052450.jpg 1080w\" sizes=\"auto, (max-width: 1024px) 100vw, 1024px\" \/><\/figure>\n\n\n\n<p>Lo que vimos en la Fundaci\u00f3n Libertad no fue un discurso de Estado, sino una catarsis de egolatr\u00eda de 6.500 palabras financiada por el C\u00edrculo Rojo. Javier Milei se sinti\u00f3 en casa, rodeado de un auditorio de etiqueta que aplaud\u00eda cada vez que el Presidente calificaba al Estado como una &#8220;organizaci\u00f3n criminal&#8221;. All\u00ed, tras recibir el premio de manos de Gerardo Bongiovanni, el Le\u00f3n sac\u00f3 a relucir su verdadera esencia: la de un mat\u00f3n de sal\u00f3n que usa la teor\u00eda econ\u00f3mica de Rothbard y Mises para tapar la miseria que genera su gesti\u00f3n.<\/p>\n\n\n\n<p>La crueldad dial\u00e9ctica alcanz\u00f3 su pico m\u00e1ximo cuando Milei intent\u00f3 justificar el ajuste con una l\u00f3gica perversa: afirm\u00f3 que &#8220;si la gente no llegara a fin de mes, ya se habr\u00eda muerto&#8221;, y que como no ve &#8220;muertos en la calle&#8221;, su plan es un \u00e9xito cient\u00edfico. Es el cinismo elevado a pol\u00edtica de Estado, donde la &#8220;libertad de precios&#8221; es sagrada aunque signifique que millones queden fuera del plato. Mientras tanto, el Presidente llam\u00f3 &#8220;contadores de nubes&#8221; y &#8220;mandriles&#8221; a los estad\u00edsticos y economistas que se atreven a se\u00f1alar la ca\u00edda del 15% del PBI industrial y el cierre masivo de pymes.<\/p>\n\n\n\n<p>Su sumisi\u00f3n al eje de Donald Trump y Elon Musk fue obscena; habl\u00f3 de la &#8220;Libertad de los Gigantes&#8221; para validar que su pol\u00edtica exterior se escribe en el extranjero. En ese mundo paralelo donde vive el Presidente, la econom\u00eda crece un 11% y el PBI est\u00e1 en su pico m\u00e1ximo, ignorando que esa &#8220;libertad&#8221; que tanto pregona es, en realidad, el permiso para que los mismos de siempre sigan saqueando sin controles mientras \u00e9l discursea para los convencidos de un zool\u00f3gico que lo protege de la realidad de la calle.<\/p>\n\n\n\n<h3 class=\"wp-block-heading has-text-align-center\">\u00a1Vamos a las im\u00e1genes!<\/h3>\n\n\n\n<figure class=\"wp-block-video\"><video height=\"320\" style=\"aspect-ratio: 568 \/ 320;\" width=\"568\" controls src=\"https:\/\/locomociontv.org\/wp-content\/uploads\/2026\/04\/Video.Guru_20260428_0902429851.mp4\"><\/video><\/figure>\n\n\n\n<!--nextpage-->\n\n\n\n<h3 class=\"wp-block-heading\">A modo de cierre<\/h3>\n\n\n\n<figure class=\"wp-block-image size-large\"><img loading=\"lazy\" decoding=\"async\" width=\"1024\" height=\"576\" src=\"https:\/\/locomociontv.org\/wp-content\/uploads\/2026\/04\/cover17773760333743968948101318177159-1024x576.jpg\" alt=\"\" class=\"wp-image-38785\" srcset=\"https:\/\/locomociontv.org\/wp-content\/uploads\/2026\/04\/cover17773760333743968948101318177159-1024x576.jpg 1024w, https:\/\/locomociontv.org\/wp-content\/uploads\/2026\/04\/cover17773760333743968948101318177159-300x169.jpg 300w, https:\/\/locomociontv.org\/wp-content\/uploads\/2026\/04\/cover17773760333743968948101318177159-768x432.jpg 768w, https:\/\/locomociontv.org\/wp-content\/uploads\/2026\/04\/cover17773760333743968948101318177159.jpg 1080w\" sizes=\"auto, (max-width: 1024px) 100vw, 1024px\" \/><\/figure>\n\n\n\n<p>Javier Milei en su h\u00e1bitat natural, premiado por los suyos mientras el pa\u00eds afuera cruje. El &#8220;Premio Libertad&#8221; es el seguro de vida de una casta que encontr\u00f3 en el Le\u00f3n al ejecutor perfecto de sus negocios. No es libertad lo que promueven, es el derecho al saqueo con guante blanco. <\/p>\n\n\n\n<p>Mientras ellos celebran en cenas de gala, nosotros seguimos del lado correcto de la mecha, registrando la entrega de un gobierno que cree que gobernar es dar palos y llamar a eso libertad. <\/p>\n\n\n\n<p>La historia no se escribe en salones de etiqueta, se escribe en la calle, y all\u00ed el Le\u00f3n no tiene quien lo premie.<\/p>\n<div class=\"pdfprnt-buttons pdfprnt-buttons-post pdfprnt-bottom-right\"><a href=\"https:\/\/locomociontv.org\/index.php?rest_route=%2Fwp%2Fv2%2Fposts%2F38779&print=pdf\" class=\"pdfprnt-button pdfprnt-button-pdf\" target=\"_blank\" ><img decoding=\"async\" src=\"https:\/\/locomociontv.org\/wp-content\/plugins\/pdf-print\/images\/pdf.png\" alt=\"image_pdf\" title=\"View PDF\" \/><span class=\"pdfprnt-button-title pdfprnt-button-pdf-title\">Hacer PDF<\/span><\/a><a href=\"https:\/\/locomociontv.org\/index.php?rest_route=%2Fwp%2Fv2%2Fposts%2F38779&print=print\" class=\"pdfprnt-button pdfprnt-button-print\" target=\"_blank\" ><img decoding=\"async\" src=\"https:\/\/locomociontv.org\/wp-content\/plugins\/pdf-print\/images\/print.png\" alt=\"image_print\" title=\"Print Content\" \/><span class=\"pdfprnt-button-title pdfprnt-button-print-title\">Imprimir<\/span><\/a><\/div><p>Views: 0<\/p>","protected":false},"excerpt":{"rendered":"<p>El 27 de abril de 2026, la Fundaci\u00f3n Libertad galardon\u00f3 a Javier Milei en una cena de gala que funcion\u00f3 como un b\u00fanker frente a la realidad social. En un discurso de 6.500 palabras cargado de dogmatismo austr\u00edaco y bravuconer\u00eda, el Presidente ratific\u00f3 el ajuste m\u00e1s brutal de la historia bajo una l\u00f3gica de crueldad extrema: sostuvo que la falta de &#8220;muertos en la calle&#8221; es la evidencia cient\u00edfica de que la gente llega a fin de mes. Un an\u00e1lisis sobre la desconexi\u00f3n total del Le\u00f3n, su sumisi\u00f3n al eje Trump-Musk y la construcci\u00f3n de un mundo paralelo donde el 11% de crecimiento y el &#8220;PBI r\u00e9cord&#8221; solo existen en su relato, mientras la industria y las pymes se desintegran.<\/p>\n","protected":false},"author":1,"featured_media":38787,"comment_status":"open","ping_status":"open","sticky":false,"template":"","format":"video","meta":{"footnotes":""},"categories":[1],"tags":[],"class_list":["post-38779","post","type-post","status-publish","format-video","has-post-thumbnail","hentry","category-sin-categoria","post_format-post-format-video","post-dark","post-wide","has-post-thumb"],"_links":{"self":[{"href":"https:\/\/locomociontv.org\/index.php?rest_route=\/wp\/v2\/posts\/38779","targetHints":{"allow":["GET"]}}],"collection":[{"href":"https:\/\/locomociontv.org\/index.php?rest_route=\/wp\/v2\/posts"}],"about":[{"href":"https:\/\/locomociontv.org\/index.php?rest_route=\/wp\/v2\/types\/post"}],"author":[{"embeddable":true,"href":"https:\/\/locomociontv.org\/index.php?rest_route=\/wp\/v2\/users\/1"}],"replies":[{"embeddable":true,"href":"https:\/\/locomociontv.org\/index.php?rest_route=%2Fwp%2Fv2%2Fcomments&post=38779"}],"version-history":[{"count":5,"href":"https:\/\/locomociontv.org\/index.php?rest_route=\/wp\/v2\/posts\/38779\/revisions"}],"predecessor-version":[{"id":38792,"href":"https:\/\/locomociontv.org\/index.php?rest_route=\/wp\/v2\/posts\/38779\/revisions\/38792"}],"wp:featuredmedia":[{"embeddable":true,"href":"https:\/\/locomociontv.org\/index.php?rest_route=\/wp\/v2\/media\/38787"}],"wp:attachment":[{"href":"https:\/\/locomociontv.org\/index.php?rest_route=%2Fwp%2Fv2%2Fmedia&parent=38779"}],"wp:term":[{"taxonomy":"category","embeddable":true,"href":"https:\/\/locomociontv.org\/index.php?rest_route=%2Fwp%2Fv2%2Fcategories&post=38779"},{"taxonomy":"post_tag","embeddable":true,"href":"https:\/\/locomociontv.org\/index.php?rest_route=%2Fwp%2Fv2%2Ftags&post=38779"}],"curies":[{"name":"wp","href":"https:\/\/api.w.org\/{rel}","templated":true}]}}