{"id":38687,"date":"2026-04-27T08:27:32","date_gmt":"2026-04-27T11:27:32","guid":{"rendered":"https:\/\/locomociontv.org\/?p=38687"},"modified":"2026-04-28T04:40:42","modified_gmt":"2026-04-28T07:40:42","slug":"el-irreverente-62","status":"publish","type":"post","link":"https:\/\/locomociontv.org\/?p=38687","title":{"rendered":"El Irreverente #62"},"content":{"rendered":"\n<figure class=\"wp-block-embed is-type-video is-provider-youtube wp-block-embed-youtube wp-embed-aspect-16-9 wp-has-aspect-ratio\"><div class=\"wp-block-embed__wrapper\">\n<iframe loading=\"lazy\" title=\"El Irreverente #62\" width=\"818\" height=\"460\" src=\"https:\/\/www.youtube.com\/embed\/YIgP5mTXxy4?feature=oembed\" frameborder=\"0\" allow=\"accelerometer; autoplay; clipboard-write; encrypted-media; gyroscope; picture-in-picture; web-share\" referrerpolicy=\"strict-origin-when-cross-origin\" allowfullscreen><\/iframe>\n<\/div><\/figure>\n\n\n\n<!--nextpage-->\n\n\n\n<h3 class=\"wp-block-heading\">Introducci\u00f3n a la Emisi\u00f3n #62<\/h3>\n\n\n\n<figure class=\"wp-block-image size-large\"><img loading=\"lazy\" decoding=\"async\" width=\"1024\" height=\"574\" src=\"https:\/\/locomociontv.org\/wp-content\/uploads\/2026\/04\/wp-17772886622502742571685533634310-1024x574.jpg\" alt=\"\" class=\"wp-image-38767\" srcset=\"https:\/\/locomociontv.org\/wp-content\/uploads\/2026\/04\/wp-17772886622502742571685533634310-1024x574.jpg 1024w, https:\/\/locomociontv.org\/wp-content\/uploads\/2026\/04\/wp-17772886622502742571685533634310-300x168.jpg 300w, https:\/\/locomociontv.org\/wp-content\/uploads\/2026\/04\/wp-17772886622502742571685533634310-768x430.jpg 768w, https:\/\/locomociontv.org\/wp-content\/uploads\/2026\/04\/wp-17772886622502742571685533634310-1536x861.jpg 1536w, https:\/\/locomociontv.org\/wp-content\/uploads\/2026\/04\/wp-17772886622502742571685533634310.jpg 2000w\" sizes=\"auto, (max-width: 1024px) 100vw, 1024px\" \/><\/figure>\n\n\n\n<p>Hola amigas y amigos:<br>Sean bienvenides a la Sexag\u00e9sima Segunda Emisi\u00f3n Regular de El Irreverente.<br>Desde el Estudio \u00danico de Locomoci\u00f3n TV en la Ciudad Aut\u00f3noma de Buenos Aires, llegamos hasta ustedes luego de 11 d\u00edas desde nuestro \u00faltimo encuentro por estos medios.<\/p>\n\n\n\n<p>\u00bfTan seguidos? Excepcionalmente, s\u00ed. No no por abundancia de pauta, si no por el propio peso de esa pauta tan din\u00e1mica como mon\u00f3tona y repugnante. <\/p>\n\n\n\n<p>Quisimos evitarlo. De verdad intentamos que la agenda del pa\u00eds pasara por temas de fondo, por la macroeconom\u00eda o la lucha de clases. Pero hay personajes que, por su propia limitaci\u00f3n, terminan rompiendo todos los r\u00e9cords de la desverg\u00fcenza. <\/p>\n\n\n\n<p>Manuel Adorni, el hombre que lleg\u00f3 para dar lecciones de \u00e9tica desde un atril, ha logrado lo imposible: convertirse en tapa de todos los diarios no por su brillantez, sino por una combinaci\u00f3n letal de imbecilidad, ignorancia y caradurez.<\/p>\n\n\n\n<p>En esta emisi\u00f3n de <strong>El Irreverente<\/strong>, nos sumergimos en el AdorniGate no porque queramos, sino porque la mentira es tan obscena que nos sali\u00f3 al encuentro. <\/p>\n\n\n\n<p>Si busc\u00e1s la mentira, la encontr\u00e1s; pero en el caso del &#8220;Comandante Prop\u00f3leo&#8221;, aunque no la busques, te choca de frente.<\/p>\n\n\n\n<p>Bienvenidos a la autopsia de un funcionario que crey\u00f3 que el Estado era su inmobiliaria personal.<\/p>\n\n\n\n<!--nextpage-->\n\n\n\n<h3 class=\"wp-block-heading\">ADORNI SE COMI\u00d3 LA PAUTA (SI FUERA ESO NOM\u00c1S)<\/h3>\n\n\n\n<figure class=\"wp-block-image size-large\"><img loading=\"lazy\" decoding=\"async\" width=\"1024\" height=\"574\" src=\"https:\/\/locomociontv.org\/wp-content\/uploads\/2026\/04\/wp-17772886635332038416583229688755-1024x574.jpg\" alt=\"\" class=\"wp-image-38765\" srcset=\"https:\/\/locomociontv.org\/wp-content\/uploads\/2026\/04\/wp-17772886635332038416583229688755-1024x574.jpg 1024w, https:\/\/locomociontv.org\/wp-content\/uploads\/2026\/04\/wp-17772886635332038416583229688755-300x168.jpg 300w, https:\/\/locomociontv.org\/wp-content\/uploads\/2026\/04\/wp-17772886635332038416583229688755-768x430.jpg 768w, https:\/\/locomociontv.org\/wp-content\/uploads\/2026\/04\/wp-17772886635332038416583229688755-1536x861.jpg 1536w, https:\/\/locomociontv.org\/wp-content\/uploads\/2026\/04\/wp-17772886635332038416583229688755.jpg 2000w\" sizes=\"auto, (max-width: 1024px) 100vw, 1024px\" \/><\/figure>\n\n\n\n<p>Lo que estamos presenciando en esta Emisi\u00f3n #62 de El Irreverente no es solo el desglose de una gesti\u00f3n ineficiente, es la radiograf\u00eda de una estafa moral ejecutada desde el atril m\u00e1s alto del Estado.<\/p>\n\n\n\n<p>Manuel Adorni, el vocero que se autopercibe un faro de la \u00e9tica liberal, ha quedado al desnudo bajo el fuego de 240 horas de investigaci\u00f3n que demuestran que el \u00abAdorniGate\u00bb es mucho m\u00e1s que una sospecha: es un esquema de enriquecimiento y blindaje con la nuestra.<\/p>\n\n\n\n<p>El problema no es solo que se haya comido la pauta, es c\u00f3mo la digiri\u00f3. Mientras el pa\u00eds se desangra en una recesi\u00f3n planificada, el vocero ha visto crecer su patrimonio de manera milagrosa, con declaraciones juradas que no cierran por ning\u00fan lado y una red de familiares estrat\u00e9gicamente ubicados en la administraci\u00f3n p\u00fablica. El cinismo de Adorni alcanza su punto m\u00e1ximo cuando, mientras firma contratos de nepotismo rancio, tiene la desfachatez de pedirle &#8220;sacrificio&#8221; a los jubilados y a los trabajadores.<\/p>\n\n\n\n<p>Pero el esquema de impunidad necesita oscuridad, y por eso activaron la \u00abTiran\u00eda del Agente de NOLSALP\u00bb. La avanzada autoritaria del 23 de abril, donde el gobierno ejecut\u00f3 una limpieza biom\u00e9trica para borrar las huellas dactilares de la prensa acreditada en Casa Rosada, es el acto de cobard\u00eda definitivo. Clausuraron la sala de periodistas hist\u00f3rica no por seguridad, sino para que nadie pueda ver de cerca la podredumbre que se cocina en los despachos de Balcarce 50. Aplicaron la doctrina de odio que vienen cocinando desde junio de 2025 para convertir la sede de gobierno en un b\u00fanker de oscurantismo.<\/p>\n\n\n\n<p>A esto se suma el desastre internacional donde el pa\u00eds siempre pierde. El manotazo del CIADI a favor de Burford Capital por 16.100 millones de d\u00f3lares es la herencia de una casta que \u00abargentiniz\u00f3\u00bb YPF para vaciarla y luego la \u00abestatiz\u00f3\u00bb para que los buitres se hagan un fest\u00edn con nuestro futuro. Es el capitalismo de riesgo cero: los Eskenazi y sus socios locales, disfrazados de inversores espa\u00f1oles, nos embargan la renta petrolera de Vaca Muerta por las pr\u00f3ximas d\u00e9cadas.<\/p>\n\n\n\n<p>Y para cerrar el c\u00edrculo del saqueo, tenemos el Pacto de \u00abChatarr\u00edn\u00bb y el Cartonero B\u00e1ez. Paolo Rocca y Mauricio Macri ya est\u00e1n conspirando para domesticar al \u00abComandante Prop\u00f3leo\u00bb. Rocca, aterrado por el acero barato y tras haber sido humillado por los coreanos de Welspoon en la licitaci\u00f3n del gasoducto de GNL, ha buscado refugio en el ingeniero. No quieren libertad de mercado; quieren el corralito de chapa de Ternium, el control de YPF y que el Estado siga bombeando d\u00f3lares hacia Luxemburgo v\u00eda Plan Gas. Son par\u00e1sitos de traje caro que ya tienen colonizado el gabinete para asegurar que el ajuste lo paguen todos, menos ellos.<\/p>\n\n\n\n<h3 class=\"wp-block-heading has-text-align-center\">\u00a1Vamos a los Informes!<\/h3>\n\n\n\n<figure class=\"wp-block-embed is-type-video is-provider-youtube wp-block-embed-youtube wp-embed-aspect-16-9 wp-has-aspect-ratio\"><div class=\"wp-block-embed__wrapper\">\n<iframe loading=\"lazy\" title=\"El deslome de los soberbios y la beatificaci\u00f3n de los sicarios provida\" width=\"818\" height=\"460\" src=\"https:\/\/www.youtube.com\/embed\/nDNvQiDTYpk?feature=oembed\" frameborder=\"0\" allow=\"accelerometer; autoplay; clipboard-write; encrypted-media; gyroscope; picture-in-picture; web-share\" referrerpolicy=\"strict-origin-when-cross-origin\" allowfullscreen><\/iframe>\n<\/div><\/figure>\n\n\n\n<figure class=\"wp-block-embed is-type-video is-provider-youtube wp-block-embed-youtube wp-embed-aspect-16-9 wp-has-aspect-ratio\"><div class=\"wp-block-embed__wrapper\">\n<iframe loading=\"lazy\" title=\"Adorni no se baja del pony ni de los privilegios de su deidad\" width=\"818\" height=\"460\" src=\"https:\/\/www.youtube.com\/embed\/WhCfMJJHCjA?feature=oembed\" frameborder=\"0\" allow=\"accelerometer; autoplay; clipboard-write; encrypted-media; gyroscope; picture-in-picture; web-share\" referrerpolicy=\"strict-origin-when-cross-origin\" allowfullscreen><\/iframe>\n<\/div><\/figure>\n\n\n\n<figure class=\"wp-block-embed is-type-video is-provider-youtube wp-block-embed-youtube wp-embed-aspect-16-9 wp-has-aspect-ratio\"><div class=\"wp-block-embed__wrapper\">\n<iframe loading=\"lazy\" title=\"El Precio de la Infamia: el Bozal de Adorni y los D\u00f3lares de Putin\" width=\"818\" height=\"460\" src=\"https:\/\/www.youtube.com\/embed\/hNV2VpvRhZc?feature=oembed\" frameborder=\"0\" allow=\"accelerometer; autoplay; clipboard-write; encrypted-media; gyroscope; picture-in-picture; web-share\" referrerpolicy=\"strict-origin-when-cross-origin\" allowfullscreen><\/iframe>\n<\/div><\/figure>\n\n\n\n<figure class=\"wp-block-embed is-type-video is-provider-youtube wp-block-embed-youtube wp-embed-aspect-16-9 wp-has-aspect-ratio\"><div class=\"wp-block-embed__wrapper\">\n<iframe loading=\"lazy\" title=\"El Milagro de las Jubiladas: la Mejor Jugada del Comandante Prop\u00f3leo\" width=\"818\" height=\"460\" src=\"https:\/\/www.youtube.com\/embed\/RzRCpVQ_sZ4?feature=oembed\" frameborder=\"0\" allow=\"accelerometer; autoplay; clipboard-write; encrypted-media; gyroscope; picture-in-picture; web-share\" referrerpolicy=\"strict-origin-when-cross-origin\" allowfullscreen><\/iframe>\n<\/div><\/figure>\n\n\n\n<figure class=\"wp-block-embed is-type-video is-provider-youtube wp-block-embed-youtube wp-embed-aspect-16-9 wp-has-aspect-ratio\"><div class=\"wp-block-embed__wrapper\">\n<iframe loading=\"lazy\" title=\"AdorniGate: el Waterloo de les Chukys de la Ultra\" width=\"818\" height=\"460\" src=\"https:\/\/www.youtube.com\/embed\/vam5xk7TD1Y?feature=oembed\" frameborder=\"0\" allow=\"accelerometer; autoplay; clipboard-write; encrypted-media; gyroscope; picture-in-picture; web-share\" referrerpolicy=\"strict-origin-when-cross-origin\" allowfullscreen><\/iframe>\n<\/div><\/figure>\n\n\n\n<figure class=\"wp-block-embed is-type-video is-provider-youtube wp-block-embed-youtube wp-embed-aspect-16-9 wp-has-aspect-ratio\"><div class=\"wp-block-embed__wrapper\">\n<iframe loading=\"lazy\" title=\"La Tiran\u00eda del Agente de NOLSALP\" width=\"818\" height=\"460\" src=\"https:\/\/www.youtube.com\/embed\/sAjvXRobN_Y?feature=oembed\" frameborder=\"0\" allow=\"accelerometer; autoplay; clipboard-write; encrypted-media; gyroscope; picture-in-picture; web-share\" referrerpolicy=\"strict-origin-when-cross-origin\" allowfullscreen><\/iframe>\n<\/div><\/figure>\n\n\n\n<figure class=\"wp-block-embed is-type-video is-provider-youtube wp-block-embed-youtube wp-embed-aspect-16-9 wp-has-aspect-ratio\"><div class=\"wp-block-embed__wrapper\">\n<iframe loading=\"lazy\" title=\"Manuel Adorni: otras 240 horas bajo fuego\" width=\"818\" height=\"460\" src=\"https:\/\/www.youtube.com\/embed\/65BfYTGIrGw?feature=oembed\" frameborder=\"0\" allow=\"accelerometer; autoplay; clipboard-write; encrypted-media; gyroscope; picture-in-picture; web-share\" referrerpolicy=\"strict-origin-when-cross-origin\" allowfullscreen><\/iframe>\n<\/div><\/figure>\n\n\n\n<!--nextpage-->\n\n\n\n<h3 class=\"wp-block-heading\">A modo de conclusi\u00f3n<\/h3>\n\n\n\n<figure class=\"wp-block-image size-large\"><img loading=\"lazy\" decoding=\"async\" width=\"1024\" height=\"574\" src=\"https:\/\/locomociontv.org\/wp-content\/uploads\/2026\/04\/wp-17773473453266202743165616102396-1024x574.jpg\" alt=\"\" class=\"wp-image-38771\" srcset=\"https:\/\/locomociontv.org\/wp-content\/uploads\/2026\/04\/wp-17773473453266202743165616102396-1024x574.jpg 1024w, https:\/\/locomociontv.org\/wp-content\/uploads\/2026\/04\/wp-17773473453266202743165616102396-300x168.jpg 300w, https:\/\/locomociontv.org\/wp-content\/uploads\/2026\/04\/wp-17773473453266202743165616102396-768x430.jpg 768w, https:\/\/locomociontv.org\/wp-content\/uploads\/2026\/04\/wp-17773473453266202743165616102396-1536x861.jpg 1536w, https:\/\/locomociontv.org\/wp-content\/uploads\/2026\/04\/wp-17773473453266202743165616102396.jpg 2000w\" sizes=\"auto, (max-width: 1024px) 100vw, 1024px\" \/><\/figure>\n\n\n\n<p>La Verdad no necesita acreditaciones biom\u00e9tricas ni blindajes medi\u00e1ticos; la verdad tiene la mala costumbre de aflorar entre los escombros de la mentira oficial.<\/p>\n\n\n\n<p>En esta emisi\u00f3n hemos expuesto el mapa completo del despojo: desde el vocero que se cree due\u00f1o de la verdad mientras oculta sus papeles, hasta los zares del acero y los fondos buitre que ya dise\u00f1aron c\u00f3mo repartirse los restos de lo que es nuestro y que los saqueadores de Estado piensan que es de ellos.<\/p>\n\n\n\n<p>No nos van a callar con el cierre de una sala de prensa ni con denuncias de espionaje truchas. Mientras ellos se aseguran el \u00abseguro de vida\u00bb de la casta, nosotros nos quedamos ac\u00e1, del lado correcto de la mecha, registrando cada paso de esta estafa. <\/p>\n\n\n\n<p>Porque la libertad de ellos termina donde empieza la miseria del pueblo que dicen representar. <\/p>\n\n\n\n<p>La historia no perdona, y nosotros tampoco.<\/p>\n\n\n\n<!--nextpage-->\n\n\n\n<h3 class=\"wp-block-heading\">Cierre de la Emisi\u00f3n #62<\/h3>\n\n\n\n<figure class=\"wp-block-image size-large\"><img loading=\"lazy\" decoding=\"async\" width=\"1024\" height=\"574\" src=\"https:\/\/locomociontv.org\/wp-content\/uploads\/2026\/04\/wp-17772886630044411845314742138037-1024x574.jpg\" alt=\"\" class=\"wp-image-38766\" srcset=\"https:\/\/locomociontv.org\/wp-content\/uploads\/2026\/04\/wp-17772886630044411845314742138037-1024x574.jpg 1024w, https:\/\/locomociontv.org\/wp-content\/uploads\/2026\/04\/wp-17772886630044411845314742138037-300x168.jpg 300w, https:\/\/locomociontv.org\/wp-content\/uploads\/2026\/04\/wp-17772886630044411845314742138037-768x430.jpg 768w, https:\/\/locomociontv.org\/wp-content\/uploads\/2026\/04\/wp-17772886630044411845314742138037-1536x861.jpg 1536w, https:\/\/locomociontv.org\/wp-content\/uploads\/2026\/04\/wp-17772886630044411845314742138037.jpg 2000w\" sizes=\"auto, (max-width: 1024px) 100vw, 1024px\" \/><\/figure>\n\n\n\n<p>Gracias, amigas y amigos, por estar ah\u00ed. <\/p>\n\n\n\n<p>Nos vemos en la pr\u00f3xima emisi\u00f3n, la sexag\u00e9sima tercera, si es que todav\u00eda no vendieron el aire que respiramos.<\/p>\n\n\n\n<p>Sin otro particular, ser\u00e1 hasta la pr\u00f3xima, amigas y amigos.<\/p>\n<div class=\"pdfprnt-buttons pdfprnt-buttons-post pdfprnt-bottom-right\"><a href=\"https:\/\/locomociontv.org\/index.php?rest_route=%2Fwp%2Fv2%2Fposts%2F38687&print=pdf\" class=\"pdfprnt-button pdfprnt-button-pdf\" target=\"_blank\" ><img decoding=\"async\" src=\"https:\/\/locomociontv.org\/wp-content\/plugins\/pdf-print\/images\/pdf.png\" alt=\"image_pdf\" title=\"View PDF\" \/><span class=\"pdfprnt-button-title pdfprnt-button-pdf-title\">Hacer PDF<\/span><\/a><a href=\"https:\/\/locomociontv.org\/index.php?rest_route=%2Fwp%2Fv2%2Fposts%2F38687&print=print\" class=\"pdfprnt-button pdfprnt-button-print\" target=\"_blank\" ><img decoding=\"async\" src=\"https:\/\/locomociontv.org\/wp-content\/plugins\/pdf-print\/images\/print.png\" alt=\"image_print\" title=\"Print Content\" \/><span class=\"pdfprnt-button-title pdfprnt-button-print-title\">Imprimir<\/span><\/a><\/div><p>Views: 1<\/p>","protected":false},"excerpt":{"rendered":"<p>Quisimos evitarlo. De verdad intentamos que la agenda del pa\u00eds pasara por temas de fondo, por la macroeconom\u00eda o la lucha de clases. Pero hay personajes que, por su propia limitaci\u00f3n, terminan rompiendo todos los r\u00e9cords de la desverg\u00fcenza.<\/p>\n<p>Manuel Adorni, el hombre que lleg\u00f3 para dar lecciones de \u00e9tica desde un atril, ha logrado lo imposible: convertirse en tapa de todos los diarios no por su brillantez, sino por una combinaci\u00f3n letal de imbecilidad, ignorancia y caradurez.<\/p>\n<p>En esta emisi\u00f3n de El Irreverente, nos sumergimos en el AdorniGate no porque queramos, sino porque la mentira es tan obscena que nos sali\u00f3 al encuentro. Si busc\u00e1s la mentira, la encontr\u00e1s; pero en el caso del &#8216;Comandante Prop\u00f3leo&#8217;, aunque no la busques, te choca de frente. <\/p>\n<p>Bienvenidos a la autopsia de un funcionario que crey\u00f3 que el Estado era su inmobiliaria personal.<\/p>\n","protected":false},"author":1,"featured_media":38767,"comment_status":"open","ping_status":"open","sticky":false,"template":"","format":"video","meta":{"footnotes":""},"categories":[1],"tags":[],"class_list":["post-38687","post","type-post","status-publish","format-video","has-post-thumbnail","hentry","category-sin-categoria","post_format-post-format-video","post-dark","post-wide","has-post-thumb"],"_links":{"self":[{"href":"https:\/\/locomociontv.org\/index.php?rest_route=\/wp\/v2\/posts\/38687","targetHints":{"allow":["GET"]}}],"collection":[{"href":"https:\/\/locomociontv.org\/index.php?rest_route=\/wp\/v2\/posts"}],"about":[{"href":"https:\/\/locomociontv.org\/index.php?rest_route=\/wp\/v2\/types\/post"}],"author":[{"embeddable":true,"href":"https:\/\/locomociontv.org\/index.php?rest_route=\/wp\/v2\/users\/1"}],"replies":[{"embeddable":true,"href":"https:\/\/locomociontv.org\/index.php?rest_route=%2Fwp%2Fv2%2Fcomments&post=38687"}],"version-history":[{"count":12,"href":"https:\/\/locomociontv.org\/index.php?rest_route=\/wp\/v2\/posts\/38687\/revisions"}],"predecessor-version":[{"id":38783,"href":"https:\/\/locomociontv.org\/index.php?rest_route=\/wp\/v2\/posts\/38687\/revisions\/38783"}],"wp:featuredmedia":[{"embeddable":true,"href":"https:\/\/locomociontv.org\/index.php?rest_route=\/wp\/v2\/media\/38767"}],"wp:attachment":[{"href":"https:\/\/locomociontv.org\/index.php?rest_route=%2Fwp%2Fv2%2Fmedia&parent=38687"}],"wp:term":[{"taxonomy":"category","embeddable":true,"href":"https:\/\/locomociontv.org\/index.php?rest_route=%2Fwp%2Fv2%2Fcategories&post=38687"},{"taxonomy":"post_tag","embeddable":true,"href":"https:\/\/locomociontv.org\/index.php?rest_route=%2Fwp%2Fv2%2Ftags&post=38687"}],"curies":[{"name":"wp","href":"https:\/\/api.w.org\/{rel}","templated":true}]}}