{"id":38681,"date":"2026-04-24T19:35:00","date_gmt":"2026-04-24T22:35:00","guid":{"rendered":"https:\/\/locomociontv.org\/?p=38681"},"modified":"2026-04-24T22:09:19","modified_gmt":"2026-04-25T01:09:19","slug":"manuel-adorni-otras-240-horas-bajo-fuego","status":"publish","type":"post","link":"https:\/\/locomociontv.org\/?p=38681","title":{"rendered":"Manuel Adorni: otras 240 horas bajo fuego"},"content":{"rendered":"\n<figure class=\"wp-block-embed is-type-video is-provider-youtube wp-block-embed-youtube wp-embed-aspect-16-9 wp-has-aspect-ratio\"><div class=\"wp-block-embed__wrapper\">\n<iframe loading=\"lazy\" title=\"Manuel Adorni: otras 240 horas bajo fuego\" width=\"818\" height=\"460\" src=\"https:\/\/www.youtube.com\/embed\/65BfYTGIrGw?feature=oembed\" frameborder=\"0\" allow=\"accelerometer; autoplay; clipboard-write; encrypted-media; gyroscope; picture-in-picture; web-share\" referrerpolicy=\"strict-origin-when-cross-origin\" allowfullscreen><\/iframe>\n<\/div><\/figure>\n\n\n\n<!--nextpage-->\n\n\n\n<h3 class=\"wp-block-heading\">Introducci\u00f3n al Informe<\/h3>\n\n\n\n<figure class=\"wp-block-image size-large\"><img loading=\"lazy\" decoding=\"async\" width=\"1024\" height=\"574\" src=\"https:\/\/locomociontv.org\/wp-content\/uploads\/2026\/04\/wp-17770643920279002299335044786773-1024x574.jpg\" alt=\"\" class=\"wp-image-38731\" srcset=\"https:\/\/locomociontv.org\/wp-content\/uploads\/2026\/04\/wp-17770643920279002299335044786773-1024x574.jpg 1024w, https:\/\/locomociontv.org\/wp-content\/uploads\/2026\/04\/wp-17770643920279002299335044786773-300x168.jpg 300w, https:\/\/locomociontv.org\/wp-content\/uploads\/2026\/04\/wp-17770643920279002299335044786773-768x430.jpg 768w, https:\/\/locomociontv.org\/wp-content\/uploads\/2026\/04\/wp-17770643920279002299335044786773-1536x861.jpg 1536w, https:\/\/locomociontv.org\/wp-content\/uploads\/2026\/04\/wp-17770643920279002299335044786773.jpg 2000w\" sizes=\"auto, (max-width: 1024px) 100vw, 1024px\" \/><\/figure>\n\n\n\n<p>Doscientas cuarenta horas de un goteo incesante que ha terminado por ahogar la narrativa de la transparencia oficial. Lo que el &#8220;Comandante Prop\u00f3leo&#8221; intent\u00f3 vender como una gesti\u00f3n de austeridad, hoy se revela como una trama de privilegios inmobiliarios, hipotecas bajo sospecha con jubiladas y un blindaje institucional que raya en la censura. <\/p>\n\n\n\n<p>Mientras el Jefe de Gabinete busca refugio en el silencio y las misas de ocasi\u00f3n, la Justicia empieza a preguntar por cajas de seguridad y el Congreso le marca la cancha con un desplante que huele a final de ciclo. <\/p>\n\n\n\n<p>Aqu\u00ed no maquillamos la realidad: hacemos la autopsia del funcionario que se crey\u00f3 impune detr\u00e1s de un atril.<\/p>\n\n\n\n<!--nextpage-->\n\n\n\n<h3 class=\"wp-block-heading\">Parar y desenfocar como \u00fanico Escudo Pol\u00edtico contra la debacle<\/h3>\n\n\n\n<figure class=\"wp-block-image size-full\"><img loading=\"lazy\" decoding=\"async\" width=\"1024\" height=\"559\" src=\"https:\/\/locomociontv.org\/wp-content\/uploads\/2026\/04\/wp-17770656375194520023610155160925.jpg\" alt=\"\" class=\"wp-image-38734\" srcset=\"https:\/\/locomociontv.org\/wp-content\/uploads\/2026\/04\/wp-17770656375194520023610155160925.jpg 1024w, https:\/\/locomociontv.org\/wp-content\/uploads\/2026\/04\/wp-17770656375194520023610155160925-300x164.jpg 300w, https:\/\/locomociontv.org\/wp-content\/uploads\/2026\/04\/wp-17770656375194520023610155160925-768x419.jpg 768w\" sizes=\"auto, (max-width: 1024px) 100vw, 1024px\" \/><\/figure>\n\n\n\n<p>Llegamos al 24 de abril de 2026 con un Gobierno que ha decidido detener la marcha del pa\u00eds para salvar a un solo hombre. La &#8220;mesa pol\u00edtica&#8221; de la Casa Rosada no se re\u00fane para discutir el hambre o la inflaci\u00f3n, sino para dise\u00f1ar la estrategia de supervivencia de Manuel Adorni. <\/p>\n\n\n\n<p>Con los pliegos de los jueces en carpeta y la reforma electoral en pausa, el Jefe de Gabinete se ha convertido en el tap\u00f3n de una gesti\u00f3n que se desangra en popularidad mientras intenta, desesperadamente, que su vocero no termine sentado en el banquillo de los acusados.<\/p>\n\n\n\n<!--nextpage-->\n\n\n\n<h3 class=\"wp-block-heading\">Cronolog\u00eda de la Impunidad: El Cerco Judicial y Patrimonial<\/h3>\n\n\n\n<figure class=\"wp-block-image size-full\"><img loading=\"lazy\" decoding=\"async\" width=\"1024\" height=\"559\" src=\"https:\/\/locomociontv.org\/wp-content\/uploads\/2026\/04\/wp-17770660533606213966915849505549.jpg\" alt=\"\" class=\"wp-image-38736\" srcset=\"https:\/\/locomociontv.org\/wp-content\/uploads\/2026\/04\/wp-17770660533606213966915849505549.jpg 1024w, https:\/\/locomociontv.org\/wp-content\/uploads\/2026\/04\/wp-17770660533606213966915849505549-300x164.jpg 300w, https:\/\/locomociontv.org\/wp-content\/uploads\/2026\/04\/wp-17770660533606213966915849505549-768x419.jpg 768w\" sizes=\"auto, (max-width: 1024px) 100vw, 1024px\" \/><\/figure>\n\n\n\n<ul class=\"wp-block-list\">\n<li><strong>El Operativo Blindaje (16 de abril):<\/strong> Karina Milei y Adorni en Neuqu\u00e9n. Una foto sobre Vaca Muerta para simular una solidez que los expedientes ya estaban demoliendo. Fue el inicio de la &#8220;canonizaci\u00f3n&#8221; fallida de un funcionario acorralado.<\/li>\n\n\n\n<li><strong>El Mazazo de los Martilleros (20 de abril):<\/strong> La justicia escucha a los profesionales. Natalia Rucci y Marcelo Trimarchi confirman que el departamento de Caballito val\u00eda <strong>US$ 340.000<\/strong>, dejando en rid\u00edculo los <strong>US$ 230.000<\/strong> declarados. La maniobra de la hipoteca con jubiladas entra en zona de sombras insalvables.<\/li>\n\n\n\n<li><strong>La Huida y el Desplante (21 de abril):<\/strong> Adorni pone en venta su propiedad en La Plata por <strong>US$ 95.000<\/strong>, un movimiento de piezas propio de quien espera un embargo. Horas despu\u00e9s, en Luj\u00e1n, <strong>Victoria Villarruel<\/strong> le quita el cuerpo: se niega a sentarse junto a \u00e9l en la misa por el Papa Francisco, exponiendo la fractura interna del poder.<\/li>\n\n\n\n<li><strong>El Testimonio del &#8220;Dinero Negro&#8221; (22 de abril):<\/strong> El hijo de una de las jubiladas vendedoras dispara al coraz\u00f3n de la causa: afirma la existencia de <strong>US$ 65.000 no documentados<\/strong>. La estafa moral y financiera cobra nombre y apellido.<\/li>\n\n\n\n<li><strong>El Manotazo Institucional (23-24 de abril):<\/strong> En un movimiento coordinado, la Oficina Anticorrupci\u00f3n prorroga los plazos para presentar declaraciones juradas, justo cuando las de Adorni son el centro del esc\u00e1ndalo. Al mismo tiempo, la Justicia cierra de forma expr\u00e9s la causa por el viaje de su pareja a EE.UU., buscando aliviar la presi\u00f3n, mientras el Gobierno proh\u00edbe el acceso a los periodistas acreditados en un acto de censura in\u00e9dito para proteger al Jefe de Gabinete.<\/li>\n<\/ul>\n\n\n\n<!--nextpage-->\n\n\n\n<h3 class=\"wp-block-heading\">La Radiograf\u00eda de la Repugnancia<\/h3>\n\n\n\n<figure class=\"wp-block-image size-full\"><img loading=\"lazy\" decoding=\"async\" width=\"1024\" height=\"559\" src=\"https:\/\/locomociontv.org\/wp-content\/uploads\/2026\/04\/backgrounderaser_20260424_18365793166021973057942749.jpg\" alt=\"\" class=\"wp-image-38739\" srcset=\"https:\/\/locomociontv.org\/wp-content\/uploads\/2026\/04\/backgrounderaser_20260424_18365793166021973057942749.jpg 1024w, https:\/\/locomociontv.org\/wp-content\/uploads\/2026\/04\/backgrounderaser_20260424_18365793166021973057942749-300x164.jpg 300w, https:\/\/locomociontv.org\/wp-content\/uploads\/2026\/04\/backgrounderaser_20260424_18365793166021973057942749-768x419.jpg 768w\" sizes=\"auto, (max-width: 1024px) 100vw, 1024px\" \/><\/figure>\n\n\n\n<p>A pesar de que el oficialismo intenta desviar el foco con denuncias de archivo contra Axel Kicillof o discursos sobre la seguridad en las c\u00e1rceles, el &#8220;AdorniGate&#8221; es hoy una mancha que no sale con ret\u00f3rica.<\/p>\n\n\n\n<p> Los n\u00fameros de las consultoras son alarmantes: la popularidad de Javier Milei cae, y Adorni ya no es un vocero, es un lastre.<\/p>\n\n\n\n<p>Incluso figuras como Luis Miguel Etchevehere se\u00f1alan lo obvio: &#8220;Casi no se esconden los hechos&#8221;. El cinismo del &#8220;Comandante Prop\u00f3leo&#8221; \u2014que hablaba de la casta mientras investigan si su familia viaj\u00f3 a Disney con fondos p\u00fablicos y piden informes sobre sus cajas de seguridad\u2014 ha logrado que hasta sus propios aliados, como Cristian Ritondo, marquen una distancia prudencial.<\/p>\n\n\n\n<!--nextpage-->\n\n\n\n<h3 class=\"wp-block-heading\">Un fin de semana con mucho que (en) cubrir<\/h3>\n\n\n\n<figure class=\"wp-block-image size-full\"><img loading=\"lazy\" decoding=\"async\" width=\"1024\" height=\"559\" src=\"https:\/\/locomociontv.org\/wp-content\/uploads\/2026\/04\/wp-17770684832547427389039912574892.jpg\" alt=\"\" class=\"wp-image-38740\" srcset=\"https:\/\/locomociontv.org\/wp-content\/uploads\/2026\/04\/wp-17770684832547427389039912574892.jpg 1024w, https:\/\/locomociontv.org\/wp-content\/uploads\/2026\/04\/wp-17770684832547427389039912574892-300x164.jpg 300w, https:\/\/locomociontv.org\/wp-content\/uploads\/2026\/04\/wp-17770684832547427389039912574892-768x419.jpg 768w\" sizes=\"auto, (max-width: 1024px) 100vw, 1024px\" \/><\/figure>\n\n\n\n<p>Doscientas cuarenta horas despu\u00e9s, el veredicto social est\u00e1 dictado. Manuel Adorni ha pasado de ser el inquisidor de las ma\u00f1anas al investigado de las sombras. <\/p>\n\n\n\n<p>Cuando un Gobierno debe prohibir el ingreso de la prensa profesional a la Casa Rosada y suspender el debate parlamentario para proteger a un funcionario que no puede explicar su patrimonio, lo que estamos viendo no es una gesti\u00f3n, es un encubrimiento en tiempo real. <\/p>\n\n\n\n<p>Adorni podr\u00e1 seguir evadiendo las preguntas en el atril, pero no podr\u00e1 evadir el peso de una verdad que ya camina por los pasillos de Comodoro Py. <\/p>\n\n\n\n<p>La pauta es din\u00e1mica, la mentira es obscena, y el tiempo del Comandante Prop\u00f3leo se agota entre hipotecas truchas y el silencio de los c\u00f3mplices.<\/p>\n<p>Visits: 3<\/p>","protected":false},"excerpt":{"rendered":"<p>Mientras el pa\u00eds se hunde en una recesi\u00f3n que ya no se puede ocultar ni con memes ni con trolls, el vocero presidencial Manuel Adorni sigue sumando horas de vuelo en el centro del esc\u00e1ndalo. Lo que vamos a desarmar hoy no es una simple cr\u00edtica pol\u00edtica; es la radiograf\u00eda de un patrimonio que creci\u00f3 a la sombra del Estado mientras se le pide sacrificio al resto de los mortales. Las \u00faltimas 240 horas han sido un incendio para el vocero, y hoy vamos a ver por qu\u00e9 los papeles no cierran, los seguros no explican y el cinismo ya no alcanza para tapar el &#8220;AdorniGate&#8221;.<\/p>\n","protected":false},"author":1,"featured_media":38731,"comment_status":"open","ping_status":"open","sticky":false,"template":"","format":"video","meta":{"footnotes":""},"categories":[1],"tags":[],"class_list":["post-38681","post","type-post","status-publish","format-video","has-post-thumbnail","hentry","category-sin-categoria","post_format-post-format-video","post-dark","post-wide","has-post-thumb"],"_links":{"self":[{"href":"https:\/\/locomociontv.org\/index.php?rest_route=\/wp\/v2\/posts\/38681","targetHints":{"allow":["GET"]}}],"collection":[{"href":"https:\/\/locomociontv.org\/index.php?rest_route=\/wp\/v2\/posts"}],"about":[{"href":"https:\/\/locomociontv.org\/index.php?rest_route=\/wp\/v2\/types\/post"}],"author":[{"embeddable":true,"href":"https:\/\/locomociontv.org\/index.php?rest_route=\/wp\/v2\/users\/1"}],"replies":[{"embeddable":true,"href":"https:\/\/locomociontv.org\/index.php?rest_route=%2Fwp%2Fv2%2Fcomments&post=38681"}],"version-history":[{"count":11,"href":"https:\/\/locomociontv.org\/index.php?rest_route=\/wp\/v2\/posts\/38681\/revisions"}],"predecessor-version":[{"id":38744,"href":"https:\/\/locomociontv.org\/index.php?rest_route=\/wp\/v2\/posts\/38681\/revisions\/38744"}],"wp:featuredmedia":[{"embeddable":true,"href":"https:\/\/locomociontv.org\/index.php?rest_route=\/wp\/v2\/media\/38731"}],"wp:attachment":[{"href":"https:\/\/locomociontv.org\/index.php?rest_route=%2Fwp%2Fv2%2Fmedia&parent=38681"}],"wp:term":[{"taxonomy":"category","embeddable":true,"href":"https:\/\/locomociontv.org\/index.php?rest_route=%2Fwp%2Fv2%2Fcategories&post=38681"},{"taxonomy":"post_tag","embeddable":true,"href":"https:\/\/locomociontv.org\/index.php?rest_route=%2Fwp%2Fv2%2Ftags&post=38681"}],"curies":[{"name":"wp","href":"https:\/\/api.w.org\/{rel}","templated":true}]}}