{"id":38660,"date":"2026-04-24T22:20:07","date_gmt":"2026-04-25T01:20:07","guid":{"rendered":"https:\/\/locomociontv.org\/?p=38660"},"modified":"2026-04-25T00:10:56","modified_gmt":"2026-04-25T03:10:56","slug":"locomocion-tv-noticias-104","status":"publish","type":"post","link":"https:\/\/locomociontv.org\/?p=38660","title":{"rendered":"Locomoci\u00f3n TV &#8211; Noticias #104"},"content":{"rendered":"\n<h3 class=\"wp-block-heading\">Introducci\u00f3n a la Emisi\u00f3n #104<\/h3>\n\n\n\n<figure class=\"wp-block-image size-large\"><img loading=\"lazy\" decoding=\"async\" width=\"1024\" height=\"574\" src=\"https:\/\/locomociontv.org\/wp-content\/uploads\/2026\/04\/LTVN-104-CENT-1024x574.jpg\" alt=\"\" class=\"wp-image-38747\" srcset=\"https:\/\/locomociontv.org\/wp-content\/uploads\/2026\/04\/LTVN-104-CENT-1024x574.jpg 1024w, https:\/\/locomociontv.org\/wp-content\/uploads\/2026\/04\/LTVN-104-CENT-300x168.jpg 300w, https:\/\/locomociontv.org\/wp-content\/uploads\/2026\/04\/LTVN-104-CENT-768x431.jpg 768w, https:\/\/locomociontv.org\/wp-content\/uploads\/2026\/04\/LTVN-104-CENT-1536x861.jpg 1536w, https:\/\/locomociontv.org\/wp-content\/uploads\/2026\/04\/LTVN-104-CENT-2048x1148.jpg 2048w\" sizes=\"auto, (max-width: 1024px) 100vw, 1024px\" \/><\/figure>\n\n\n\n<p>Hola amigas y amigos:<br \/>Sean bienvenides a la cent\u00e9sima cuarta Emisi\u00f3n Regular de Locomoci\u00f3n TV &#8211; Noticias.<br \/>Desde el Estudio \u00danico de Locomoci\u00f3n TV en la Ciudad Aut\u00f3noma de Buenos Aires, llegamos hasta ustedes luego de 7 d\u00edas desde nuestro \u00faltimo encuentro por estos medios.<\/p>\n\n\n\n<figure class=\"wp-block-image size-large\"><img loading=\"lazy\" decoding=\"async\" width=\"1024\" height=\"574\" src=\"https:\/\/locomociontv.org\/wp-content\/uploads\/2026\/04\/backgrounderaser_20260424_2348114774596758429250659728-1024x574.jpg\" alt=\"\" class=\"wp-image-38756\" srcset=\"https:\/\/locomociontv.org\/wp-content\/uploads\/2026\/04\/backgrounderaser_20260424_2348114774596758429250659728-1024x574.jpg 1024w, https:\/\/locomociontv.org\/wp-content\/uploads\/2026\/04\/backgrounderaser_20260424_2348114774596758429250659728-300x168.jpg 300w, https:\/\/locomociontv.org\/wp-content\/uploads\/2026\/04\/backgrounderaser_20260424_2348114774596758429250659728-768x430.jpg 768w, https:\/\/locomociontv.org\/wp-content\/uploads\/2026\/04\/backgrounderaser_20260424_2348114774596758429250659728-1536x861.jpg 1536w, https:\/\/locomociontv.org\/wp-content\/uploads\/2026\/04\/backgrounderaser_20260424_2348114774596758429250659728.jpg 2000w\" sizes=\"auto, (max-width: 1024px) 100vw, 1024px\" \/><\/figure>\n\n\n\n<p>El encuentro secreto entre <strong>Mauricio Macri<\/strong> y el CEO del Grupo Techint, a quien el propio Milei supo bautizar como <strong>&#8216;Don Chatarr\u00edn&#8217;<\/strong>, no fue una charla de caf\u00e9. Fue la firma de un seguro de vida. Fue el inicio de una conspiraci\u00f3n para blindar el &#8216;Estado dentro del Estado&#8217;, ese refugio eterno de la casta empresaria que no sabe lo que es competir sin que vos, con el hambre de tu pueblo, le firmes la garant\u00eda de retorno.<\/p>\n\n\n\n<p>Rocca sabe que a su impunidad monop\u00f3lica se le termin\u00f3 el tiempo, y Macri se ofrece hoy como el mamerazo que viene a cuidar los tubos de Luxemburgo. Hoy en Locomoci\u00f3n TV, desmenuzamos el pacto de los que no laburan si no hay tongo estatal.<\/p>\n\n\n\n<p>Milei parece no haber tomado nota de esta situaci\u00f3n que sabemos lo ve como otra alta traici\u00f3n de Macri a su merced.<\/p>\n\n\n\n<figure class=\"wp-block-image size-large\"><img loading=\"lazy\" decoding=\"async\" width=\"1024\" height=\"574\" src=\"https:\/\/locomociontv.org\/wp-content\/uploads\/2026\/04\/backgrounderaser_20260424_2348507217059193404857194082-1024x574.jpg\" alt=\"\" class=\"wp-image-38755\" srcset=\"https:\/\/locomociontv.org\/wp-content\/uploads\/2026\/04\/backgrounderaser_20260424_2348507217059193404857194082-1024x574.jpg 1024w, https:\/\/locomociontv.org\/wp-content\/uploads\/2026\/04\/backgrounderaser_20260424_2348507217059193404857194082-300x168.jpg 300w, https:\/\/locomociontv.org\/wp-content\/uploads\/2026\/04\/backgrounderaser_20260424_2348507217059193404857194082-768x430.jpg 768w, https:\/\/locomociontv.org\/wp-content\/uploads\/2026\/04\/backgrounderaser_20260424_2348507217059193404857194082-1536x861.jpg 1536w, https:\/\/locomociontv.org\/wp-content\/uploads\/2026\/04\/backgrounderaser_20260424_2348507217059193404857194082.jpg 2000w\" sizes=\"auto, (max-width: 1024px) 100vw, 1024px\" \/><\/figure>\n\n\n\n<p>El triunfalismo oficialista por el fallo de la Corte de Apelaciones de Nueva York result\u00f3 ser, como advertimos en este programa, una victoria de cart\u00f3n. <\/p>\n\n\n\n<p>El pasado 22 de abril, el fondo buitre <strong>Burford Capital<\/strong> pate\u00f3 el tablero y notific\u00f3 formalmente el traslado de la contienda al <strong>CIADI<\/strong>, el tribunal arbitral del Banco Mundial.<\/p>\n\n\n\n<p>Esta mudanza estrat\u00e9gica no es una muestra de fuerza, sino el reconocimiento de una derrota en las cortes ordinarias de Manhattan y un intento desesperado por reflotar un negocio de <strong>16.100 millones de d\u00f3lares<\/strong> que se les estaba escapando de las manos.<\/p>\n\n\n\n<figure class=\"wp-block-image size-large\"><img loading=\"lazy\" decoding=\"async\" width=\"1024\" height=\"574\" src=\"https:\/\/locomociontv.org\/wp-content\/uploads\/2026\/04\/backgrounderaser_20260424_2355483671931355356547380666-1024x574.jpg\" alt=\"\" class=\"wp-image-38758\" srcset=\"https:\/\/locomociontv.org\/wp-content\/uploads\/2026\/04\/backgrounderaser_20260424_2355483671931355356547380666-1024x574.jpg 1024w, https:\/\/locomociontv.org\/wp-content\/uploads\/2026\/04\/backgrounderaser_20260424_2355483671931355356547380666-300x168.jpg 300w, https:\/\/locomociontv.org\/wp-content\/uploads\/2026\/04\/backgrounderaser_20260424_2355483671931355356547380666-768x430.jpg 768w, https:\/\/locomociontv.org\/wp-content\/uploads\/2026\/04\/backgrounderaser_20260424_2355483671931355356547380666-1536x861.jpg 1536w, https:\/\/locomociontv.org\/wp-content\/uploads\/2026\/04\/backgrounderaser_20260424_2355483671931355356547380666.jpg 2000w\" sizes=\"auto, (max-width: 1024px) 100vw, 1024px\" \/><\/figure>\n\n\n\n<p>Hay momentos donde el silencio no es ausencia de sonido, sino una decisi\u00f3n pol\u00edtica coordinada. En los despachos donde la obsecuencia es la \u00fanica moneda de cambio, se ha redactado el &#8220;Manual de las Kanalladas Autorizadas&#8221;. <\/p>\n\n\n\n<p>Les presentaremos un instructivo quir\u00fargico para decidir, entre caf\u00e9s y pautas, qui\u00e9n tiene derecho al respeto y qui\u00e9n es despachado como simple chatarra burocr\u00e1tica. <\/p>\n\n\n\n<p>Desnudaremos la ingenier\u00eda del desprecio: esa que se activa cuando un esp\u00edritu rebelde se va sin haber sido domesticado.<\/p>\n\n\n\n<p>Prep\u00e1rense, porque lo que van a escuchar no es solo una denuncia; es el grito de quienes ya no pueden contener la n\u00e1usea.<\/p>\n\n\n\n<figure class=\"wp-block-image size-large\"><img loading=\"lazy\" decoding=\"async\" width=\"1024\" height=\"574\" src=\"https:\/\/locomociontv.org\/wp-content\/uploads\/2026\/04\/backgrounderaser_20260424_2351533167441156235479997708-1024x574.jpg\" alt=\"\" class=\"wp-image-38757\" srcset=\"https:\/\/locomociontv.org\/wp-content\/uploads\/2026\/04\/backgrounderaser_20260424_2351533167441156235479997708-1024x574.jpg 1024w, https:\/\/locomociontv.org\/wp-content\/uploads\/2026\/04\/backgrounderaser_20260424_2351533167441156235479997708-300x168.jpg 300w, https:\/\/locomociontv.org\/wp-content\/uploads\/2026\/04\/backgrounderaser_20260424_2351533167441156235479997708-768x430.jpg 768w, https:\/\/locomociontv.org\/wp-content\/uploads\/2026\/04\/backgrounderaser_20260424_2351533167441156235479997708-1536x861.jpg 1536w, https:\/\/locomociontv.org\/wp-content\/uploads\/2026\/04\/backgrounderaser_20260424_2351533167441156235479997708.jpg 2000w\" sizes=\"auto, (max-width: 1024px) 100vw, 1024px\" \/><\/figure>\n\n\n\n<p>El 23 de abril de 2026 queda marcado como el d\u00eda en que la Casa Rosada clausur\u00f3 definitivamente el acceso a la prensa profesional. <\/p>\n\n\n\n<p>Lo que el gobierno intenta disfrazar bajo un pretexto de seguridad nacional, se revela como una maniobra de disciplinamiento y exclusi\u00f3n deliberada. <\/p>\n\n\n\n<p>No es una medida administrativa; es la ejecuci\u00f3n material de una doctrina de odio que hoy borra huellas dactilares y cierra salas hist\u00f3ricas para blindar el oscurantismo oficial.<\/p>\n\n\n\n<figure class=\"wp-block-image size-large\"><img loading=\"lazy\" decoding=\"async\" width=\"1024\" height=\"574\" src=\"https:\/\/locomociontv.org\/wp-content\/uploads\/2026\/04\/backgrounderaser_20260424_2346197202639555963286342986-1024x574.jpg\" alt=\"\" class=\"wp-image-38754\" srcset=\"https:\/\/locomociontv.org\/wp-content\/uploads\/2026\/04\/backgrounderaser_20260424_2346197202639555963286342986-1024x574.jpg 1024w, https:\/\/locomociontv.org\/wp-content\/uploads\/2026\/04\/backgrounderaser_20260424_2346197202639555963286342986-300x168.jpg 300w, https:\/\/locomociontv.org\/wp-content\/uploads\/2026\/04\/backgrounderaser_20260424_2346197202639555963286342986-768x430.jpg 768w, https:\/\/locomociontv.org\/wp-content\/uploads\/2026\/04\/backgrounderaser_20260424_2346197202639555963286342986-1536x861.jpg 1536w, https:\/\/locomociontv.org\/wp-content\/uploads\/2026\/04\/backgrounderaser_20260424_2346197202639555963286342986.jpg 2000w\" sizes=\"auto, (max-width: 1024px) 100vw, 1024px\" \/><\/figure>\n\n\n\n<p>Doscientas cuarenta horas de un goteo incesante que ha terminado por ahogar la narrativa de la transparencia oficial. <\/p>\n\n\n\n<p>Lo que el &#8220;Comandante Prop\u00f3leo&#8221; intent\u00f3 vender como una gesti\u00f3n de austeridad, hoy se revela como una trama de privilegios inmobiliarios, hipotecas bajo sospecha con jubiladas y un blindaje institucional que raya en la censura. <\/p>\n\n\n\n<p>Mientras el Jefe de Gabinete busca refugio en el silencio y las misas de ocasi\u00f3n, la Justicia empieza a preguntar por cajas de seguridad y el Congreso le marca la cancha con un desplante que huele a final de ciclo. <\/p>\n\n\n\n<p>Aqu\u00ed no maquillamos la realidad: hacemos la autopsia del funcionario que se crey\u00f3 impune detr\u00e1s de un atril.<\/p>\n\n\n\n<figure class=\"wp-block-image size-large\"><img loading=\"lazy\" decoding=\"async\" width=\"1024\" height=\"574\" src=\"https:\/\/locomociontv.org\/wp-content\/uploads\/2026\/04\/backgrounderaser_20260424_2347310084330270625660180272-1024x574.jpg\" alt=\"\" class=\"wp-image-38753\" srcset=\"https:\/\/locomociontv.org\/wp-content\/uploads\/2026\/04\/backgrounderaser_20260424_2347310084330270625660180272-1024x574.jpg 1024w, https:\/\/locomociontv.org\/wp-content\/uploads\/2026\/04\/backgrounderaser_20260424_2347310084330270625660180272-300x168.jpg 300w, https:\/\/locomociontv.org\/wp-content\/uploads\/2026\/04\/backgrounderaser_20260424_2347310084330270625660180272-768x430.jpg 768w, https:\/\/locomociontv.org\/wp-content\/uploads\/2026\/04\/backgrounderaser_20260424_2347310084330270625660180272-1536x861.jpg 1536w, https:\/\/locomociontv.org\/wp-content\/uploads\/2026\/04\/backgrounderaser_20260424_2347310084330270625660180272.jpg 2000w\" sizes=\"auto, (max-width: 1024px) 100vw, 1024px\" \/><\/figure>\n\n\n\n<p>Mientras el presidente Javier Milei se deshace en l\u00e1grimas y loas al Estado de Israel, en nuestras Islas Malvinas, esa misma bandera \u2014la de sus supuestos socios estrat\u00e9gicos\u2014 se asocia con el usurpador brit\u00e1nico para saquear nuestro petr\u00f3leo.<\/p>\n\n\n\n<p>La entrega de la soberan\u00eda nacional tiene hoy nombre y apellido, pero por sobre todo, tiene una marca corporativa: <strong>Navitas Petroleum<\/strong>. <\/p>\n\n\n\n<p>No estamos ante un error de c\u00e1lculo, sino ante una genuflexi\u00f3n que ha dejado de ser ideol\u00f3gica para transformarse en una rendici\u00f3n de cuentas ante el patr\u00f3n. <\/p>\n\n\n\n<p>Argentina no tiene hoy un jefe de Estado; tiene un converso en trance que utiliza el sello de la Rep\u00fablica para financiar su propia epifan\u00eda espiritual. <\/p>\n\n\n\n<p>El &#8220;Tour del Llanto&#8221; y los peligrosos &#8220;Acuerdos de Isaac&#8221; no son diplomacia: son el acta de sumisi\u00f3n de 46 millones de argentinos a una guerra ajena.<\/p>\n\n\n\n<p>Pasen y vean que aqu\u00ed la Verdad no necesita ni toma prisioneros.<\/p>\n\n\n\n<!--nextpage-->\n\n\n\n<h3 class=\"wp-block-heading\">EL PACTO DE CHATARR\u00cdN Y B\u00c1EZ: MACRI Y ROCCA YA CONSPIRAN CONTRA MILEI<\/h3>\n\n\n\n<figure class=\"wp-block-image size-large\"><img loading=\"lazy\" decoding=\"async\" width=\"2000\" height=\"1121\" src=\"https:\/\/locomociontv.org\/wp-content\/uploads\/2026\/04\/backgrounderaser_20260424_2348114774596758429250659728.jpg\" alt=\"\" class=\"wp-image-38756\" srcset=\"https:\/\/locomociontv.org\/wp-content\/uploads\/2026\/04\/backgrounderaser_20260424_2348114774596758429250659728.jpg 2000w, https:\/\/locomociontv.org\/wp-content\/uploads\/2026\/04\/backgrounderaser_20260424_2348114774596758429250659728-300x168.jpg 300w, https:\/\/locomociontv.org\/wp-content\/uploads\/2026\/04\/backgrounderaser_20260424_2348114774596758429250659728-1024x574.jpg 1024w, https:\/\/locomociontv.org\/wp-content\/uploads\/2026\/04\/backgrounderaser_20260424_2348114774596758429250659728-768x430.jpg 768w, https:\/\/locomociontv.org\/wp-content\/uploads\/2026\/04\/backgrounderaser_20260424_2348114774596758429250659728-1536x861.jpg 1536w\" sizes=\"auto, (max-width: 2000px) 100vw, 2000px\" \/><\/figure>\n\n\n\n<p>Lo que vamos a analizar ahora es la arquitectura de una traici\u00f3n en tiempo real. No se dejen enga\u00f1ar por los gritos para la tribuna; ac\u00e1 lo que hay es pura supervivencia corporativa. <\/p>\n\n\n\n<p>A Rocca se le termin\u00f3 la impunidad monop\u00f3lica en este 2026 despu\u00e9s de la derrota hist\u00f3rica que sufri\u00f3 frente a <strong>Welspoon<\/strong>. En la licitaci\u00f3n por el gasoducto de GNL, Techint pretend\u00eda cobrarnos un sobreprecio descarado de <strong>87 millones de d\u00f3lares<\/strong>. <\/p>\n\n\n\n<p>El &#8216;poll\u00f3n&#8217; de todos los gobiernos se qued\u00f3 sin su juguete favorito: la licitaci\u00f3n a dedo. Y ante ese escenario, Rocca no busc\u00f3 eficiencia, busc\u00f3 al ingeniero Macri para que sea el garante de que el ajuste no llegue nunca a sus oficinas.<\/p>\n\n\n\n<p>El p\u00e1nico en Techint tiene nombre y apellido: <strong>acero barato<\/strong>. &#8216;Don Chatarr\u00edn&#8217; sabe perfectamente que si se rompen las barreras para-arancelarias del IRAM, el acero coreano o chino \u2014que es un 30% m\u00e1s barato y de mejor calidad\u2014 va a inundar el mercado. Por eso el pacto con Macri busca aceitar los mecanismos en el Congreso y la Justicia, para que el <strong>corralito de chapa de Ternium<\/strong> siga asfixiando a las pymes argentinas. Macri es hoy el interlocutor que el establishment necesita para frenar cualquier apertura que obligue a estos par\u00e1sitos con perfume importado a laburar de verdad.<\/p>\n\n\n\n<p>Pero la colonizaci\u00f3n ya empez\u00f3. Mientras el Le\u00f3n ruge en las redes, le entreg\u00f3 las llaves del gallinero al staff de Techint: <strong>YPF<\/strong> est\u00e1 bajo el control de Horacio Mar\u00edn y la cartera de <strong>Trabajo<\/strong> la maneja Julio Cordero, ambos ex empleados de Rocca. <\/p>\n\n\n\n<p>El pacto es el seguro de vida por si al &#8216;Comandante Prop\u00f3leo&#8217; se le ocurre andar jorobando con la libertad de mercado. El fondo de todo es mantener el bombeo de d\u00f3lares hacia el <strong>Gran Ducado de Luxemburgo<\/strong> v\u00eda subsidios como el Plan Gas. Son el &#8216;Potenciar Trabajo&#8217; con traje de cinco mil d\u00f3lares, buscando un nuevo administrador para su capitalismo de riesgo cero.<\/p>\n\n\n\n<h3 class=\"wp-block-heading has-text-align-center\">\u00a1Vamos al Informe!<\/h3>\n\n\n\n<figure class=\"wp-block-embed is-type-wp-embed is-provider-locomoci-n-tv wp-block-embed-locomoci-n-tv\"><div class=\"wp-block-embed__wrapper\">\n<blockquote class=\"wp-embedded-content\" data-secret=\"Tg9hPPstxR\"><a href=\"https:\/\/locomociontv.org\/?p=38690\">EL PACTO DE CHATARR\u00cdN Y B\u00c1EZ: MACRI Y ROCCA YA CONSPIRAN CONTRA MILEI<\/a><\/blockquote><iframe loading=\"lazy\" class=\"wp-embedded-content\" sandbox=\"allow-scripts\" security=\"restricted\" style=\"position: absolute; visibility: hidden;\" title=\"&#8220;EL PACTO DE CHATARR\u00cdN Y B\u00c1EZ: MACRI Y ROCCA YA CONSPIRAN CONTRA MILEI&#8221; &#8212; Locomoci\u00f3n TV\" src=\"https:\/\/locomociontv.org\/?p=38690&#038;embed=true#?secret=ymP53Zjbtb#?secret=Tg9hPPstxR\" data-secret=\"Tg9hPPstxR\" width=\"600\" height=\"338\" frameborder=\"0\" marginwidth=\"0\" marginheight=\"0\" scrolling=\"no\"><\/iframe>\n<\/div><\/figure>\n\n\n\n<p>Ah\u00ed lo ten\u00edan. Los datos son contundentes y no admiten segundas lecturas. Lo que Rocca y Macri est\u00e1n cocinando es la continuidad del saqueo bajo un nuevo disfraz. <\/p>\n\n\n\n<p>Mientras a vos te piden sacrificio, ellos se aseguran el monopolio de la chapa y los d\u00f3lares del Estado. <\/p>\n\n\n\n<p>No hay libertad cuando los que escriben las leyes son los mismos que las usan para fundir a las pymes y girar la guita afuera.<\/p>\n\n\n\n<!--nextpage-->\n\n\n\n<h3 class=\"wp-block-heading\">EL MANOTAZO DEL CIADI: BURFORD Y EL \u201cSEGURO DE VIDA\u201d DE LA CASTA<\/h3>\n\n\n\n<figure class=\"wp-block-image size-large\"><img loading=\"lazy\" decoding=\"async\" width=\"2000\" height=\"1121\" src=\"https:\/\/locomociontv.org\/wp-content\/uploads\/2026\/04\/backgrounderaser_20260424_2348507217059193404857194082.jpg\" alt=\"\" class=\"wp-image-38755\" srcset=\"https:\/\/locomociontv.org\/wp-content\/uploads\/2026\/04\/backgrounderaser_20260424_2348507217059193404857194082.jpg 2000w, https:\/\/locomociontv.org\/wp-content\/uploads\/2026\/04\/backgrounderaser_20260424_2348507217059193404857194082-300x168.jpg 300w, https:\/\/locomociontv.org\/wp-content\/uploads\/2026\/04\/backgrounderaser_20260424_2348507217059193404857194082-1024x574.jpg 1024w, https:\/\/locomociontv.org\/wp-content\/uploads\/2026\/04\/backgrounderaser_20260424_2348507217059193404857194082-768x430.jpg 768w, https:\/\/locomociontv.org\/wp-content\/uploads\/2026\/04\/backgrounderaser_20260424_2348507217059193404857194082-1536x861.jpg 1536w\" sizes=\"auto, (max-width: 2000px) 100vw, 2000px\" \/><\/figure>\n\n\n\n<figure class=\"wp-block-image size-large\"><img loading=\"lazy\" decoding=\"async\" width=\"2000\" height=\"1121\" src=\"https:\/\/locomociontv.org\/wp-content\/uploads\/2026\/04\/backgrounderaser_20260424_2355483671931355356547380666.jpg\" alt=\"\" class=\"wp-image-38758\" srcset=\"https:\/\/locomociontv.org\/wp-content\/uploads\/2026\/04\/backgrounderaser_20260424_2355483671931355356547380666.jpg 2000w, https:\/\/locomociontv.org\/wp-content\/uploads\/2026\/04\/backgrounderaser_20260424_2355483671931355356547380666-300x168.jpg 300w, https:\/\/locomociontv.org\/wp-content\/uploads\/2026\/04\/backgrounderaser_20260424_2355483671931355356547380666-1024x574.jpg 1024w, https:\/\/locomociontv.org\/wp-content\/uploads\/2026\/04\/backgrounderaser_20260424_2355483671931355356547380666-768x430.jpg 768w, https:\/\/locomociontv.org\/wp-content\/uploads\/2026\/04\/backgrounderaser_20260424_2355483671931355356547380666-1536x861.jpg 1536w\" sizes=\"auto, (max-width: 2000px) 100vw, 2000px\" \/><\/figure>\n\n\n\n<p>Lo que estamos viendo es un salto estrat\u00e9gico de Manhattan a Washington. Al perder la capacidad de embargar activos de YPF en Nueva York, Burford activa el plan B: el tratado bilateral con Espa\u00f1a. <\/p>\n\n\n\n<p>Buscan que el <strong>CIADI<\/strong> juzgue una <strong>expropiaci\u00f3n indirecta<\/strong>, trasladando la deuda de la petrolera directamente a la espalda del Estado nacional.<\/p>\n\n\n\n<p>La estafa procesal es descarada. Burford compr\u00f3 los derechos de quiebra del <strong>Grupo Petersen<\/strong>, de los <strong>Eskenazi<\/strong>, y ahora intenta disfrazarlos de &#8220;inversores espa\u00f1oles&#8221; mediante sociedades fantasma para forzar la jurisdicci\u00f3n internacional. <\/p>\n\n\n\n<p>Si este tribunal lo valida, cualquier empresario local podr\u00e1 mudarse legalmente a Europa para litigar contra su propio pa\u00eds. <\/p>\n\n\n\n<p>Es el <strong>seguro de vida definitivo<\/strong> para la burgues\u00eda que hace negocios con el Estado pero pretende cobrar en d\u00f3lares en el Banco Mundial.<\/p>\n\n\n\n<p>Mientras se acelera la entrega de activos en Vaca Muerta, Burford mantiene la espada de Damocles sobre la renta petrolera. No hubo victoria final; el frente del CIADI puede estirar este conflicto por siete a\u00f1os m\u00e1s, garantizando que, si no se quedan con la empresa, se queden con su futuro.<\/p>\n\n\n\n<h3 class=\"wp-block-heading has-text-align-center\">\u00a1Vamos al Informe!<\/h3>\n\n\n\n<figure class=\"wp-block-embed is-type-wp-embed is-provider-locomoci-n-tv wp-block-embed-locomoci-n-tv\"><div class=\"wp-block-embed__wrapper\">\n<blockquote class=\"wp-embedded-content\" data-secret=\"KlxxCXp15f\"><a href=\"https:\/\/locomociontv.org\/?p=38701\">EL MANOTAZO DEL CIADI: BURFORD Y EL &#8220;SEGURO DE VIDA&#8221; DE LA CASTA<\/a><\/blockquote><iframe loading=\"lazy\" class=\"wp-embedded-content\" sandbox=\"allow-scripts\" security=\"restricted\" style=\"position: absolute; visibility: hidden;\" title=\"&#8220;EL MANOTAZO DEL CIADI: BURFORD Y EL &#8220;SEGURO DE VIDA&#8221; DE LA CASTA&#8221; &#8212; Locomoci\u00f3n TV\" src=\"https:\/\/locomociontv.org\/?p=38701&#038;embed=true#?secret=lAuHj28S1J#?secret=KlxxCXp15f\" data-secret=\"KlxxCXp15f\" width=\"600\" height=\"338\" frameborder=\"0\" marginwidth=\"0\" marginheight=\"0\" scrolling=\"no\"><\/iframe>\n<\/div><\/figure>\n\n\n\n<p>Los 16.100 millones de d\u00f3lares son la cifra de una estafa que no termina. <\/p>\n\n\n\n<p>Lo que Burford busca con esta mudanza al CIADI es convertir una disputa comercial en una hipoteca perpetua para todos los argentinos. <\/p>\n\n\n\n<p>Mientras se venden \u00e9xitos judiciales que no cierran la historia, los buitres y sus socios locales ya est\u00e1n dise\u00f1ando el pr\u00f3ximo manotazo a la renta petrolera. <\/p>\n\n\n\n<p>La \u00fanica soberan\u00eda real es la que se defiende con la verdad y no con comunicados de prensa.<\/p>\n\n\n\n<!--nextpage-->\n\n\n\n<h3 class=\"wp-block-heading\">La Burocracia no llora, se burla al estilo de la Triple A<\/h3>\n\n\n\n<figure class=\"wp-block-image size-large\"><img loading=\"lazy\" decoding=\"async\" width=\"2000\" height=\"1121\" src=\"https:\/\/locomociontv.org\/wp-content\/uploads\/2026\/04\/backgrounderaser_20260424_2355483671931355356547380666.jpg\" alt=\"\" class=\"wp-image-38758\" srcset=\"https:\/\/locomociontv.org\/wp-content\/uploads\/2026\/04\/backgrounderaser_20260424_2355483671931355356547380666.jpg 2000w, https:\/\/locomociontv.org\/wp-content\/uploads\/2026\/04\/backgrounderaser_20260424_2355483671931355356547380666-300x168.jpg 300w, https:\/\/locomociontv.org\/wp-content\/uploads\/2026\/04\/backgrounderaser_20260424_2355483671931355356547380666-1024x574.jpg 1024w, https:\/\/locomociontv.org\/wp-content\/uploads\/2026\/04\/backgrounderaser_20260424_2355483671931355356547380666-768x430.jpg 768w, https:\/\/locomociontv.org\/wp-content\/uploads\/2026\/04\/backgrounderaser_20260424_2355483671931355356547380666-1536x861.jpg 1536w\" sizes=\"auto, (max-width: 2000px) 100vw, 2000px\" \/><\/figure>\n\n\n\n<p>Lo que este informe de NEP TV pone sobre la mesa es la constataci\u00f3n de una pr\u00e1ctica parapolicial de la comunicaci\u00f3n. En la fauna pol\u00edtica actual, especialmente en ciertos sectores del gremio que han olvidado su raz\u00f3n de ser, la muerte se ha convertido en una oportunidad de vigilancia ideol\u00f3gica. Ya no se trata de informar, sino de custodiar la pureza de la causa hasta en el cementerio, aplicando una &#8220;Plantilla de Indiferencia Selectiva&#8221; a todo aquel que no fue un soldado disciplinado del aparato.<\/p>\n\n\n\n<p>La profundidad de esta denuncia radica en c\u00f3mo se desglosa el protocolo de la deshumanizaci\u00f3n. Primero, mediante el <strong>despojo de la primera persona<\/strong>: el &#8220;nosotros&#8221; queda prohibido para que la instituci\u00f3n no sienta, solo observe y catalogue restos. Segundo, la <strong>privatizaci\u00f3n del dolor<\/strong>: se marca una distancia cl\u00ednica afirmando que el pesar es &#8220;de los familiares&#8221;, como si a los comisarios del sentimiento les molestara el tr\u00e1mite de la partida ajena. Finalmente, la <strong>anatom\u00eda de la frialdad<\/strong>, donde los logros de toda una vida se amontonan como c\u00f3digos de barras para rellenar el vac\u00edo de un texto sin alma, escrito por manos que ya la entregaron a cambio de un cargo.<\/p>\n\n\n\n<h3 class=\"wp-block-heading has-text-align-center\">\u00a1Vamos al Informe!<\/h3>\n\n\n\n<figure class=\"wp-block-embed is-type-wp-embed is-provider-locomoci-n-tv wp-block-embed-locomoci-n-tv\"><div class=\"wp-block-embed__wrapper\">\n<blockquote class=\"wp-embedded-content\" data-secret=\"tmBxzwrsEK\"><a href=\"https:\/\/locomociontv.org\/?p=38649\">NEP TV: el Manual de las Kanalladas Autorizadas<\/a><\/blockquote><iframe loading=\"lazy\" class=\"wp-embedded-content\" sandbox=\"allow-scripts\" security=\"restricted\" style=\"position: absolute; visibility: hidden;\" title=\"&#8220;NEP TV: el Manual de las Kanalladas Autorizadas&#8221; &#8212; Locomoci\u00f3n TV\" src=\"https:\/\/locomociontv.org\/?p=38649&#038;embed=true#?secret=xOOjiCKeAK#?secret=tmBxzwrsEK\" data-secret=\"tmBxzwrsEK\" width=\"600\" height=\"338\" frameborder=\"0\" marginwidth=\"0\" marginheight=\"0\" scrolling=\"no\"><\/iframe>\n<\/div><\/figure>\n\n\n\n<p>Estos grupos de vigilancia comunicacional consultan y debaten cada adjetivo bajo la sombra de la bajada de l\u00ednea antes de presionar el &#8220;enviar&#8221;. Es una canallada planificada, una bofetada final de quienes se creen gestores del sentimiento nacional. Pero desde este espacio, la respuesta es clara: los miramos de frente. No nos arreamos ante su liturgia del odio.<\/p>\n\n\n\n<p>La historia de la cultura argentina no se escribe en los bur\u00f3s siniestros de la calle Alsina ni en los formularios de los ParaKos. Se escribe con la libertad de los que no bajamos la vista, con la verdad que ellos perdieron hace tiempo. Si el precio de sostener la mirada es la persecuci\u00f3n, aqu\u00ed nos encontrar\u00e1n: nauseados, s\u00ed, pero libres.<\/p>\n\n\n\n<!--nextpage-->\n\n\n\n<h3 class=\"wp-block-heading\">La Tiran\u00eda del Agente de NOLSALP<\/h3>\n\n\n\n<figure class=\"wp-block-image size-large\"><img loading=\"lazy\" decoding=\"async\" width=\"2000\" height=\"1121\" src=\"https:\/\/locomociontv.org\/wp-content\/uploads\/2026\/04\/backgrounderaser_20260424_2351533167441156235479997708.jpg\" alt=\"\" class=\"wp-image-38757\" srcset=\"https:\/\/locomociontv.org\/wp-content\/uploads\/2026\/04\/backgrounderaser_20260424_2351533167441156235479997708.jpg 2000w, https:\/\/locomociontv.org\/wp-content\/uploads\/2026\/04\/backgrounderaser_20260424_2351533167441156235479997708-300x168.jpg 300w, https:\/\/locomociontv.org\/wp-content\/uploads\/2026\/04\/backgrounderaser_20260424_2351533167441156235479997708-1024x574.jpg 1024w, https:\/\/locomociontv.org\/wp-content\/uploads\/2026\/04\/backgrounderaser_20260424_2351533167441156235479997708-768x430.jpg 768w, https:\/\/locomociontv.org\/wp-content\/uploads\/2026\/04\/backgrounderaser_20260424_2351533167441156235479997708-1536x861.jpg 1536w\" sizes=\"auto, (max-width: 2000px) 100vw, 2000px\" \/><\/figure>\n\n\n\n<p>El conflicto estall\u00f3 tras un informe televisivo que mostr\u00f3 im\u00e1genes internas de la sede de gobierno. La respuesta fue un zarpazo autoritario: una denuncia penal inmediata impulsada por la Casa Militar bajo la car\u00e1tula de espionaje ilegal. <\/p>\n\n\n\n<p>El verdadero atropello ocurri\u00f3 en el sistema de acceso: en un acto sin precedentes, el gobierno ejecut\u00f3 una &#8220;limpieza biom\u00e9trica&#8221;, borrando masivamente las huellas dactilares de todos los periodistas acreditados. <\/p>\n\n\n\n<p>Neutralizaron el ingreso de todo el cuerpo de prensa sin distinci\u00f3n alguna.<\/p>\n\n\n\n<p>A esto se suma la clausura preventiva de la hist\u00f3rica sala de periodistas de Balcarce 50. Han dejado a los trabajadores sin espacio f\u00edsico y, lo que es m\u00e1s grave, sin el contacto directo con la fuente de informaci\u00f3n.<\/p>\n\n\n\n<p> Mientras el vocero presidencial justifica este cierre, su propia situaci\u00f3n judicial por presuntas irregularidades en contrataciones y manejo de pauta expone la doble vara de una gesti\u00f3n que habla de transparencia mientras aplica m\u00e9todos de bota militar.<\/p>\n\n\n\n<p>Esta no es una medida aislada; es la consolidaci\u00f3n de una pol\u00edtica donde el periodismo que investiga es calificado de &#8220;basura&#8221; o &#8220;delincuente&#8221; por el propio presidente. <\/p>\n\n\n\n<p>La narrativa del espionaje cae por su propio peso cuando la respuesta es el borrado de acreditaciones. La pol\u00edtica de NOLSALP se impone por la fuerza institucional, alejando la gesti\u00f3n p\u00fablica del escrutinio ciudadano.<\/p>\n\n\n\n<p>Es fundamental entender que este llamamiento de odio, cristalizado bajo esa sigla desde junio de 2025, nunca fue una picard\u00eda de redes sociales. <\/p>\n\n\n\n<p>Cuando el Estado se apropia del verbo odiar y lo convierte en consigna oficial, el escenario se vuelve criminal. No es un eslogan inocente; es la validaci\u00f3n institucional de una persecuci\u00f3n que hoy encuentra su punto m\u00e1ximo en el desalojo de los trabajadores de la Casa de Gobierno.<\/p>\n\n\n\n<h3 class=\"wp-block-heading has-text-align-center\">\u00a1Vamos al Informe!<\/h3>\n\n\n\n<figure class=\"wp-block-embed is-type-wp-embed is-provider-locomoci-n-tv wp-block-embed-locomoci-n-tv\"><div class=\"wp-block-embed__wrapper\">\n<blockquote class=\"wp-embedded-content\" data-secret=\"wiRPyPkxA4\"><a href=\"https:\/\/locomociontv.org\/?p=38704\">La Tiran\u00eda del Agente de NOLSALP<\/a><\/blockquote><iframe loading=\"lazy\" class=\"wp-embedded-content\" sandbox=\"allow-scripts\" security=\"restricted\" style=\"position: absolute; visibility: hidden;\" title=\"&#8220;La Tiran\u00eda del Agente de NOLSALP&#8221; &#8212; Locomoci\u00f3n TV\" src=\"https:\/\/locomociontv.org\/?p=38704&#038;embed=true#?secret=fIBjD5vYPf#?secret=wiRPyPkxA4\" data-secret=\"wiRPyPkxA4\" width=\"600\" height=\"338\" frameborder=\"0\" marginwidth=\"0\" marginheight=\"0\" scrolling=\"no\"><\/iframe>\n<\/div><\/figure>\n\n\n\n<p>El cierre de la sala de periodistas y el borrado de las huellas biom\u00e9tricas son la firma de un r\u00e9gimen que le teme a la mirada ajena. <\/p>\n\n\n\n<p>Al utilizar la excusa del espionaje para anular el trabajo de prensa, el gobierno admite que tiene mucho que ocultar. <\/p>\n\n\n\n<p>La doctrina de NOLSALP ha pasado de las palabras a los hechos, convirtiendo la sede de gobierno en un b\u00fanker inaccesible donde la \u00fanica verdad permitida es la que se dicta por redes sociales. <\/p>\n\n\n\n<p>La libertad de expresi\u00f3n no se negocia, se defiende frente a quienes pretenden gobernar en la oscuridad.<\/p>\n\n\n\n<!--nextpage-->\n\n\n\n<h3 class=\"wp-block-heading\">Manuel Adorni: 240 horas bajo fuego<\/h3>\n\n\n\n<figure class=\"wp-block-image size-large\"><img loading=\"lazy\" decoding=\"async\" width=\"2000\" height=\"1121\" src=\"https:\/\/locomociontv.org\/wp-content\/uploads\/2026\/04\/backgrounderaser_20260424_2346197202639555963286342986.jpg\" alt=\"\" class=\"wp-image-38754\" srcset=\"https:\/\/locomociontv.org\/wp-content\/uploads\/2026\/04\/backgrounderaser_20260424_2346197202639555963286342986.jpg 2000w, https:\/\/locomociontv.org\/wp-content\/uploads\/2026\/04\/backgrounderaser_20260424_2346197202639555963286342986-300x168.jpg 300w, https:\/\/locomociontv.org\/wp-content\/uploads\/2026\/04\/backgrounderaser_20260424_2346197202639555963286342986-1024x574.jpg 1024w, https:\/\/locomociontv.org\/wp-content\/uploads\/2026\/04\/backgrounderaser_20260424_2346197202639555963286342986-768x430.jpg 768w, https:\/\/locomociontv.org\/wp-content\/uploads\/2026\/04\/backgrounderaser_20260424_2346197202639555963286342986-1536x861.jpg 1536w\" sizes=\"auto, (max-width: 2000px) 100vw, 2000px\" \/><\/figure>\n\n\n\n<p>La situaci\u00f3n de Manuel Adorni ha pasado de la incomodidad medi\u00e1tica a la fragilidad judicial. Lo que el oficialismo intenta vender como un ataque de la casta period\u00edstica es, en realidad, el resultado de una investigaci\u00f3n que pone la lupa sobre un incremento patrimonial injustificado. Estamos hablando de un funcionario que, mientras pregona la austeridad desde el atril de Balcarce 50, ha visto c\u00f3mo sus activos se multiplicaban de forma milagrosa en un plazo que desaf\u00eda cualquier l\u00f3gica del mercado privado.<\/p>\n\n\n\n<p>El n\u00facleo del esc\u00e1ndalo reside en las inconsistencias de sus declaraciones juradas. Aparecen propiedades y veh\u00edculos que no se condicen con sus ingresos previos a la funci\u00f3n p\u00fablica. El vocero ha intentado defenderse alegando \u00e9xitos en el sector de seguros y consultor\u00eda, pero los n\u00fameros no mienten: la trazabilidad de ese dinero es, cuanto menos, nebulosa. No se trata solo de los contratos de sus familiares en distintas dependencias del Estado \u2014que ya de por s\u00ed huelen a rancio nepotismo\u2014, sino de c\u00f3mo un comunicador de nicho se convirti\u00f3 en un terrateniente administrativo en tiempo r\u00e9cord.<\/p>\n\n\n\n<p>A esto se suma la sospecha sobre el manejo de la pauta y los recursos de la vocer\u00eda. En las \u00faltimas 240 horas, han salido a la luz detalles sobre contrataciones directas y movimientos de fondos que parecen destinados m\u00e1s a blindar su imagen personal que a informar a la ciudadan\u00eda. Adorni encarna la contradicci\u00f3n m\u00e1xima del r\u00e9gimen: usa las herramientas de la vieja pol\u00edtica para sostener un discurso de &#8216;nueva era&#8217;. El &#8216;AdorniGate&#8217; no es una operaci\u00f3n; es la evidencia f\u00edsica de que la casta no desapareci\u00f3, simplemente se cambi\u00f3 el peinado y aprendi\u00f3 a usar Twitter para distraer mientras se queda con la caja.<\/p>\n\n\n\n<h3 class=\"wp-block-heading has-text-align-center\">\u00a1Vamos al Informe!<\/h3>\n\n\n\n<figure class=\"wp-block-embed is-type-wp-embed is-provider-locomoci-n-tv wp-block-embed-locomoci-n-tv\"><div class=\"wp-block-embed__wrapper\">\n<blockquote class=\"wp-embedded-content\" data-secret=\"SbIlrxxb0E\"><a href=\"https:\/\/locomociontv.org\/?p=38681\">Manuel Adorni: otras 240 horas bajo fuego<\/a><\/blockquote><iframe loading=\"lazy\" class=\"wp-embedded-content\" sandbox=\"allow-scripts\" security=\"restricted\" style=\"position: absolute; visibility: hidden;\" title=\"&#8220;Manuel Adorni: otras 240 horas bajo fuego&#8221; &#8212; Locomoci\u00f3n TV\" src=\"https:\/\/locomociontv.org\/?p=38681&#038;embed=true#?secret=7yEqZvW6MR#?secret=SbIlrxxb0E\" data-secret=\"SbIlrxxb0E\" width=\"600\" height=\"338\" frameborder=\"0\" marginwidth=\"0\" marginheight=\"0\" scrolling=\"no\"><\/iframe>\n<\/div><\/figure>\n\n\n\n<p>El tiempo se le acaba a las explicaciones vac\u00edas. Las \u00faltimas 240 horas demuestran que, por m\u00e1s que intenten borrar huellas o clausurar salas de prensa, los datos terminan aflorando. <\/p>\n\n\n\n<p>Manuel Adorni ya no es solo el rostro de la comunicaci\u00f3n oficial; es el s\u00edmbolo de una gesti\u00f3n que se devora a s\u00ed misma entre el privilegio y la hipocres\u00eda. <\/p>\n\n\n\n<p>Nosotros vamos a seguir registrando cada inconsistencia, porque la \u00fanica libertad que defienden es la de enriquecerse a espaldas de un pueblo que ya no aguanta m\u00e1s ajustes.<\/p>\n\n\n\n<!--nextpage-->\n\n\n\n<h3 class=\"wp-block-heading\">CRONOLOG\u00cdA DE UNA SUMISI\u00d3N INFINITA<\/h3>\n\n\n\n<figure class=\"wp-block-image size-large\"><img loading=\"lazy\" decoding=\"async\" width=\"2000\" height=\"1121\" src=\"https:\/\/locomociontv.org\/wp-content\/uploads\/2026\/04\/backgrounderaser_20260424_2347310084330270625660180272.jpg\" alt=\"\" class=\"wp-image-38753\" srcset=\"https:\/\/locomociontv.org\/wp-content\/uploads\/2026\/04\/backgrounderaser_20260424_2347310084330270625660180272.jpg 2000w, https:\/\/locomociontv.org\/wp-content\/uploads\/2026\/04\/backgrounderaser_20260424_2347310084330270625660180272-300x168.jpg 300w, https:\/\/locomociontv.org\/wp-content\/uploads\/2026\/04\/backgrounderaser_20260424_2347310084330270625660180272-1024x574.jpg 1024w, https:\/\/locomociontv.org\/wp-content\/uploads\/2026\/04\/backgrounderaser_20260424_2347310084330270625660180272-768x430.jpg 768w, https:\/\/locomociontv.org\/wp-content\/uploads\/2026\/04\/backgrounderaser_20260424_2347310084330270625660180272-1536x861.jpg 1536w\" sizes=\"auto, (max-width: 2000px) 100vw, 2000px\" \/><\/figure>\n\n\n\n<p>La pol\u00edtica exterior de Javier Milei ha dejado de ser una excentricidad ideol\u00f3gica para convertirse en un peligroso ejercicio de <strong>vulnerabilidad nacional<\/strong>. <\/p>\n\n\n\n<p>Lo que vimos en la gira de abril de 2026 no fue diplomacia, fue una ceremonia de abdicaci\u00f3n. Mientras el mundo toma distancia de un Netanyahu acorralado, el presidente argentino corre a ofrecerle un salvavidas moral, pagando el costo con el activo m\u00e1s sagrado de nuestra naci\u00f3n: <strong>la soberan\u00eda<\/strong>.<\/p>\n\n\n\n<p>El cinismo alcanz\u00f3 su punto de ebullici\u00f3n en el cenotafio de los ca\u00eddos por Malvinas. Resulta intolerable que, en el mismo suelo donde se honra a quienes dieron la vida contra el colonialismo brit\u00e1nico, Mil\u00e9i haya nombrado con total naturalidad a <strong>Navitas Petroleum<\/strong>. Es la confesi\u00f3n de parte: el socio &#8220;espiritual&#8221; de la Casa Rosada es, al mismo tiempo, el financista del saqueo petrolero en nuestras islas.<\/p>\n\n\n\n<p>No es una contradicci\u00f3n, es un dise\u00f1o. Milei ha decidido que la integridad territorial argentina es una moneda de cambio barata para su validaci\u00f3n personal en el tablero del sionismo internacional. Bajo el influjo de los <strong>Acuerdos de Isaac<\/strong>, la Argentina ya no habla por s\u00ed misma; repite, como un eco degradado, consignas de segregaci\u00f3n cultural que nos arrastran a un conflicto milenario que no es nuestro, pero cuyas consecuencias pagaremos todos.<\/p>\n\n\n\n<h3 class=\"wp-block-heading has-text-align-center\">\u00a1Vamos al Informe!<\/h3>\n\n\n\n<figure class=\"wp-block-embed is-type-wp-embed is-provider-locomoci-n-tv wp-block-embed-locomoci-n-tv\"><div class=\"wp-block-embed__wrapper\">\n<blockquote class=\"wp-embedded-content\" data-secret=\"8o7qbY0xOT\"><a href=\"https:\/\/locomociontv.org\/?p=38666\">UN PRESIDENTE REGALADAMENTE ALINEADO CON ISRAEL<\/a><\/blockquote><iframe loading=\"lazy\" class=\"wp-embedded-content\" sandbox=\"allow-scripts\" security=\"restricted\" style=\"position: absolute; visibility: hidden;\" title=\"&#8220;UN PRESIDENTE REGALADAMENTE ALINEADO CON ISRAEL&#8221; &#8212; Locomoci\u00f3n TV\" src=\"https:\/\/locomociontv.org\/?p=38666&#038;embed=true#?secret=XEuo9E6N72#?secret=8o7qbY0xOT\" data-secret=\"8o7qbY0xOT\" width=\"600\" height=\"338\" frameborder=\"0\" marginwidth=\"0\" marginheight=\"0\" scrolling=\"no\"><\/iframe>\n<\/div><\/figure>\n\n\n\n<p>El costo de esta hipnosis es la irrelevancia y la verg\u00fcenza. Milei llora en muros ajenos con una coreograf\u00eda que busca el &#8220;like&#8221; en redes sociales, mientras permanece seco y fr\u00edo ante el despojo de nuestros recursos naturales.<\/p>\n\n\n\n<p>La &#8220;Libertad&#8221; que el presidente canta a los gritos es, en el fondo, la libertad de los poderosos para vaciarnos mientras nos usan de escudo humano. <\/p>\n\n\n\n<p>Argentina ha pasado de la mediaci\u00f3n de paz a la genuflexi\u00f3n suicida. Porque al final del d\u00eda, las fuerzas del cielo no trajeron inversiones ni soluciones, solo trajeron una tormenta de silencio y una firma estampada en el acta de nuestra propia entrega.<\/p>\n\n\n\n<p><strong>Un presidente que no puede distinguir entre un aliado y un saqueador, no est\u00e1 gobernando: est\u00e1 entregando las llaves de la casa mientras reza en el jard\u00edn del vecino.<\/strong><\/p>\n\n\n\n<!--nextpage-->\n\n\n\n<h3 class=\"wp-block-heading\">Cierre de la Emisi\u00f3n #104<\/h3>\n\n\n\n<figure class=\"wp-block-image size-large\"><img loading=\"lazy\" decoding=\"async\" width=\"1024\" height=\"574\" src=\"https:\/\/locomociontv.org\/wp-content\/uploads\/2026\/04\/ltvn-104-fine3944161910438847185-1024x574.jpg\" alt=\"\" class=\"wp-image-38752\" srcset=\"https:\/\/locomociontv.org\/wp-content\/uploads\/2026\/04\/ltvn-104-fine3944161910438847185-1024x574.jpg 1024w, https:\/\/locomociontv.org\/wp-content\/uploads\/2026\/04\/ltvn-104-fine3944161910438847185-300x168.jpg 300w, https:\/\/locomociontv.org\/wp-content\/uploads\/2026\/04\/ltvn-104-fine3944161910438847185-768x430.jpg 768w, https:\/\/locomociontv.org\/wp-content\/uploads\/2026\/04\/ltvn-104-fine3944161910438847185-1536x861.jpg 1536w, https:\/\/locomociontv.org\/wp-content\/uploads\/2026\/04\/ltvn-104-fine3944161910438847185.jpg 2000w\" sizes=\"auto, (max-width: 1024px) 100vw, 1024px\" \/><\/figure>\n\n\n\n<p>Hasta aqu\u00ed llegamos con esta cent\u00e9sima cuarta Emisi\u00f3n Regular de Locomoci\u00f3n TV &#8211; Noticias, la que esperamos haya sido de vuestro agrado.<br \/>Sin otro particular, ser\u00e1 hasta la pr\u00f3xima, amigas y amigos.<\/p>\n<p>Visits: 6<\/p>","protected":false},"excerpt":{"rendered":"<p>Introducci\u00f3n a la Emisi\u00f3n #104 Hola amigas y amigos:Sean bienvenides a la cent\u00e9sima cuarta Emisi\u00f3n Regular de Locomoci\u00f3n TV &#8211; Noticias.Desde el Estudio \u00danico de Locomoci\u00f3n TV en la Ciudad Aut\u00f3noma de Buenos Aires, llegamos hasta ustedes luego de 7 d\u00edas desde nuestro \u00faltimo encuentro por estos medios. El encuentro secreto entre Mauricio Macri y &hellip;<\/p>\n","protected":false},"author":1,"featured_media":38747,"comment_status":"open","ping_status":"open","sticky":false,"template":"","format":"video","meta":{"footnotes":""},"categories":[1],"tags":[],"class_list":["post-38660","post","type-post","status-publish","format-video","has-post-thumbnail","hentry","category-sin-categoria","post_format-post-format-video","post-dark","post-wide","has-post-thumb"],"_links":{"self":[{"href":"https:\/\/locomociontv.org\/index.php?rest_route=\/wp\/v2\/posts\/38660","targetHints":{"allow":["GET"]}}],"collection":[{"href":"https:\/\/locomociontv.org\/index.php?rest_route=\/wp\/v2\/posts"}],"about":[{"href":"https:\/\/locomociontv.org\/index.php?rest_route=\/wp\/v2\/types\/post"}],"author":[{"embeddable":true,"href":"https:\/\/locomociontv.org\/index.php?rest_route=\/wp\/v2\/users\/1"}],"replies":[{"embeddable":true,"href":"https:\/\/locomociontv.org\/index.php?rest_route=%2Fwp%2Fv2%2Fcomments&post=38660"}],"version-history":[{"count":7,"href":"https:\/\/locomociontv.org\/index.php?rest_route=\/wp\/v2\/posts\/38660\/revisions"}],"predecessor-version":[{"id":38759,"href":"https:\/\/locomociontv.org\/index.php?rest_route=\/wp\/v2\/posts\/38660\/revisions\/38759"}],"wp:featuredmedia":[{"embeddable":true,"href":"https:\/\/locomociontv.org\/index.php?rest_route=\/wp\/v2\/media\/38747"}],"wp:attachment":[{"href":"https:\/\/locomociontv.org\/index.php?rest_route=%2Fwp%2Fv2%2Fmedia&parent=38660"}],"wp:term":[{"taxonomy":"category","embeddable":true,"href":"https:\/\/locomociontv.org\/index.php?rest_route=%2Fwp%2Fv2%2Fcategories&post=38660"},{"taxonomy":"post_tag","embeddable":true,"href":"https:\/\/locomociontv.org\/index.php?rest_route=%2Fwp%2Fv2%2Ftags&post=38660"}],"curies":[{"name":"wp","href":"https:\/\/api.w.org\/{rel}","templated":true}]}}