{"id":3840,"date":"2018-11-22T14:22:37","date_gmt":"2018-11-22T17:22:37","guid":{"rendered":"http:\/\/locomociontv.org\/?p=3840"},"modified":"2018-11-22T14:22:38","modified_gmt":"2018-11-22T17:22:38","slug":"urgente-la-policia-fusilo-un-companero-de-la-ctep","status":"publish","type":"post","link":"https:\/\/locomociontv.org\/?p=3840","title":{"rendered":"URGENTE | La polic\u00eda fusil\u00f3 un compa\u00f1ero de la CTEP"},"content":{"rendered":"\n<p style=\"text-align:right\"><a rel=\"noreferrer noopener\" aria-label=\"Noticia de Correpi (abre en una nueva pesta\u00f1a)\" href=\"http:\/\/www.correpi.org\/2018\/urgente-la-policia-fusilo-un-companero-de-la-ctep\/\" target=\"_blank\">Noticia de Correpi<\/a><\/p>\n\n\n\n<figure class=\"wp-block-image\"><img decoding=\"async\" src=\"https:\/\/external.faep8-1.fna.fbcdn.net\/safe_image.php?d=AQCmP8WEW_bvXLKV&amp;w=540&amp;h=282&amp;url=http%3A%2F%2Fwww.correpi.org%2Fwp-content%2Fuploads%2F2018%2F11%2F4.png&amp;cfs=1&amp;upscale=1&amp;fallback=news_d_placeholder_publisher&amp;_nc_hash=AQAladizvdkNQi_z\" alt=\"\"\/><\/figure>\n\n\n\n<p>En la madrugada de hoy, en Villa Celina, durante una toma de terrenos en Puente 12, la polic\u00eda fusil\u00f3 al compa\u00f1ero Rodolfo Orellana.<br>Hay m\u00e1s compa\u00f1erxs heridxs, y por el momento tenemos informaci\u00f3n de cuatro compa\u00f1erxs detenidxs.<br>Estamos intentando confirmar lugar de detenci\u00f3n, su estado y si hay m\u00e1s personas detenidas.<\/p>\n\n\n\n<p>Hoy a las\u00a0 17 hs \u2013 Conferencia de prensa en CTEP (Pedro Echag\u00fce 1265)<br>Exigimos la libertad de lxs compa\u00f1erxs presxs y justicia por Ronald<\/p>\n\n\n\n<!--more-->\n\n\n\n<figure class=\"wp-block-embed-wordpress wp-block-embed is-type-wp-embed is-provider-correpi\"><div class=\"wp-block-embed__wrapper\">\n<blockquote class=\"wp-embedded-content\" data-secret=\"LcNsvlUJN5\"><a href=\"http:\/\/www.correpi.org\/2018\/urgente-la-policia-fusilo-un-companero-de-la-ctep\/\">URGENTE | La polic\u00eda fusil\u00f3 un compa\u00f1ero de la CTEP<\/a><\/blockquote><iframe loading=\"lazy\" class=\"wp-embedded-content\" sandbox=\"allow-scripts\" security=\"restricted\" style=\"position: absolute; clip: rect(1px, 1px, 1px, 1px);\" src=\"http:\/\/www.correpi.org\/2018\/urgente-la-policia-fusilo-un-companero-de-la-ctep\/embed\/#?secret=LcNsvlUJN5\" data-secret=\"LcNsvlUJN5\" width=\"580\" height=\"327\" title=\"&#8220;URGENTE | La polic\u00eda fusil\u00f3 un compa\u00f1ero de la CTEP&#8221; &#8212; CORREPI\" frameborder=\"0\" marginwidth=\"0\" marginheight=\"0\" scrolling=\"no\"><\/iframe>\n<\/div><\/figure>\n<div class=\"pdfprnt-buttons pdfprnt-buttons-post pdfprnt-bottom-right\"><a href=\"https:\/\/locomociontv.org\/index.php?rest_route=%2Fwp%2Fv2%2Fposts%2F3840&print=pdf\" class=\"pdfprnt-button pdfprnt-button-pdf\" target=\"_blank\" ><img decoding=\"async\" src=\"https:\/\/locomociontv.org\/wp-content\/plugins\/pdf-print\/images\/pdf.png\" alt=\"image_pdf\" title=\"View PDF\" \/><span class=\"pdfprnt-button-title pdfprnt-button-pdf-title\">Hacer PDF<\/span><\/a><a href=\"https:\/\/locomociontv.org\/index.php?rest_route=%2Fwp%2Fv2%2Fposts%2F3840&print=print\" class=\"pdfprnt-button pdfprnt-button-print\" target=\"_blank\" ><img decoding=\"async\" src=\"https:\/\/locomociontv.org\/wp-content\/plugins\/pdf-print\/images\/print.png\" alt=\"image_print\" title=\"Print Content\" \/><span class=\"pdfprnt-button-title pdfprnt-button-print-title\">Imprimir<\/span><\/a><\/div><p>Views: 1<\/p>","protected":false},"excerpt":{"rendered":"<p>Noticia de Correpi En la madrugada de hoy, en Villa Celina, durante una toma de terrenos en Puente 12, la polic\u00eda fusil\u00f3 al compa\u00f1ero Rodolfo Orellana.Hay m\u00e1s compa\u00f1erxs heridxs, y por el momento tenemos informaci\u00f3n de cuatro compa\u00f1erxs detenidxs.Estamos intentando confirmar lugar de detenci\u00f3n, su estado y si hay m\u00e1s personas detenidas. Hoy a las\u00a0 &hellip;<\/p>\n","protected":false},"author":1,"featured_media":3846,"comment_status":"open","ping_status":"open","sticky":false,"template":"","format":"standard","meta":{"footnotes":""},"categories":[20,11,7,8,6,14],"tags":[],"class_list":["post-3840","post","type-post","status-publish","format-standard","has-post-thumbnail","hentry","category-aparatos-de-represion-de-estado","category-derechos-humanos","category-el-estado-de-las-luchas","category-el-irreverente","category-programas","category-urgente","post-bright","has-post-thumb","small-thumb"],"_links":{"self":[{"href":"https:\/\/locomociontv.org\/index.php?rest_route=\/wp\/v2\/posts\/3840","targetHints":{"allow":["GET"]}}],"collection":[{"href":"https:\/\/locomociontv.org\/index.php?rest_route=\/wp\/v2\/posts"}],"about":[{"href":"https:\/\/locomociontv.org\/index.php?rest_route=\/wp\/v2\/types\/post"}],"author":[{"embeddable":true,"href":"https:\/\/locomociontv.org\/index.php?rest_route=\/wp\/v2\/users\/1"}],"replies":[{"embeddable":true,"href":"https:\/\/locomociontv.org\/index.php?rest_route=%2Fwp%2Fv2%2Fcomments&post=3840"}],"version-history":[{"count":1,"href":"https:\/\/locomociontv.org\/index.php?rest_route=\/wp\/v2\/posts\/3840\/revisions"}],"predecessor-version":[{"id":3847,"href":"https:\/\/locomociontv.org\/index.php?rest_route=\/wp\/v2\/posts\/3840\/revisions\/3847"}],"wp:featuredmedia":[{"embeddable":true,"href":"https:\/\/locomociontv.org\/index.php?rest_route=\/wp\/v2\/media\/3846"}],"wp:attachment":[{"href":"https:\/\/locomociontv.org\/index.php?rest_route=%2Fwp%2Fv2%2Fmedia&parent=3840"}],"wp:term":[{"taxonomy":"category","embeddable":true,"href":"https:\/\/locomociontv.org\/index.php?rest_route=%2Fwp%2Fv2%2Fcategories&post=3840"},{"taxonomy":"post_tag","embeddable":true,"href":"https:\/\/locomociontv.org\/index.php?rest_route=%2Fwp%2Fv2%2Ftags&post=3840"}],"curies":[{"name":"wp","href":"https:\/\/api.w.org\/{rel}","templated":true}]}}