{"id":36391,"date":"2025-11-06T19:46:30","date_gmt":"2025-11-06T22:46:30","guid":{"rendered":"https:\/\/locomociontv.org\/?p=36391"},"modified":"2025-11-07T07:22:38","modified_gmt":"2025-11-07T10:22:38","slug":"240-horas-despues-de-la-victoria","status":"publish","type":"post","link":"https:\/\/locomociontv.org\/?p=36391","title":{"rendered":"240 horas despu\u00e9s de la victoria"},"content":{"rendered":"\n<figure class=\"wp-block-embed is-type-video is-provider-youtube wp-block-embed-youtube wp-embed-aspect-16-9 wp-has-aspect-ratio\"><div class=\"wp-block-embed__wrapper\">\n<iframe loading=\"lazy\" title=\"240 horas despu\u00e9s de la victoria\" width=\"818\" height=\"460\" src=\"https:\/\/www.youtube.com\/embed\/A9pBhYIN8J8?feature=oembed\" frameborder=\"0\" allow=\"accelerometer; autoplay; clipboard-write; encrypted-media; gyroscope; picture-in-picture; web-share\" referrerpolicy=\"strict-origin-when-cross-origin\" allowfullscreen><\/iframe>\n<\/div><\/figure>\n\n\n\n<h3 class=\"wp-block-heading has-text-align-center\">Sumario del Informe<\/h3>\n\n\n\n<ul class=\"wp-block-list\">\n<li>00:00 &#8211; <a href=\"https:\/\/locomociontv.org\/?p=36391&amp;page=2\">240 horas despu\u00e9s de la victoria<\/a><\/li>\n\n\n\n<li>01:10 &#8211; <a href=\"https:\/\/locomociontv.org\/?p=36391&amp;page=3\">El &#8220;D\u00eda despu\u00e9s&#8221; de Javier Milei<\/a><\/li>\n\n\n\n<li>04:51 &#8211; <a href=\"https:\/\/locomociontv.org\/?p=36391&amp;page=4\">Trump expres\u00f3 su alivio por la victoria de Milei<\/a><\/li>\n\n\n\n<li>06:09 &#8211; <a href=\"https:\/\/locomociontv.org\/?p=36391&amp;page=5\">Milei desesperado por visitar los Estados Unidos de nuevo<\/a><\/li>\n\n\n\n<li>06:41 &#8211; <a href=\"https:\/\/locomociontv.org\/?p=36391&amp;page=6\">Pablo Quirno asumi\u00f3 como Canciller<\/a><\/li>\n\n\n\n<li>07:51 &#8211; <a href=\"https:\/\/locomociontv.org\/?p=36391&amp;page=7\">Milei se junta con los gobernadores en la Rosada<\/a><\/li>\n\n\n\n<li>08:48 &#8211; <a href=\"https:\/\/locomociontv.org\/?p=36391&amp;page=8\">Milei y Macri: a las patadas como siempre<\/a><\/li>\n\n\n\n<li>09:23 &#8211; <a href=\"https:\/\/locomociontv.org\/?p=36391&amp;page=9\">Milei se pasa por las partes todos: ahora hace testimoniales<\/a><\/li>\n\n\n\n<li>10:10 &#8211; <a href=\"https:\/\/locomociontv.org\/?p=36391&amp;page=10\">Milei toma juramento a Manuel Adorni como Jefe de Gabinete<\/a><\/li>\n\n\n\n<li>11:52 &#8211; <a href=\"https:\/\/locomociontv.org\/?p=36391&amp;page=11\">La Gira de Milei: un escape a la victoria<\/a><\/li>\n<\/ul>\n\n\n\n<!--nextpage-->\n\n\n\n<h3 class=\"wp-block-heading\">240 horas despu\u00e9s de la victoria<\/h3>\n\n\n\n<figure class=\"wp-block-image size-large\"><img loading=\"lazy\" decoding=\"async\" width=\"1024\" height=\"574\" src=\"https:\/\/locomociontv.org\/wp-content\/uploads\/2025\/11\/wp-17623725533402328475870886893279-1024x574.jpg\" alt=\"\" class=\"wp-image-36397\" srcset=\"https:\/\/locomociontv.org\/wp-content\/uploads\/2025\/11\/wp-17623725533402328475870886893279-1024x574.jpg 1024w, https:\/\/locomociontv.org\/wp-content\/uploads\/2025\/11\/wp-17623725533402328475870886893279-300x168.jpg 300w, https:\/\/locomociontv.org\/wp-content\/uploads\/2025\/11\/wp-17623725533402328475870886893279-768x430.jpg 768w, https:\/\/locomociontv.org\/wp-content\/uploads\/2025\/11\/wp-17623725533402328475870886893279-1536x861.jpg 1536w, https:\/\/locomociontv.org\/wp-content\/uploads\/2025\/11\/wp-17623725533402328475870886893279.jpg 1920w\" sizes=\"auto, (max-width: 1024px) 100vw, 1024px\" \/><\/figure>\n\n\n\n<p>Una victoria electoral a Milei deja con la proa puesta en revalidar su mandato en 2027, su principal problema era que todos sus vetos pasaran y ser\u00eda algo que estar\u00eda logrando luego del 26 de octubre.<\/p>\n\n\n\n<p>El d\u00f3lar sigue d\u00e1ndole dolores de cabeza, pero al parecer nadie le reclama por ello, ya que tiene al principal partido opositor del sistema pasando facturas de una derrota que nunca en el peronismo tiene padres ni madres. En el mejor de los casos, cuando la aceptaron, los peronistas le volvieron a dar todo el poder a Trump como \u00fanica raz\u00f3n de que les dieron soberana paliza. <\/p>\n\n\n\n<p>240 horas en las que el Presidente dej\u00f3 todo el Gabinete nuevo, se llev\u00f3 la foto con los gobernadores y parti\u00f3 hacia los Estados Unidos a ver si Trump (que suspir\u00f3 aliviado por la victoria de Milei) le indica que hacer con su Gobierno y de paso ir a la asunci\u00f3n de Presidente Rodrigo Paz en Bolivia.<\/p>\n\n\n\n<!--nextpage-->\n\n\n\n<h3 class=\"wp-block-heading\">El &#8220;D\u00eda despu\u00e9s&#8221; de Javier Milei<\/h3>\n\n\n\n<p>En la ma\u00f1ana del 27, a\u00fan con la resaca de la victoria, Javier Milei tuvo un momento de pausa en su \u00edmpetu de cambiar gente cercana e hizo saber que a\u00fan tiene tiempo para llevar a cabo las modificaciones de funcionarios del Gabinete. <\/p>\n\n\n\n<p>En una entrevista realizada por Antonio Laje en el oficialista A24 el Presidente dijo que &#8220;el Gabinete se va a construir a la luz del nuevo Congreso, de las alianzas que tengo que buscar para poder pasar la agenda&#8221;.<\/p>\n\n\n\n<p>Suponemos que la salida de Francos y la llegada de Adorni al Gabinete son indicativas de mucho m\u00e1s cosas que lo el Presidente pueda decir. <\/p>\n\n\n\n<p>Mejor, no nos crean a nosotres.<\/p>\n\n\n\n<p>\u00a1Vamos a las im\u00e1genes!<\/p>\n\n\n\n<figure class=\"wp-block-video\"><video height=\"1080\" style=\"aspect-ratio: 1920 \/ 1080;\" width=\"1920\" controls src=\"https:\/\/locomociontv.org\/wp-content\/uploads\/2025\/11\/36391-201.mp4\"><\/video><\/figure>\n\n\n\n<!--nextpage-->\n\n\n\n<h3 class=\"wp-block-heading\">Trump expres\u00f3 su alivio por la victoria de Milei<\/h3>\n\n\n\n<p>Al otro d\u00eda de las elecciones, el Presidente de los Estados Unidos, Donald Trump hizo declaraciones sobre el particular en la que habl\u00f3 como quien respira aliviado tras los resultados y se le nota. <\/p>\n\n\n\n<p>Trump no puede evitar esa relaci\u00f3n &#8220;latino-droga&#8221; que es una constante en su discurso y que le da derecho seg\u00fan la enfermiza visi\u00f3n del Estado a meterse en naciones soberanas de la regi\u00f3n y masacrar gente como es su costumbre y el \u00fanico oficio que saben hacer ese pa\u00eds. <\/p>\n\n\n\n<p>\u00a1Vamos a las im\u00e1genes!<\/p>\n\n\n\n<figure class=\"wp-block-video\"><video height=\"1080\" style=\"aspect-ratio: 1920 \/ 1080;\" width=\"1920\" controls src=\"https:\/\/locomociontv.org\/wp-content\/uploads\/2025\/11\/Video.Guru_20251105_075944450.mp4\"><\/video><\/figure>\n\n\n\n<!--nextpage-->\n\n\n\n<h3 class=\"wp-block-heading\">Milei desesperado por visitar los Estados Unidos de nuevo<\/h3>\n\n\n\n<figure class=\"wp-block-image size-large\"><img loading=\"lazy\" decoding=\"async\" width=\"1024\" height=\"574\" src=\"https:\/\/locomociontv.org\/wp-content\/uploads\/2025\/11\/wp-1762342858180960288843274634832-1024x574.jpg\" alt=\"\" class=\"wp-image-36394\" srcset=\"https:\/\/locomociontv.org\/wp-content\/uploads\/2025\/11\/wp-1762342858180960288843274634832-1024x574.jpg 1024w, https:\/\/locomociontv.org\/wp-content\/uploads\/2025\/11\/wp-1762342858180960288843274634832-300x168.jpg 300w, https:\/\/locomociontv.org\/wp-content\/uploads\/2025\/11\/wp-1762342858180960288843274634832-768x430.jpg 768w, https:\/\/locomociontv.org\/wp-content\/uploads\/2025\/11\/wp-1762342858180960288843274634832-1536x861.jpg 1536w, https:\/\/locomociontv.org\/wp-content\/uploads\/2025\/11\/wp-1762342858180960288843274634832.jpg 1920w\" sizes=\"auto, (max-width: 1024px) 100vw, 1024px\" \/><\/figure>\n\n\n\n<p>Milei, al o\u00edr a Trump felicitarlo se le mojaron los pantalones y se puso a programar el 13 viaje a los Estados Unidos para los d\u00edas 5 al 7 de noviembre. <\/p>\n\n\n\n<p>El viaje de Milei es para ir a hablar en el American Business Forum, un evento en el que se mezcla a Jefes de Estado con deportistas y celebrities. En esta ocasi\u00f3n, Milei seguramente andar\u00e1 detr\u00e1s de sacarse con Lionel Messi, Rafael Nadal, y hasta Will Smith, quienes junto a Donald Trump participar\u00e1n del evento. <\/p>\n\n\n\n<!--nextpage-->\n\n\n\n<h3 class=\"wp-block-heading\">Pablo Quirno asumi\u00f3 como Canciller<\/h3>\n\n\n\n<figure class=\"wp-block-image size-large\"><img loading=\"lazy\" decoding=\"async\" width=\"1024\" height=\"574\" src=\"https:\/\/locomociontv.org\/wp-content\/uploads\/2025\/11\/wp-17623720285526067749257834835367-1024x574.jpg\" alt=\"\" class=\"wp-image-36395\" srcset=\"https:\/\/locomociontv.org\/wp-content\/uploads\/2025\/11\/wp-17623720285526067749257834835367-1024x574.jpg 1024w, https:\/\/locomociontv.org\/wp-content\/uploads\/2025\/11\/wp-17623720285526067749257834835367-300x168.jpg 300w, https:\/\/locomociontv.org\/wp-content\/uploads\/2025\/11\/wp-17623720285526067749257834835367-768x430.jpg 768w, https:\/\/locomociontv.org\/wp-content\/uploads\/2025\/11\/wp-17623720285526067749257834835367-1536x861.jpg 1536w, https:\/\/locomociontv.org\/wp-content\/uploads\/2025\/11\/wp-17623720285526067749257834835367.jpg 1920w\" sizes=\"auto, (max-width: 1024px) 100vw, 1024px\" \/><\/figure>\n\n\n\n<p>El Presidente se ha mostrado muy preocupado en mostrarle a cada uno lo que vaya pidiendo y por eso no quer\u00eda llegar a Estados Unidos sin su flamante Ministro de Relaciones Exteriores y Culto. <\/p>\n\n\n\n<p>A tal efecto le tom\u00f3 juramento como Canciller al ex-Secretario de Finanzas, Pablo Quirno. <\/p>\n\n\n\n<p>Quirno trabaj\u00f3 para la banca JP Morgan por 17 a\u00f1os, es decir que Milei pone a otro arrastrado del Imperio del Dinero en el Palacio San Mart\u00edn: tan s\u00f3lo una muestra m\u00e1s de tremenda sumisi\u00f3n del Gobierno de la Argentina con el de los Estados Unidos. <\/p>\n\n\n\n<p>\u00a1Vamos a las im\u00e1genes!<\/p>\n\n\n\n<figure class=\"wp-block-video\"><video height=\"1080\" style=\"aspect-ratio: 1920 \/ 1080;\" width=\"1920\" controls src=\"https:\/\/locomociontv.org\/wp-content\/uploads\/2025\/11\/wp-1762373778586.mp4\"><\/video><\/figure>\n\n\n\n<!--nextpage-->\n\n\n\n<h3 class=\"wp-block-heading\">Milei se junta con los gobernadores en la Rosada<\/h3>\n\n\n\n<figure class=\"wp-block-image size-large\"><img loading=\"lazy\" decoding=\"async\" width=\"1024\" height=\"574\" src=\"https:\/\/locomociontv.org\/wp-content\/uploads\/2025\/11\/wp-1762375489973570245620867543394-1024x574.jpg\" alt=\"\" class=\"wp-image-36403\" srcset=\"https:\/\/locomociontv.org\/wp-content\/uploads\/2025\/11\/wp-1762375489973570245620867543394-1024x574.jpg 1024w, https:\/\/locomociontv.org\/wp-content\/uploads\/2025\/11\/wp-1762375489973570245620867543394-300x168.jpg 300w, https:\/\/locomociontv.org\/wp-content\/uploads\/2025\/11\/wp-1762375489973570245620867543394-768x430.jpg 768w, https:\/\/locomociontv.org\/wp-content\/uploads\/2025\/11\/wp-1762375489973570245620867543394-1536x861.jpg 1536w, https:\/\/locomociontv.org\/wp-content\/uploads\/2025\/11\/wp-1762375489973570245620867543394.jpg 1920w\" sizes=\"auto, (max-width: 1024px) 100vw, 1024px\" \/><\/figure>\n\n\n\n<p>El 30 de octubre el Presidente Milei recibi\u00f3 a 20 Jefes de Estado provinciales en la Casa Rosada. Todos los convocados respondieron afirmativamente a la convocatoria presidencial.<\/p>\n\n\n\n<p>Los que no fueron invitados (por razones que nadie se dign\u00f3 a explicar) los gobernadores peronistas axel Kicillof (Buenos Aires), Gildo Insfr\u00e1n (Formosa), Ricardo Quintela (La Rioja) y Gustavo Melella (Tierra del Fuego). Axel Kicillof ensay\u00f3 berrinches varios y sigui\u00f3 asegurando que (a pesar de la paliza recibida cuatro d\u00edas antes) que la Provincia es \u00e9l y coso. <\/p>\n\n\n\n<p>La excusa de la reuni\u00f3n fue impulsar los ajustes venideros (a los que llama &#8220;REFORMAS&#8221;) y que Milei enviar\u00e1 al Congreso pr\u00f3ximamente. El Presidente se mostr\u00f3 muy dispuesto a construir consensos, al menos eso quiso que se viera de \u00e9l. Habr\u00e1 que ver que tan dispuesto a los consensos est\u00e1 en los hechos (o en las  pr\u00f3ximas horas).<\/p>\n\n\n\n<!--nextpage-->\n\n\n\n<h3 class=\"wp-block-heading\">Milei y Macri: a las patadas como siempre<\/h3>\n\n\n\n<figure class=\"wp-block-image size-large\"><img loading=\"lazy\" decoding=\"async\" width=\"1024\" height=\"574\" src=\"https:\/\/locomociontv.org\/wp-content\/uploads\/2025\/11\/wp-17623784936845414405101110112123-1024x574.jpg\" alt=\"\" class=\"wp-image-36404\" srcset=\"https:\/\/locomociontv.org\/wp-content\/uploads\/2025\/11\/wp-17623784936845414405101110112123-1024x574.jpg 1024w, https:\/\/locomociontv.org\/wp-content\/uploads\/2025\/11\/wp-17623784936845414405101110112123-300x168.jpg 300w, https:\/\/locomociontv.org\/wp-content\/uploads\/2025\/11\/wp-17623784936845414405101110112123-768x430.jpg 768w, https:\/\/locomociontv.org\/wp-content\/uploads\/2025\/11\/wp-17623784936845414405101110112123-1536x861.jpg 1536w, https:\/\/locomociontv.org\/wp-content\/uploads\/2025\/11\/wp-17623784936845414405101110112123.jpg 1920w\" sizes=\"auto, (max-width: 1024px) 100vw, 1024px\" \/><\/figure>\n\n\n\n<p>Siguiendo con su tradicional gira de lo bizarro, el Presidente de la Naci\u00f3n, Javier Milei, se reuni\u00f3 en la Residencia Presidencial de Olivos con el ex-Presidente Mauricio Macri.<\/p>\n\n\n\n<p>Todo hac\u00eda prever un amigable encuentro entre ambos, finalmente result\u00f3 siendo todo lo contrario. <\/p>\n\n\n\n<p>Al parecer, Macri se sinti\u00f3 o fue &#8220;ninguneado&#8221; por Milei o algo por el estilo, generando otro escandalete tuitero entre pros, ex-pros y gente mile\u00edsta, de los m\u00e1s bizarros que se conozca. Otro espect\u00e1culo pat\u00e9tico de la derecha y sus personalismos suicidas. <\/p>\n\n\n\n<!--nextpage-->\n\n\n\n<h3 class=\"wp-block-heading\">Milei se pasa por las partes todo: ahora hace testimoniales<\/h3>\n\n\n\n<figure class=\"wp-block-image size-large\"><img loading=\"lazy\" decoding=\"async\" width=\"1024\" height=\"574\" src=\"https:\/\/locomociontv.org\/wp-content\/uploads\/2025\/11\/wp-1762379485181207922725256750491-1024x574.jpg\" alt=\"\" class=\"wp-image-36406\" srcset=\"https:\/\/locomociontv.org\/wp-content\/uploads\/2025\/11\/wp-1762379485181207922725256750491-1024x574.jpg 1024w, https:\/\/locomociontv.org\/wp-content\/uploads\/2025\/11\/wp-1762379485181207922725256750491-300x168.jpg 300w, https:\/\/locomociontv.org\/wp-content\/uploads\/2025\/11\/wp-1762379485181207922725256750491-768x430.jpg 768w, https:\/\/locomociontv.org\/wp-content\/uploads\/2025\/11\/wp-1762379485181207922725256750491-1536x861.jpg 1536w, https:\/\/locomociontv.org\/wp-content\/uploads\/2025\/11\/wp-1762379485181207922725256750491.jpg 1920w\" sizes=\"auto, (max-width: 1024px) 100vw, 1024px\" \/><\/figure>\n\n\n\n<p>Tras terminar a los sopapos con Macri, el 2 de noviembre Milei anunci\u00f3 que Diego Santilli ser\u00e1 el pr\u00f3ximo Ministro del Interior de la Naci\u00f3n. <\/p>\n\n\n\n<p>S\u00ed, una semana despu\u00e9s de ser electo Diputado Nacional por la Provincia de Buenos Aires lo designa en el Gobierno como qui\u00e9n (en t\u00e9rminos propios) se r\u00ede de la voluntad popular.<\/p>\n\n\n\n<p>Milei y su gente pon\u00edan el grito en el cielo por las rid\u00edculas &#8220;candidaturas testimoniales&#8221; y act\u00faa de la misma forma que sus antecesores, o m\u00e1s c\u00ednicos a\u00fan. <\/p>\n\n\n\n<p>La &#8220;misi\u00f3n&#8221; que Milei le encargar\u00eda a Santilli es la de llevar adelante &#8220;las conversaciones con gobernadores y legisladores para poder articular con el Congreso de la Naci\u00f3n&#8221; los consensos para los ajustes, esos a los que llama &#8220;REFORMAS&#8221;.<\/p>\n\n\n\n<!--nextpage-->\n\n\n\n<h3 class=\"wp-block-heading\">Milei toma juramento a Manuel Adorni como Jefe de Gabinete<\/h3>\n\n\n\n<p>Unas horas antes de emprender su viaje por Estados Unidos y Bolivia, el Presidente Javier Milei le tom\u00f3 juramento a su ex-vocero; Manuel Adorni, como nuevo Jefe de Gabinete de Ministros de la Naci\u00f3n.<\/p>\n\n\n\n<p>Imaginamos que lo de Adorni ser\u00e1 m\u00e1s que nada la coordinaci\u00f3n, ya que no lo vemos, como a su antecesor Guillermo Francos, aspirando a generar consensos de ninguna manera. <\/p>\n\n\n\n<p>\u00a1Vamos a las im\u00e1genes!<\/p>\n\n\n\n<figure class=\"wp-block-video\"><video height=\"1080\" style=\"aspect-ratio: 1920 \/ 1080;\" width=\"1920\" controls src=\"https:\/\/locomociontv.org\/wp-content\/uploads\/2025\/11\/Video.Guru_20251105_2104498611.mp4\"><\/video><\/figure>\n\n\n\n<!--nextpage-->\n\n\n\n<h3 class=\"wp-block-heading\">La Gira de Milei: un escape a la victoria<\/h3>\n\n\n\n<figure class=\"wp-block-image size-large\"><img loading=\"lazy\" decoding=\"async\" width=\"1024\" height=\"574\" src=\"https:\/\/locomociontv.org\/wp-content\/uploads\/2025\/11\/backgrounderaser_20251105_212904064860498483984608892-1024x574.jpg\" alt=\"\" class=\"wp-image-36411\" srcset=\"https:\/\/locomociontv.org\/wp-content\/uploads\/2025\/11\/backgrounderaser_20251105_212904064860498483984608892-1024x574.jpg 1024w, https:\/\/locomociontv.org\/wp-content\/uploads\/2025\/11\/backgrounderaser_20251105_212904064860498483984608892-300x168.jpg 300w, https:\/\/locomociontv.org\/wp-content\/uploads\/2025\/11\/backgrounderaser_20251105_212904064860498483984608892-768x430.jpg 768w, https:\/\/locomociontv.org\/wp-content\/uploads\/2025\/11\/backgrounderaser_20251105_212904064860498483984608892-1536x861.jpg 1536w, https:\/\/locomociontv.org\/wp-content\/uploads\/2025\/11\/backgrounderaser_20251105_212904064860498483984608892.jpg 1920w\" sizes=\"auto, (max-width: 1024px) 100vw, 1024px\" \/><\/figure>\n\n\n\n<p>Finalmente, el 5 de noviembre el Presidente arranc\u00f3 a su quichiciento viaje a los Estados Unidos, siendo la primera escala de su GIRA en 6 de noviembre en Miami, donde participar\u00e1 de un mega evento del American Business Forum, que como dijimos antes, mezcla a los l\u00edderes ultras con celebrities y deportistas. <\/p>\n\n\n\n<hr class=\"wp-block-separator has-alpha-channel-opacity\"\/>\n\n\n\n<figure class=\"wp-block-image size-large\"><img loading=\"lazy\" decoding=\"async\" width=\"1024\" height=\"574\" src=\"https:\/\/locomociontv.org\/wp-content\/uploads\/2025\/11\/backgrounderaser_20251105_2132492911677164693692351352-1024x574.jpg\" alt=\"\" class=\"wp-image-36413\" srcset=\"https:\/\/locomociontv.org\/wp-content\/uploads\/2025\/11\/backgrounderaser_20251105_2132492911677164693692351352-1024x574.jpg 1024w, https:\/\/locomociontv.org\/wp-content\/uploads\/2025\/11\/backgrounderaser_20251105_2132492911677164693692351352-300x168.jpg 300w, https:\/\/locomociontv.org\/wp-content\/uploads\/2025\/11\/backgrounderaser_20251105_2132492911677164693692351352-768x430.jpg 768w, https:\/\/locomociontv.org\/wp-content\/uploads\/2025\/11\/backgrounderaser_20251105_2132492911677164693692351352-1536x861.jpg 1536w, https:\/\/locomociontv.org\/wp-content\/uploads\/2025\/11\/backgrounderaser_20251105_2132492911677164693692351352.jpg 1920w\" sizes=\"auto, (max-width: 1024px) 100vw, 1024px\" \/><\/figure>\n\n\n\n<p>De all\u00ed en horas de la noche llegar\u00e1 a Palm Beach para la Cena de Gala de la horda ultraderechista de la CPAC donde volver\u00e1 a regodearse de lo que a cualquiera le dar\u00eda verg\u00fcenza siquiera que se sepa. Insistir\u00e1 con que todo est\u00e1 m\u00e1s que bien y que la culpa es del comunismo y coso.<\/p>\n\n\n\n<hr class=\"wp-block-separator has-alpha-channel-opacity\"\/>\n\n\n\n<figure class=\"wp-block-image size-large\"><img loading=\"lazy\" decoding=\"async\" width=\"1024\" height=\"574\" src=\"https:\/\/locomociontv.org\/wp-content\/uploads\/2025\/11\/backgrounderaser_20251105_2137008338190961030237734985-1024x574.jpg\" alt=\"\" class=\"wp-image-36410\" srcset=\"https:\/\/locomociontv.org\/wp-content\/uploads\/2025\/11\/backgrounderaser_20251105_2137008338190961030237734985-1024x574.jpg 1024w, https:\/\/locomociontv.org\/wp-content\/uploads\/2025\/11\/backgrounderaser_20251105_2137008338190961030237734985-300x168.jpg 300w, https:\/\/locomociontv.org\/wp-content\/uploads\/2025\/11\/backgrounderaser_20251105_2137008338190961030237734985-768x430.jpg 768w, https:\/\/locomociontv.org\/wp-content\/uploads\/2025\/11\/backgrounderaser_20251105_2137008338190961030237734985-1536x861.jpg 1536w, https:\/\/locomociontv.org\/wp-content\/uploads\/2025\/11\/backgrounderaser_20251105_2137008338190961030237734985.jpg 1920w\" sizes=\"auto, (max-width: 1024px) 100vw, 1024px\" \/><\/figure>\n\n\n\n<p>El 7 de noviembre el Presidente se har\u00e1 presente en el Council of Americas en un intento de vender lo que a\u00fan quede del pa\u00eds al precio que sea. <\/p>\n\n\n\n<p>No es nuevo, all\u00ed Cristina Kirchner le vendi\u00f3 a Monsanto envenenar la vida de los cordobeses en 2013 y expres\u00f3 su orgullo por ello, por ejemplo. Cada vez que un primer mandatario del pa\u00eds habla desde all\u00e1 nuestro pueblo siente olor a azufre.<\/p>\n\n\n\n<hr class=\"wp-block-separator has-alpha-channel-opacity\"\/>\n\n\n\n<figure class=\"wp-block-image size-large\"><img loading=\"lazy\" decoding=\"async\" width=\"1024\" height=\"574\" src=\"https:\/\/locomociontv.org\/wp-content\/uploads\/2025\/11\/backgrounderaser_20251105_2140239753563337872962472675-1024x574.jpg\" alt=\"\" class=\"wp-image-36412\" srcset=\"https:\/\/locomociontv.org\/wp-content\/uploads\/2025\/11\/backgrounderaser_20251105_2140239753563337872962472675-1024x574.jpg 1024w, https:\/\/locomociontv.org\/wp-content\/uploads\/2025\/11\/backgrounderaser_20251105_2140239753563337872962472675-300x168.jpg 300w, https:\/\/locomociontv.org\/wp-content\/uploads\/2025\/11\/backgrounderaser_20251105_2140239753563337872962472675-768x430.jpg 768w, https:\/\/locomociontv.org\/wp-content\/uploads\/2025\/11\/backgrounderaser_20251105_2140239753563337872962472675-1536x861.jpg 1536w, https:\/\/locomociontv.org\/wp-content\/uploads\/2025\/11\/backgrounderaser_20251105_2140239753563337872962472675.jpg 1920w\" sizes=\"auto, (max-width: 1024px) 100vw, 1024px\" \/><\/figure>\n\n\n\n<p>Ya en una zona de confort m\u00e1s tercermundista para nuestro Presidente, el 8 de noviembre asistir\u00e1 a la asunci\u00f3n del flamante Presidente del Estado Plurinacional de Bolivia, Rodrigo Paz.<\/p>\n\n\n\n<p>En el alg\u00fan momento volver\u00e1 al pa\u00eds, pero por lo pronto ya lo dej\u00f3 en piloto autom\u00e1tico. <\/p>\n<div class=\"pdfprnt-buttons pdfprnt-buttons-post pdfprnt-bottom-right\"><a href=\"https:\/\/locomociontv.org\/index.php?rest_route=%2Fwp%2Fv2%2Fposts%2F36391&print=pdf\" class=\"pdfprnt-button pdfprnt-button-pdf\" target=\"_blank\" ><img decoding=\"async\" src=\"https:\/\/locomociontv.org\/wp-content\/plugins\/pdf-print\/images\/pdf.png\" alt=\"image_pdf\" title=\"View PDF\" \/><span class=\"pdfprnt-button-title pdfprnt-button-pdf-title\">Hacer PDF<\/span><\/a><a href=\"https:\/\/locomociontv.org\/index.php?rest_route=%2Fwp%2Fv2%2Fposts%2F36391&print=print\" class=\"pdfprnt-button pdfprnt-button-print\" target=\"_blank\" ><img decoding=\"async\" src=\"https:\/\/locomociontv.org\/wp-content\/plugins\/pdf-print\/images\/print.png\" alt=\"image_print\" title=\"Print Content\" \/><span class=\"pdfprnt-button-title pdfprnt-button-print-title\">Imprimir<\/span><\/a><\/div><p>Views: 20<\/p>","protected":false},"excerpt":{"rendered":"<p> Views: 20<\/p>\n","protected":false},"author":1,"featured_media":36397,"comment_status":"open","ping_status":"open","sticky":false,"template":"","format":"video","meta":{"footnotes":""},"categories":[1],"tags":[],"class_list":["post-36391","post","type-post","status-publish","format-video","has-post-thumbnail","hentry","category-sin-categoria","post_format-post-format-video","post-dark","post-wide","has-post-thumb"],"_links":{"self":[{"href":"https:\/\/locomociontv.org\/index.php?rest_route=\/wp\/v2\/posts\/36391","targetHints":{"allow":["GET"]}}],"collection":[{"href":"https:\/\/locomociontv.org\/index.php?rest_route=\/wp\/v2\/posts"}],"about":[{"href":"https:\/\/locomociontv.org\/index.php?rest_route=\/wp\/v2\/types\/post"}],"author":[{"embeddable":true,"href":"https:\/\/locomociontv.org\/index.php?rest_route=\/wp\/v2\/users\/1"}],"replies":[{"embeddable":true,"href":"https:\/\/locomociontv.org\/index.php?rest_route=%2Fwp%2Fv2%2Fcomments&post=36391"}],"version-history":[{"count":19,"href":"https:\/\/locomociontv.org\/index.php?rest_route=\/wp\/v2\/posts\/36391\/revisions"}],"predecessor-version":[{"id":36432,"href":"https:\/\/locomociontv.org\/index.php?rest_route=\/wp\/v2\/posts\/36391\/revisions\/36432"}],"wp:featuredmedia":[{"embeddable":true,"href":"https:\/\/locomociontv.org\/index.php?rest_route=\/wp\/v2\/media\/36397"}],"wp:attachment":[{"href":"https:\/\/locomociontv.org\/index.php?rest_route=%2Fwp%2Fv2%2Fmedia&parent=36391"}],"wp:term":[{"taxonomy":"category","embeddable":true,"href":"https:\/\/locomociontv.org\/index.php?rest_route=%2Fwp%2Fv2%2Fcategories&post=36391"},{"taxonomy":"post_tag","embeddable":true,"href":"https:\/\/locomociontv.org\/index.php?rest_route=%2Fwp%2Fv2%2Ftags&post=36391"}],"curies":[{"name":"wp","href":"https:\/\/api.w.org\/{rel}","templated":true}]}}