{"id":36291,"date":"2025-10-22T20:38:00","date_gmt":"2025-10-22T23:38:00","guid":{"rendered":"https:\/\/locomociontv.org\/?p=36291"},"modified":"2025-10-23T18:17:19","modified_gmt":"2025-10-23T21:17:19","slug":"locomocion-tv-noticias-87","status":"publish","type":"post","link":"https:\/\/locomociontv.org\/?p=36291","title":{"rendered":"Locomoci\u00f3n TV &#8211; Noticias #87"},"content":{"rendered":"\n<figure class=\"wp-block-embed is-type-video is-provider-youtube wp-block-embed-youtube wp-embed-aspect-16-9 wp-has-aspect-ratio\"><div class=\"wp-block-embed__wrapper\">\n<iframe loading=\"lazy\" title=\"Locomoci\u00f3n TV \u2013 Noticias #87\" width=\"818\" height=\"460\" src=\"https:\/\/www.youtube.com\/embed\/XGBbkws-HOU?feature=oembed\" frameborder=\"0\" allow=\"accelerometer; autoplay; clipboard-write; encrypted-media; gyroscope; picture-in-picture; web-share\" referrerpolicy=\"strict-origin-when-cross-origin\" allowfullscreen><\/iframe>\n<\/div><\/figure>\n\n\n\n<h3 class=\"wp-block-heading has-text-align-center\">Sumario de la Emisi\u00f3n<\/h3>\n\n\n\n<ul class=\"wp-block-list\">\n<li><a href=\"https:\/\/www.youtube.com\/watch?v=XGBbkws-HOU\">00:00<\/a> &#8211; <a href=\"https:\/\/locomociontv.org\/?p=36291&amp;page=2\">Introducci\u00f3n a la Emisi\u00f3n #87<\/a><\/li>\n\n\n\n<li><a href=\"https:\/\/www.youtube.com\/watch?v=XGBbkws-HOU&amp;t=89s\">01:29<\/a> &#8211; <a href=\"https:\/\/locomociontv.org\/?p=36291&amp;page=3\">Milei apuesta todo a la Trumpman\u00eda, que es mejor que gobernar <\/a><\/li>\n\n\n\n<li><a href=\"https:\/\/www.youtube.com\/watch?v=XGBbkws-HOU&amp;t=946s\">15:46<\/a> &#8211; <a href=\"https:\/\/locomociontv.org\/?p=36291&amp;page=4\">Un mundo de violencias <\/a><\/li>\n\n\n\n<li><a href=\"https:\/\/www.youtube.com\/watch?v=XGBbkws-HOU&amp;t=1455s\">24:15<\/a> &#8211; <a href=\"https:\/\/locomociontv.org\/?p=36291&amp;page=5\">Diario de lo Injusto<\/a> <\/li>\n\n\n\n<li><a href=\"https:\/\/www.youtube.com\/watch?v=XGBbkws-HOU&amp;t=2434s\">40:34<\/a> &#8211; <a href=\"https:\/\/locomociontv.org\/?p=36291&amp;page=6\">Cierre de la Emisi\u00f3n #87<\/a><\/li>\n<\/ul>\n\n\n\n<!--nextpage-->\n\n\n\n<h3 class=\"wp-block-heading\">Introducci\u00f3n a la Emisi\u00f3n #87<\/h3>\n\n\n\n<figure class=\"wp-block-image size-large\"><img loading=\"lazy\" decoding=\"async\" width=\"1024\" height=\"574\" src=\"https:\/\/locomociontv.org\/wp-content\/uploads\/2025\/10\/backgrounderaser_20251022_1549420207985247468482969963-1024x574.jpg\" alt=\"\" class=\"wp-image-36295\" srcset=\"https:\/\/locomociontv.org\/wp-content\/uploads\/2025\/10\/backgrounderaser_20251022_1549420207985247468482969963-1024x574.jpg 1024w, https:\/\/locomociontv.org\/wp-content\/uploads\/2025\/10\/backgrounderaser_20251022_1549420207985247468482969963-300x168.jpg 300w, https:\/\/locomociontv.org\/wp-content\/uploads\/2025\/10\/backgrounderaser_20251022_1549420207985247468482969963-768x430.jpg 768w, https:\/\/locomociontv.org\/wp-content\/uploads\/2025\/10\/backgrounderaser_20251022_1549420207985247468482969963-1536x861.jpg 1536w, https:\/\/locomociontv.org\/wp-content\/uploads\/2025\/10\/backgrounderaser_20251022_1549420207985247468482969963.jpg 1920w\" sizes=\"auto, (max-width: 1024px) 100vw, 1024px\" \/><\/figure>\n\n\n\n<p>Hola amigas y amigos:<\/p>\n\n\n\n<p>Sean bienvenides a esta Emisi\u00f3n Regular #87 de Locomoci\u00f3n TV &#8211; Noticias. <\/p>\n\n\n\n<p>Desde el Estudio \u00danico de Locomoci\u00f3n TV en la Ciudad Aut\u00f3noma de Buenos Aires, llegamos hasta ustedes luego de 43 largos d\u00edas donde la nauseabunda campa\u00f1a electoral llev\u00f3 al escenario acusaciones cruzadas de femicidios, estafas, relaciones con el narco que suben el nivel de n\u00e1usea a tal grado, que hemos decidido soslayar de la pauta informativa este sucio y siniestro proselitismo.<\/p>\n\n\n\n<p>Lo informativo no cambi\u00f3 mucho: la dependencia con Trump de Javier Milei promete ser duradera, pero con el mandatario de los Estados Unidos todo es impredecible. Ahora el muy caradura de Trump se candidatea para el Premio Nobel de la Paz y es posible que se lo den el a\u00f1o pr\u00f3ximo si logra que los estados genocidas de la regi\u00f3n de Medio Oriente refrenen su instinto asesino: cosa que vemos very difficult.<\/p>\n\n\n\n<p>En el Mundo entero las mentiras del Poder siguen impactando en la vida de los civiles, invadi\u00e9ndolas con su fuerza bruta criminal, que es la forma y el contenido de todos los estados.<\/p>\n\n\n\n<p>En el \u00e1mbito judicial, se siguen sumando las injusticias de un sistema de administraci\u00f3n capitalista de la punici\u00f3n, respetando la Ley Suprema: el que tiene plata hace lo que quiere.<\/p>\n\n\n\n<!--nextpage-->\n\n\n\n<h3 class=\"wp-block-heading\">Milei apuesta todo a la Trumpman\u00eda, que es mejor que gobernar<\/h3>\n\n\n\n<figure class=\"wp-block-image size-large\"><img loading=\"lazy\" decoding=\"async\" width=\"1024\" height=\"574\" src=\"https:\/\/locomociontv.org\/wp-content\/uploads\/2025\/10\/wp-17611625702371772311513914921935-1024x574.jpg\" alt=\"\" class=\"wp-image-36300\" srcset=\"https:\/\/locomociontv.org\/wp-content\/uploads\/2025\/10\/wp-17611625702371772311513914921935-1024x574.jpg 1024w, https:\/\/locomociontv.org\/wp-content\/uploads\/2025\/10\/wp-17611625702371772311513914921935-300x168.jpg 300w, https:\/\/locomociontv.org\/wp-content\/uploads\/2025\/10\/wp-17611625702371772311513914921935-768x430.jpg 768w, https:\/\/locomociontv.org\/wp-content\/uploads\/2025\/10\/wp-17611625702371772311513914921935-1536x861.jpg 1536w, https:\/\/locomociontv.org\/wp-content\/uploads\/2025\/10\/wp-17611625702371772311513914921935.jpg 1920w\" sizes=\"auto, (max-width: 1024px) 100vw, 1024px\" \/><\/figure>\n\n\n\n<p>Desde la derrota electoral del 7 de septiembre, el Gobierno de Milei ha ca\u00eddo en una espiral de malas noticias que pone en duda (para quienes no lo ten\u00edan claro) las patas cortas de sus planteos conservadores, presentados como grandes novedades.<\/p>\n\n\n\n<p>\u00a1Vamos a los informes!<\/p>\n\n\n\n<figure class=\"wp-block-embed is-type-wp-embed is-provider-locomoci-n-tv wp-block-embed-locomoci-n-tv\"><div class=\"wp-block-embed__wrapper\">\n<blockquote class=\"wp-embedded-content\" data-secret=\"f4MDf41J2s\"><a href=\"https:\/\/locomociontv.org\/?p=36100\">El Presidente Milei present\u00f3 el Presupuesto Nacional 2026 en Cadena Nacional<\/a><\/blockquote><iframe loading=\"lazy\" class=\"wp-embedded-content\" sandbox=\"allow-scripts\" security=\"restricted\" style=\"position: absolute; visibility: hidden;\" title=\"&#8220;El Presidente Milei present\u00f3 el Presupuesto Nacional 2026 en Cadena Nacional&#8221; &#8212; Locomoci\u00f3n TV\" src=\"https:\/\/locomociontv.org\/?p=36100&#038;embed=true#?secret=rAczah7rcu#?secret=f4MDf41J2s\" data-secret=\"f4MDf41J2s\" width=\"600\" height=\"338\" frameborder=\"0\" marginwidth=\"0\" marginheight=\"0\" scrolling=\"no\"><\/iframe>\n<\/div><\/figure>\n\n\n\n<figure class=\"wp-block-embed is-type-wp-embed is-provider-locomoci-n-tv wp-block-embed-locomoci-n-tv\"><div class=\"wp-block-embed__wrapper\">\n<blockquote class=\"wp-embedded-content\" data-secret=\"btZMPaR6mV\"><a href=\"https:\/\/locomociontv.org\/?p=36143\">El Presidente huy\u00f3 a Nubedepedia<\/a><\/blockquote><iframe loading=\"lazy\" class=\"wp-embedded-content\" sandbox=\"allow-scripts\" security=\"restricted\" style=\"position: absolute; visibility: hidden;\" title=\"&#8220;El Presidente huy\u00f3 a Nubedepedia&#8221; &#8212; Locomoci\u00f3n TV\" src=\"https:\/\/locomociontv.org\/?p=36143&#038;embed=true#?secret=5Dt83Wz1II#?secret=btZMPaR6mV\" data-secret=\"btZMPaR6mV\" width=\"600\" height=\"338\" frameborder=\"0\" marginwidth=\"0\" marginheight=\"0\" scrolling=\"no\"><\/iframe>\n<\/div><\/figure>\n\n\n\n<figure class=\"wp-block-embed is-type-wp-embed is-provider-locomoci-n-tv wp-block-embed-locomoci-n-tv\"><div class=\"wp-block-embed__wrapper\">\nhttps:\/\/locomociontv.org\/?p=36269>\n<\/div><\/figure>\n\n\n\n<!--nextpage-->\n\n\n\n<h3 class=\"wp-block-heading\">Un mundo de violencias<\/h3>\n\n\n\n<figure class=\"wp-block-video\"><video height=\"1076\" style=\"aspect-ratio: 1920 \/ 1076;\" width=\"1920\" controls src=\"https:\/\/locomociontv.org\/wp-content\/uploads\/2025\/10\/wp-1761163837414.mp4\"><\/video><\/figure>\n\n\n\n<p>El Mundo no la est\u00e1 pasando bien para nada. Una paz ficticia creada entre Israel y Hamas en Medio Oriente, signada por el menos confiable de los gobernantes del planeta, el Presidente de los Estados Unidos Donald Trump. \u00bfLe alcanzar\u00e1 para ganarse el Nobel? Si las pulsiones homicidas de los estados del Medio Oriente pudieran refrenarse por un a\u00f1o, ser\u00eda muy posible. Este a\u00f1o se lo dieron a Corina Machado, anteriormente se lo dieron a Obama y a esta altura no entendemos como Charlie Manson no se lo ha ganado. <\/p>\n\n\n\n<hr class=\"wp-block-separator has-alpha-channel-opacity\"\/>\n\n\n\n<figure class=\"wp-block-image size-large\"><img loading=\"lazy\" decoding=\"async\" width=\"1024\" height=\"574\" src=\"https:\/\/locomociontv.org\/wp-content\/uploads\/2025\/10\/wp-17611628211886194650042265328525-1024x574.jpg\" alt=\"\" class=\"wp-image-36301\" srcset=\"https:\/\/locomociontv.org\/wp-content\/uploads\/2025\/10\/wp-17611628211886194650042265328525-1024x574.jpg 1024w, https:\/\/locomociontv.org\/wp-content\/uploads\/2025\/10\/wp-17611628211886194650042265328525-300x168.jpg 300w, https:\/\/locomociontv.org\/wp-content\/uploads\/2025\/10\/wp-17611628211886194650042265328525-768x430.jpg 768w, https:\/\/locomociontv.org\/wp-content\/uploads\/2025\/10\/wp-17611628211886194650042265328525-1536x861.jpg 1536w, https:\/\/locomociontv.org\/wp-content\/uploads\/2025\/10\/wp-17611628211886194650042265328525.jpg 1920w\" sizes=\"auto, (max-width: 1024px) 100vw, 1024px\" \/><\/figure>\n\n\n\n<p>En septiembre, una bala de alt\u00edsima precisi\u00f3n alcanz\u00f3 al supremacista blanco Charlie Kirk, acabando con su vida en otro de sus m\u00edtines de odio racial y homofobia. <\/p>\n\n\n\n<p>Los consejos de siempre: la violencia lleva aparejada m\u00e1s violencias, venganzas y dem\u00e1s bajezas humanas a las que la v\u00edctima en este caso no le era ajena<\/p>\n\n\n\n<p>\u00a1Vamos al informe!<\/p>\n\n\n\n<figure class=\"wp-block-embed is-type-wp-embed is-provider-locomoci-n-tv wp-block-embed-locomoci-n-tv\"><div class=\"wp-block-embed__wrapper\">\n<blockquote class=\"wp-embedded-content\" data-secret=\"qa8rpxbuRN\"><a href=\"https:\/\/locomociontv.org\/?p=36087\">Matan al supremacista Charlie Kirk: el que siembra odios puede cosechar la muerte<\/a><\/blockquote><iframe loading=\"lazy\" class=\"wp-embedded-content\" sandbox=\"allow-scripts\" security=\"restricted\" style=\"position: absolute; visibility: hidden;\" title=\"&#8220;Matan al supremacista Charlie Kirk: el que siembra odios puede cosechar la muerte&#8221; &#8212; Locomoci\u00f3n TV\" src=\"https:\/\/locomociontv.org\/?p=36087&#038;embed=true#?secret=rqFtAgMq1P#?secret=qa8rpxbuRN\" data-secret=\"qa8rpxbuRN\" width=\"600\" height=\"338\" frameborder=\"0\" marginwidth=\"0\" marginheight=\"0\" scrolling=\"no\"><\/iframe>\n<\/div><\/figure>\n\n\n\n<hr class=\"wp-block-separator has-alpha-channel-opacity\"\/>\n\n\n\n<figure class=\"wp-block-image size-large\"><img loading=\"lazy\" decoding=\"async\" width=\"1024\" height=\"574\" src=\"https:\/\/locomociontv.org\/wp-content\/uploads\/2025\/10\/wp-17611630492314374938735302626784-1024x574.jpg\" alt=\"\" class=\"wp-image-36302\" srcset=\"https:\/\/locomociontv.org\/wp-content\/uploads\/2025\/10\/wp-17611630492314374938735302626784-1024x574.jpg 1024w, https:\/\/locomociontv.org\/wp-content\/uploads\/2025\/10\/wp-17611630492314374938735302626784-300x168.jpg 300w, https:\/\/locomociontv.org\/wp-content\/uploads\/2025\/10\/wp-17611630492314374938735302626784-768x430.jpg 768w, https:\/\/locomociontv.org\/wp-content\/uploads\/2025\/10\/wp-17611630492314374938735302626784-1536x861.jpg 1536w, https:\/\/locomociontv.org\/wp-content\/uploads\/2025\/10\/wp-17611630492314374938735302626784.jpg 1920w\" sizes=\"auto, (max-width: 1024px) 100vw, 1024px\" \/><\/figure>\n\n\n\n<p>Nuevamente el Per\u00fa es noticia por la violencia pol\u00edtica e institucional, quiz\u00e1s fomentada en parte por una Constituci\u00f3n que admite f\u00e1cilmente la interrupci\u00f3n del orden y la destituci\u00f3n de los presidentes por el motivo que sea. <\/p>\n\n\n\n<p>Esta vez fue el turno de Dina Boluarte, que cay\u00f3 en su propia ley y fue echada del poder con el mismo m\u00e9todo por el que lleg\u00f3 al mismo.<\/p>\n\n\n\n<p>\u00a1Vamos al Informe!<\/p>\n\n\n\n<figure class=\"wp-block-embed is-type-wp-embed is-provider-locomoci-n-tv wp-block-embed-locomoci-n-tv\"><div class=\"wp-block-embed__wrapper\">\n<blockquote class=\"wp-embedded-content\" data-secret=\"lmFpRvIODN\"><a href=\"https:\/\/locomociontv.org\/?p=36198\">Cay\u00f3 Dina Boluarte en el Per\u00fa<\/a><\/blockquote><iframe loading=\"lazy\" class=\"wp-embedded-content\" sandbox=\"allow-scripts\" security=\"restricted\" style=\"position: absolute; visibility: hidden;\" title=\"&#8220;Cay\u00f3 Dina Boluarte en el Per\u00fa&#8221; &#8212; Locomoci\u00f3n TV\" src=\"https:\/\/locomociontv.org\/?p=36198&#038;embed=true#?secret=cZz9KedB12#?secret=lmFpRvIODN\" data-secret=\"lmFpRvIODN\" width=\"600\" height=\"338\" frameborder=\"0\" marginwidth=\"0\" marginheight=\"0\" scrolling=\"no\"><\/iframe>\n<\/div><\/figure>\n\n\n\n<hr class=\"wp-block-separator has-alpha-channel-opacity\"\/>\n\n\n\n<figure class=\"wp-block-image size-large\"><img loading=\"lazy\" decoding=\"async\" width=\"1024\" height=\"574\" src=\"https:\/\/locomociontv.org\/wp-content\/uploads\/2025\/10\/wp-17611645476678136858048146017618-1024x574.jpg\" alt=\"\" class=\"wp-image-36308\" srcset=\"https:\/\/locomociontv.org\/wp-content\/uploads\/2025\/10\/wp-17611645476678136858048146017618-1024x574.jpg 1024w, https:\/\/locomociontv.org\/wp-content\/uploads\/2025\/10\/wp-17611645476678136858048146017618-300x168.jpg 300w, https:\/\/locomociontv.org\/wp-content\/uploads\/2025\/10\/wp-17611645476678136858048146017618-768x430.jpg 768w, https:\/\/locomociontv.org\/wp-content\/uploads\/2025\/10\/wp-17611645476678136858048146017618-1536x861.jpg 1536w, https:\/\/locomociontv.org\/wp-content\/uploads\/2025\/10\/wp-17611645476678136858048146017618.jpg 1920w\" sizes=\"auto, (max-width: 1024px) 100vw, 1024px\" \/><\/figure>\n\n\n\n<p>En la Argentina se volvi\u00f3 a celebrar el rid\u00edculo D\u00eda de la Raza, con la impronta roquista que excita sin vueltas al Presidente de la Naci\u00f3n. <\/p>\n\n\n\n<p>Sobre la nada que celebrar, Alicia Susana G\u00f3mez escribi\u00f3 unas palabras que les brindamos a continuaci\u00f3n.<\/p>\n\n\n\n<p>\u00a1Vamos a las im\u00e1genes!<\/p>\n\n\n\n<figure class=\"wp-block-embed is-type-wp-embed is-provider-locomoci-n-tv wp-block-embed-locomoci-n-tv\"><div class=\"wp-block-embed__wrapper\">\n<blockquote class=\"wp-embedded-content\" data-secret=\"MxM6ljiL2o\"><a href=\"https:\/\/locomociontv.org\/?p=36207\">Nada qu\u00e9 festejar<\/a><\/blockquote><iframe loading=\"lazy\" class=\"wp-embedded-content\" sandbox=\"allow-scripts\" security=\"restricted\" style=\"position: absolute; visibility: hidden;\" title=\"&#8220;Nada qu\u00e9 festejar&#8221; &#8212; Locomoci\u00f3n TV\" src=\"https:\/\/locomociontv.org\/?p=36207&#038;embed=true#?secret=EMTNYNNrPf#?secret=MxM6ljiL2o\" data-secret=\"MxM6ljiL2o\" width=\"600\" height=\"338\" frameborder=\"0\" marginwidth=\"0\" marginheight=\"0\" scrolling=\"no\"><\/iframe>\n<\/div><\/figure>\n\n\n\n<!--nextpage-->\n\n\n\n<h3 class=\"wp-block-heading\">Diario de lo Injusto<\/h3>\n\n\n\n<figure class=\"wp-block-video\"><video height=\"1076\" style=\"aspect-ratio: 1920 \/ 1076;\" width=\"1920\" controls src=\"https:\/\/locomociontv.org\/wp-content\/uploads\/2025\/10\/wp-1761164012649.mp4\"><\/video><\/figure>\n\n\n\n<p>Pod\u00edamos haberle puesto muchos t\u00edtulos a esta parte de la emisi\u00f3n, pero nos pareci\u00f3 lo m\u00e1s atinado mostrar de entrada que la injusticia es la Ley. En esta Argentina donde el que viol\u00f3 a su sobrina es pap\u00e1 desde la prisi\u00f3n domiciliaria, cuando desaparecen, mutilan y asesinan a tres j\u00f3venes y se vienen tirando sus cuerpos de un lado al otro de la General Paz y el Estado, en medio de este remolino de represiones estatales, sale al cruce del mismo concepto de &#8220;Crimen de Lesa Humanidad&#8221;.<\/p>\n\n\n\n<p> A continuaci\u00f3n veremos tres informes que justifican con creces el t\u00edtulo de este bloque.<\/p>\n\n\n\n<p>\u00a1Vamos a los informes! <\/p>\n\n\n\n<figure class=\"wp-block-embed is-type-wp-embed is-provider-locomoci-n-tv wp-block-embed-locomoci-n-tv\"><div class=\"wp-block-embed__wrapper\">\n<blockquote class=\"wp-embedded-content\" data-secret=\"gCIOcZAAkv\"><a href=\"https:\/\/locomociontv.org\/?p=36133\">Only in Argentina: el violador ser\u00e1 pap\u00e1<\/a><\/blockquote><iframe loading=\"lazy\" class=\"wp-embedded-content\" sandbox=\"allow-scripts\" security=\"restricted\" style=\"position: absolute; visibility: hidden;\" title=\"&#8220;Only in Argentina: el violador ser\u00e1 pap\u00e1&#8221; &#8212; Locomoci\u00f3n TV\" src=\"https:\/\/locomociontv.org\/?p=36133&#038;embed=true#?secret=y3AVr7UoXV#?secret=gCIOcZAAkv\" data-secret=\"gCIOcZAAkv\" width=\"600\" height=\"338\" frameborder=\"0\" marginwidth=\"0\" marginheight=\"0\" scrolling=\"no\"><\/iframe>\n<\/div><\/figure>\n\n\n\n<figure class=\"wp-block-embed is-type-wp-embed is-provider-locomoci-n-tv wp-block-embed-locomoci-n-tv\"><div class=\"wp-block-embed__wrapper\">\n<blockquote class=\"wp-embedded-content\" data-secret=\"2KIGg4nVe7\"><a href=\"https:\/\/locomociontv.org\/?p=36161\">\u00a1Justicia ya por Brenda, Lara y Morena!<\/a><\/blockquote><iframe loading=\"lazy\" class=\"wp-embedded-content\" sandbox=\"allow-scripts\" security=\"restricted\" style=\"position: absolute; visibility: hidden;\" title=\"&#8220;\u00a1Justicia ya por Brenda, Lara y Morena!&#8221; &#8212; Locomoci\u00f3n TV\" src=\"https:\/\/locomociontv.org\/?p=36161&#038;embed=true#?secret=kr2YtQau9h#?secret=2KIGg4nVe7\" data-secret=\"2KIGg4nVe7\" width=\"600\" height=\"338\" frameborder=\"0\" marginwidth=\"0\" marginheight=\"0\" scrolling=\"no\"><\/iframe>\n<\/div><\/figure>\n\n\n\n<figure class=\"wp-block-embed is-type-wp-embed is-provider-locomoci-n-tv wp-block-embed-locomoci-n-tv\"><div class=\"wp-block-embed__wrapper\">\n<blockquote class=\"wp-embedded-content\" data-secret=\"PPmtZ1hFyo\"><a href=\"https:\/\/locomociontv.org\/?p=36158\">Procuraci\u00f3n: la Vendetta Final del Estado contra el Pueblo Pilag\u00e1<\/a><\/blockquote><iframe loading=\"lazy\" class=\"wp-embedded-content\" sandbox=\"allow-scripts\" security=\"restricted\" style=\"position: absolute; visibility: hidden;\" title=\"&#8220;Procuraci\u00f3n: la Vendetta Final del Estado contra el Pueblo Pilag\u00e1&#8221; &#8212; Locomoci\u00f3n TV\" src=\"https:\/\/locomociontv.org\/?p=36158&#038;embed=true#?secret=7GopgXOXbh#?secret=PPmtZ1hFyo\" data-secret=\"PPmtZ1hFyo\" width=\"600\" height=\"338\" frameborder=\"0\" marginwidth=\"0\" marginheight=\"0\" scrolling=\"no\"><\/iframe>\n<\/div><\/figure>\n\n\n\n<!--nextpage-->\n\n\n\n<h3 class=\"wp-block-heading\">Cierre de la Emisi\u00f3n #87<\/h3>\n\n\n\n<figure class=\"wp-block-image size-large\"><img loading=\"lazy\" decoding=\"async\" width=\"1024\" height=\"574\" src=\"https:\/\/locomociontv.org\/wp-content\/uploads\/2025\/10\/backgrounderaser_20251022_1551147423562751656713389306-1024x574.jpg\" alt=\"\" class=\"wp-image-36297\" srcset=\"https:\/\/locomociontv.org\/wp-content\/uploads\/2025\/10\/backgrounderaser_20251022_1551147423562751656713389306-1024x574.jpg 1024w, https:\/\/locomociontv.org\/wp-content\/uploads\/2025\/10\/backgrounderaser_20251022_1551147423562751656713389306-300x168.jpg 300w, https:\/\/locomociontv.org\/wp-content\/uploads\/2025\/10\/backgrounderaser_20251022_1551147423562751656713389306-768x430.jpg 768w, https:\/\/locomociontv.org\/wp-content\/uploads\/2025\/10\/backgrounderaser_20251022_1551147423562751656713389306-1536x861.jpg 1536w, https:\/\/locomociontv.org\/wp-content\/uploads\/2025\/10\/backgrounderaser_20251022_1551147423562751656713389306.jpg 1920w\" sizes=\"auto, (max-width: 1024px) 100vw, 1024px\" \/><\/figure>\n\n\n\n<p>Hasta aqu\u00ed llegamos con la Emisi\u00f3n Regular #87 de Locomoci\u00f3n TV &#8211; Noticias, la que esperamos haya sido de vuestro agrado.<\/p>\n\n\n\n<p>Sin otro particular, ser\u00e1 hasta la pr\u00f3xima, amigas y amigos.<\/p>\n<div class=\"pdfprnt-buttons pdfprnt-buttons-post pdfprnt-bottom-right\"><a href=\"https:\/\/locomociontv.org\/index.php?rest_route=%2Fwp%2Fv2%2Fposts%2F36291&print=pdf\" class=\"pdfprnt-button pdfprnt-button-pdf\" target=\"_blank\" ><img decoding=\"async\" src=\"https:\/\/locomociontv.org\/wp-content\/plugins\/pdf-print\/images\/pdf.png\" alt=\"image_pdf\" title=\"View PDF\" \/><span class=\"pdfprnt-button-title pdfprnt-button-pdf-title\">Hacer PDF<\/span><\/a><a href=\"https:\/\/locomociontv.org\/index.php?rest_route=%2Fwp%2Fv2%2Fposts%2F36291&print=print\" class=\"pdfprnt-button pdfprnt-button-print\" target=\"_blank\" ><img decoding=\"async\" src=\"https:\/\/locomociontv.org\/wp-content\/plugins\/pdf-print\/images\/print.png\" alt=\"image_print\" title=\"Print Content\" \/><span class=\"pdfprnt-button-title pdfprnt-button-print-title\">Imprimir<\/span><\/a><\/div><p>Views: 10<\/p>","protected":false},"excerpt":{"rendered":"<p> Views: 10<\/p>\n","protected":false},"author":1,"featured_media":36295,"comment_status":"open","ping_status":"open","sticky":false,"template":"","format":"video","meta":{"footnotes":""},"categories":[1],"tags":[],"class_list":["post-36291","post","type-post","status-publish","format-video","has-post-thumbnail","hentry","category-sin-categoria","post_format-post-format-video","post-dark","post-wide","has-post-thumb"],"_links":{"self":[{"href":"https:\/\/locomociontv.org\/index.php?rest_route=\/wp\/v2\/posts\/36291","targetHints":{"allow":["GET"]}}],"collection":[{"href":"https:\/\/locomociontv.org\/index.php?rest_route=\/wp\/v2\/posts"}],"about":[{"href":"https:\/\/locomociontv.org\/index.php?rest_route=\/wp\/v2\/types\/post"}],"author":[{"embeddable":true,"href":"https:\/\/locomociontv.org\/index.php?rest_route=\/wp\/v2\/users\/1"}],"replies":[{"embeddable":true,"href":"https:\/\/locomociontv.org\/index.php?rest_route=%2Fwp%2Fv2%2Fcomments&post=36291"}],"version-history":[{"count":9,"href":"https:\/\/locomociontv.org\/index.php?rest_route=\/wp\/v2\/posts\/36291\/revisions"}],"predecessor-version":[{"id":36314,"href":"https:\/\/locomociontv.org\/index.php?rest_route=\/wp\/v2\/posts\/36291\/revisions\/36314"}],"wp:featuredmedia":[{"embeddable":true,"href":"https:\/\/locomociontv.org\/index.php?rest_route=\/wp\/v2\/media\/36295"}],"wp:attachment":[{"href":"https:\/\/locomociontv.org\/index.php?rest_route=%2Fwp%2Fv2%2Fmedia&parent=36291"}],"wp:term":[{"taxonomy":"category","embeddable":true,"href":"https:\/\/locomociontv.org\/index.php?rest_route=%2Fwp%2Fv2%2Fcategories&post=36291"},{"taxonomy":"post_tag","embeddable":true,"href":"https:\/\/locomociontv.org\/index.php?rest_route=%2Fwp%2Fv2%2Ftags&post=36291"}],"curies":[{"name":"wp","href":"https:\/\/api.w.org\/{rel}","templated":true}]}}