{"id":34635,"date":"2025-04-13T15:34:12","date_gmt":"2025-04-13T18:34:12","guid":{"rendered":"https:\/\/locomociontv.org\/?p=34635"},"modified":"2025-04-17T16:26:13","modified_gmt":"2025-04-17T19:26:13","slug":"servini-acepto-como-querellantes-a-los-familiares-de-pablo-grillo","status":"publish","type":"post","link":"https:\/\/locomociontv.org\/?p=34635","title":{"rendered":"Servini acept\u00f3 como querellantes a los familiares de Pablo Grillo"},"content":{"rendered":"\n<figure class=\"wp-block-embed is-type-video is-provider-youtube wp-block-embed-youtube wp-embed-aspect-16-9 wp-has-aspect-ratio\"><div class=\"wp-block-embed__wrapper\">\n<iframe loading=\"lazy\" title=\"Servini acept\u00f3 como querellantes a los familiares de Pablo Grillo\" width=\"818\" height=\"460\" src=\"https:\/\/www.youtube.com\/embed\/1z6d0FEKV0k?feature=oembed\" frameborder=\"0\" allow=\"accelerometer; autoplay; clipboard-write; encrypted-media; gyroscope; picture-in-picture; web-share\" referrerpolicy=\"strict-origin-when-cross-origin\" allowfullscreen><\/iframe>\n<\/div><\/figure>\n\n\n\n<!--nextpage-->\n\n\n\n<figure class=\"wp-block-image size-large\"><img loading=\"lazy\" decoding=\"async\" width=\"1024\" height=\"574\" src=\"https:\/\/locomociontv.org\/wp-content\/uploads\/2025\/04\/backgrounderaser_20250415_173956456852311843830848598-1024x574.jpg\" alt=\"\" class=\"wp-image-34668\" srcset=\"https:\/\/locomociontv.org\/wp-content\/uploads\/2025\/04\/backgrounderaser_20250415_173956456852311843830848598-1024x574.jpg 1024w, https:\/\/locomociontv.org\/wp-content\/uploads\/2025\/04\/backgrounderaser_20250415_173956456852311843830848598-300x168.jpg 300w, https:\/\/locomociontv.org\/wp-content\/uploads\/2025\/04\/backgrounderaser_20250415_173956456852311843830848598-768x430.jpg 768w, https:\/\/locomociontv.org\/wp-content\/uploads\/2025\/04\/backgrounderaser_20250415_173956456852311843830848598-1536x861.jpg 1536w, https:\/\/locomociontv.org\/wp-content\/uploads\/2025\/04\/backgrounderaser_20250415_173956456852311843830848598.jpg 1920w\" sizes=\"auto, (max-width: 1024px) 100vw, 1024px\" \/><\/figure>\n\n\n\n<p>Dec\u00edamos que \u00edbamos a seguir el Caso de Pablo Grillo, el periodista herido de gravedad por el Gendarme Hugo Guerrero durante la represi\u00f3n de la Marcha de los Jubilados, el pasado 12 de abril y lo que parec\u00eda que iba a terminar en un caj\u00f3n del Poder Judicial , parece avanzar con cierta premura ya que las circunstancias as\u00ed lo ameritan.  <\/p>\n\n\n\n<p>Por lo pronto, la Jueza Maria Romilda Servini de Cubr\u00eda, acept\u00f3 este 11 de abril como querellantes a la mam\u00e1 de Grillo, Mar\u00eda del Carmen Bucceroni, a su pap\u00e1, Fabi\u00e1n Grillo, y a su hermano Emiliano, patrocinados por las Doctoras Claudia Cesaroni y Agustina Lloret. Desde ese lugar podr\u00e1n solicitar medidas de prueba y tener un mejor control sobre la causa.<\/p>\n\n\n\n<p>De momento, la Jueza no ha encargado a\u00fan la investigaci\u00f3n del caso al Fiscal Taiano, como era esperable, lo que creemos que har\u00e1 de alg\u00fan modo tarde o temprano. <\/p>\n<p>Visits: 1<\/p>","protected":false},"excerpt":{"rendered":"<p>Visits: 1<\/p>\n","protected":false},"author":1,"featured_media":34668,"comment_status":"open","ping_status":"open","sticky":false,"template":"","format":"video","meta":{"footnotes":""},"categories":[1],"tags":[],"class_list":["post-34635","post","type-post","status-publish","format-video","has-post-thumbnail","hentry","category-sin-categoria","post_format-post-format-video","post-dark","post-wide","has-post-thumb"],"_links":{"self":[{"href":"https:\/\/locomociontv.org\/index.php?rest_route=\/wp\/v2\/posts\/34635","targetHints":{"allow":["GET"]}}],"collection":[{"href":"https:\/\/locomociontv.org\/index.php?rest_route=\/wp\/v2\/posts"}],"about":[{"href":"https:\/\/locomociontv.org\/index.php?rest_route=\/wp\/v2\/types\/post"}],"author":[{"embeddable":true,"href":"https:\/\/locomociontv.org\/index.php?rest_route=\/wp\/v2\/users\/1"}],"replies":[{"embeddable":true,"href":"https:\/\/locomociontv.org\/index.php?rest_route=%2Fwp%2Fv2%2Fcomments&post=34635"}],"version-history":[{"count":4,"href":"https:\/\/locomociontv.org\/index.php?rest_route=\/wp\/v2\/posts\/34635\/revisions"}],"predecessor-version":[{"id":34685,"href":"https:\/\/locomociontv.org\/index.php?rest_route=\/wp\/v2\/posts\/34635\/revisions\/34685"}],"wp:featuredmedia":[{"embeddable":true,"href":"https:\/\/locomociontv.org\/index.php?rest_route=\/wp\/v2\/media\/34668"}],"wp:attachment":[{"href":"https:\/\/locomociontv.org\/index.php?rest_route=%2Fwp%2Fv2%2Fmedia&parent=34635"}],"wp:term":[{"taxonomy":"category","embeddable":true,"href":"https:\/\/locomociontv.org\/index.php?rest_route=%2Fwp%2Fv2%2Fcategories&post=34635"},{"taxonomy":"post_tag","embeddable":true,"href":"https:\/\/locomociontv.org\/index.php?rest_route=%2Fwp%2Fv2%2Ftags&post=34635"}],"curies":[{"name":"wp","href":"https:\/\/api.w.org\/{rel}","templated":true}]}}