{"id":34553,"date":"2025-04-08T02:30:05","date_gmt":"2025-04-08T05:30:05","guid":{"rendered":"https:\/\/locomociontv.org\/?p=34553"},"modified":"2025-04-08T13:45:21","modified_gmt":"2025-04-08T16:45:21","slug":"rafecas-procesa-a-vanina-biasi-en-un-fallo-de-59-paginas-de-terror-y-prejuicios-de-estado","status":"publish","type":"post","link":"https:\/\/locomociontv.org\/?p=34553","title":{"rendered":"Rafecas procesa a Vanina Biasi en un fallo de 59 p\u00e1ginas de Terror y Prejuicios de Estado"},"content":{"rendered":"\n<h3 class=\"wp-block-heading\">59 p\u00e1ginas de Terror y Prejuicios de Estado<\/h3>\n\n\n\n<figure class=\"wp-block-image size-large\"><img loading=\"lazy\" decoding=\"async\" width=\"1024\" height=\"574\" src=\"https:\/\/locomociontv.org\/wp-content\/uploads\/2025\/04\/backgrounderaser_20250408_0139208437978328853018257161-1024x574.png\" alt=\"\" class=\"wp-image-34555\" srcset=\"https:\/\/locomociontv.org\/wp-content\/uploads\/2025\/04\/backgrounderaser_20250408_0139208437978328853018257161-1024x574.png 1024w, https:\/\/locomociontv.org\/wp-content\/uploads\/2025\/04\/backgrounderaser_20250408_0139208437978328853018257161-300x168.png 300w, https:\/\/locomociontv.org\/wp-content\/uploads\/2025\/04\/backgrounderaser_20250408_0139208437978328853018257161-768x430.png 768w, https:\/\/locomociontv.org\/wp-content\/uploads\/2025\/04\/backgrounderaser_20250408_0139208437978328853018257161-1536x861.png 1536w, https:\/\/locomociontv.org\/wp-content\/uploads\/2025\/04\/backgrounderaser_20250408_0139208437978328853018257161.png 1920w\" sizes=\"auto, (max-width: 1024px) 100vw, 1024px\" \/><\/figure>\n\n\n\n<p>Finalmente, la impresentable &#8220;investigaci\u00f3n&#8221; o compilaci\u00f3n de prejuicios del Fiscal Carlos Stornelli  encontr\u00f3 en el Juez Daniel Rafecas o\u00eddos dispuestos al desprop\u00f3sito judicial que en 59 p\u00e1ginas de delirios indic\u00f3 que la referente trotskista y Diputada Nacional, Vanina Biasi, ser\u00e1 procesada por expresiones que tild\u00f3 y sentenci\u00f3 como que \u201calentar\u00edan o incitar\u00edan a la persecuci\u00f3n o el odio contra la comunidad jud\u00eda, lesionando los principios de igualdad y trato no discriminatorio\u201d. <\/p>\n\n\n\n<p>El magistrado en su fallo (nunca tan adecuada la palabra) alega que una serie de tuis de Biasi ser\u00edan violatorios de la Ley antidiscriminatoria N\u00famero 23.592. La cantidad de forceps que tuvo que aplicar Rafecas para fundamentar en sus 59 repetitivas y tediosas p\u00e1ginas que hemos tenido el disgusto de leer, que tiene menos que nada para ir a ninguna parte y que esta acci\u00f3n judicial del Poder no es m\u00e1s que lo que se esperaba ocurriera de un momento al otro. <\/p>\n\n\n\n<p>El fallo mordaza de Rafecas, impulsando por Stornelli deja en claro que si hay un lugar donde nunca se puede ni se debe buscar Justicia es en Poder Judicial. Son poderes complementarios del Estado y al igual que \u00e9ste est\u00e1n para cercenar derechos de les ciudadanes, no para ampliarlos. <\/p>\n\n\n\n<!--nextpage-->\n\n\n\n<h3 class=\"wp-block-heading\">Una &#8220;VENDETTA&#8221; estatal contra Vanina Biasi<\/h3>\n\n\n\n<figure class=\"wp-block-image size-large\"><img loading=\"lazy\" decoding=\"async\" width=\"1024\" height=\"574\" src=\"https:\/\/locomociontv.org\/wp-content\/uploads\/2025\/04\/wp-17440896225386010218035137409137-1024x574.png\" alt=\"\" class=\"wp-image-34554\" srcset=\"https:\/\/locomociontv.org\/wp-content\/uploads\/2025\/04\/wp-17440896225386010218035137409137-1024x574.png 1024w, https:\/\/locomociontv.org\/wp-content\/uploads\/2025\/04\/wp-17440896225386010218035137409137-300x168.png 300w, https:\/\/locomociontv.org\/wp-content\/uploads\/2025\/04\/wp-17440896225386010218035137409137-768x430.png 768w, https:\/\/locomociontv.org\/wp-content\/uploads\/2025\/04\/wp-17440896225386010218035137409137-1536x861.png 1536w, https:\/\/locomociontv.org\/wp-content\/uploads\/2025\/04\/wp-17440896225386010218035137409137.png 1920w\" sizes=\"auto, (max-width: 1024px) 100vw, 1024px\" \/><\/figure>\n\n\n\n<p>Necesitan poner en falsa escuadra a alguien de la izquierda para demostrar sus salvajadas, por si nos cab\u00eda alguna duda de lo que hacen los mi\u00e9rcoles con los jubilados entre otros.<\/p>\n\n\n\n<p>Para los se\u00f1ores del Estado, Vanina Biasi es una amenaza. Algunos intentar\u00e1n re\u00edrse, pero en segundos sabr\u00e1n lo nerviosos que los pone la referente trotskista y que ya tiene historia reciente. <\/p>\n\n\n\n<p>Anteriormente a las elecciones de 2023, Vanina Biasi ni siquiera era conocida para casi nadie, no en nuestro caso que la conocemos hace m\u00e1s de treinta a\u00f1os y podemos dar fe de la infamia de esta consumada casa de brujas de una diputada de izquierda, o m\u00e1s precisamente de la \u00fanica candidata a Jefe de Gobierno en denunciar la completa ilegalidad de la candidatura de Jorge Macri a Jefe de Gobierno de la Ciudad Aut\u00f3noma de Buenos Aires. Desde Locomoci\u00f3n TV acompa\u00f1amos el planteo de Biasi, mientras los restantes candidatos, a sabiendas de lo mismo, no supieron m\u00e1s que hacerse los osos con el tema. <\/p>\n\n\n\n<p>Dec\u00edamos que desprop\u00f3sitos como esta caza de brujas sobre Biasi tiene motivos claros que ya les explicamos. Imag\u00ednense que una trotskista, para nada estatista, capaz de poner en peligro una maniobra ilegal para quedarse una familia en el control de las cajas de la Ciudad, ha cosechado muchos odios en la &#8220;aut\u00e9ntica casta infame&#8221;, tanto en el macrismo como en todo el arco opositor, que arrugo como el mejor ante la denuncia de Biasi. <\/p>\n\n\n\n<p>El sistema se la iba a cobrar, a la larga o a la corta, solamente faltar\u00e1 ver si estar\u00e1 dispuesto a condenarla en base a esta serie de paparruchadas. El plan estatal siempre fue claro, la Ley es para agitadores y revolucionarias, para ricos y mandamases, est\u00e1 comprar las libertades que puedan permitirse. <\/p>\n\n\n\n<p>Suponen los Rafecas y los Stornelli que tienen la sart\u00e9n por el mango, protegiendo a los poderosos de las excentricas ansias de Justicia de personas como Vanina Biasi, a la que eligieron como primera presa en su cacer\u00eda. Podemos asegurarles que habr\u00e1 que ver qu\u00e9 m\u00e1s tienen para aportar ya que lo visto hasta ahora es evidente prejuicio y panfleto de Estado. Ya los dej\u00f3 mal parados con el &#8220;Affaire Macri&#8221; y suponemos que en vista de lo presentado hasta ahora que ser\u00e1 muy dif\u00edcil encontrar alguien m\u00e1s caradura que la condene por \u00e9sto. <\/p>\n\n\n\n<p>En nuestra opini\u00f3n, esta venganza del Estado quedar\u00e1 trunca ya que todo el planteo contra Vanina Biasi carece de seriedad. \u00bfHabr\u00e1 alg\u00fan juez que sea tan tonto y perverso para hacer una cosa as\u00ed? Por ahora no vamos a responder esa pregunta, ya que como estupidez ha llegado demasiado lejos.<\/p>\n<p>Visits: 13<\/p>","protected":false},"excerpt":{"rendered":"<p>59 p\u00e1ginas de Terror y Prejuicios de Estado Finalmente, la impresentable &#8220;investigaci\u00f3n&#8221; o compilaci\u00f3n de prejuicios del Fiscal Carlos Stornelli encontr\u00f3 en el Juez Daniel Rafecas o\u00eddos dispuestos al desprop\u00f3sito judicial que en 59 p\u00e1ginas de delirios indic\u00f3 que la referente trotskista y Diputada Nacional, Vanina Biasi, ser\u00e1 procesada por expresiones que tild\u00f3 y sentenci\u00f3 &hellip;<\/p>\n","protected":false},"author":1,"featured_media":34555,"comment_status":"open","ping_status":"open","sticky":false,"template":"","format":"video","meta":{"footnotes":""},"categories":[1],"tags":[],"class_list":["post-34553","post","type-post","status-publish","format-video","has-post-thumbnail","hentry","category-sin-categoria","post_format-post-format-video","post-dark","post-wide","has-post-thumb"],"_links":{"self":[{"href":"https:\/\/locomociontv.org\/index.php?rest_route=\/wp\/v2\/posts\/34553","targetHints":{"allow":["GET"]}}],"collection":[{"href":"https:\/\/locomociontv.org\/index.php?rest_route=\/wp\/v2\/posts"}],"about":[{"href":"https:\/\/locomociontv.org\/index.php?rest_route=\/wp\/v2\/types\/post"}],"author":[{"embeddable":true,"href":"https:\/\/locomociontv.org\/index.php?rest_route=\/wp\/v2\/users\/1"}],"replies":[{"embeddable":true,"href":"https:\/\/locomociontv.org\/index.php?rest_route=%2Fwp%2Fv2%2Fcomments&post=34553"}],"version-history":[{"count":2,"href":"https:\/\/locomociontv.org\/index.php?rest_route=\/wp\/v2\/posts\/34553\/revisions"}],"predecessor-version":[{"id":34558,"href":"https:\/\/locomociontv.org\/index.php?rest_route=\/wp\/v2\/posts\/34553\/revisions\/34558"}],"wp:featuredmedia":[{"embeddable":true,"href":"https:\/\/locomociontv.org\/index.php?rest_route=\/wp\/v2\/media\/34555"}],"wp:attachment":[{"href":"https:\/\/locomociontv.org\/index.php?rest_route=%2Fwp%2Fv2%2Fmedia&parent=34553"}],"wp:term":[{"taxonomy":"category","embeddable":true,"href":"https:\/\/locomociontv.org\/index.php?rest_route=%2Fwp%2Fv2%2Fcategories&post=34553"},{"taxonomy":"post_tag","embeddable":true,"href":"https:\/\/locomociontv.org\/index.php?rest_route=%2Fwp%2Fv2%2Ftags&post=34553"}],"curies":[{"name":"wp","href":"https:\/\/api.w.org\/{rel}","templated":true}]}}