{"id":34188,"date":"2025-03-12T10:17:32","date_gmt":"2025-03-12T13:17:32","guid":{"rendered":"https:\/\/locomociontv.org\/?p=34188"},"modified":"2025-03-15T14:59:57","modified_gmt":"2025-03-15T17:59:57","slug":"inundaciones-en-bahia-blanca-la-solidaridad-de-la-gente-puede-mas-que-la-hipocresia-del-estado","status":"publish","type":"post","link":"https:\/\/locomociontv.org\/?p=34188","title":{"rendered":"Inundaciones En Bah\u00eda Blanca: la solidaridad de la gente puede m\u00e1s que la hipocres\u00eda del Estado"},"content":{"rendered":"\n<figure class=\"wp-block-embed is-type-video is-provider-youtube wp-block-embed-youtube wp-embed-aspect-16-9 wp-has-aspect-ratio\"><div class=\"wp-block-embed__wrapper\">\n<iframe loading=\"lazy\" title=\"La solidaridad de la gente puede m\u00e1s que la hipocres\u00eda del Estado\" width=\"818\" height=\"460\" src=\"https:\/\/www.youtube.com\/embed\/sXq9OjrB0gM?feature=oembed\" frameborder=\"0\" allow=\"accelerometer; autoplay; clipboard-write; encrypted-media; gyroscope; picture-in-picture; web-share\" referrerpolicy=\"strict-origin-when-cross-origin\" allowfullscreen><\/iframe>\n<\/div><\/figure>\n\n\n\n<!--nextpage-->\n\n\n\n<figure class=\"wp-block-image size-large\"><img loading=\"lazy\" decoding=\"async\" width=\"1024\" height=\"574\" src=\"https:\/\/locomociontv.org\/wp-content\/uploads\/2025\/03\/wp-17417072440124581001913720582993-1024x574.jpg\" alt=\"\" class=\"wp-image-34207\" srcset=\"https:\/\/locomociontv.org\/wp-content\/uploads\/2025\/03\/wp-17417072440124581001913720582993-1024x574.jpg 1024w, https:\/\/locomociontv.org\/wp-content\/uploads\/2025\/03\/wp-17417072440124581001913720582993-300x168.jpg 300w, https:\/\/locomociontv.org\/wp-content\/uploads\/2025\/03\/wp-17417072440124581001913720582993-768x430.jpg 768w, https:\/\/locomociontv.org\/wp-content\/uploads\/2025\/03\/wp-17417072440124581001913720582993-1536x861.jpg 1536w, https:\/\/locomociontv.org\/wp-content\/uploads\/2025\/03\/wp-17417072440124581001913720582993.jpg 2000w\" sizes=\"auto, (max-width: 1024px) 100vw, 1024px\" \/><\/figure>\n\n\n\n<p>El Jueves 6 de marzo, la Ciudad de Bah\u00eda Blanca y sus aleda\u00f1as han sufrido la ca\u00edda de casi 300 mil\u00edmetros de precipitaciones, produci\u00e9ndose inundaciones que la han puesto en emergencia y de all\u00ed, como es costumbre, surgieron los contrastes entre la actitud solapadamente irrespetuosa de los pol\u00edticos y sus parapoliciales y tinterillos, que no pudieron ver ni creer lo r\u00e1pido que la civilidad se organiz\u00f3 y a\u00fan se organiza en cadenas solidarias, lo que los oblig\u00f3 a mover el upite a todos y todas y m\u00e1s en un a\u00f1o electoral. Cada vez es m\u00e1s notorio el descreimiento de la sociedad civil argentina en el Estado y cada vez menos confianza le tiene respondiendo ante cat\u00e1strofes, que no creemos que sean naturales ni fortuitas como nos quieren hacer ver los que buscan caranchear en medio del dolor.<\/p>\n\n\n\n<p>Chequeado sali\u00f3 a negar que esto fuera producido por chemtrails, seguro por eso solamente no. Todas las formas de la contaminaci\u00f3n y Bah\u00eda y su periferia las tienen todas coadyuvan a que se produzcan estos fen\u00f3menos tan terribles como las inundaciones. Si vemos a los mecenas de Chequeado hay empresas ultra contaminantes y para este medio no es m\u00e1s que un espionaje de las opiniones con potestades que nadie les otorg\u00f3 y que suenan m\u00e1s bien extorsivas. Reducir el tema a una negaci\u00f3n de verdades que les molestan a quienes les pegan es lo que m\u00e1s les interesa en este mundo. Chequeado hoy es al Chequeo de Hechos lo que la Organizaci\u00f3n Mundial de la Salud es a la excelencia cient\u00edfica. <\/p>\n\n\n\n<p>Los pol\u00edticos empezaron pele\u00e1ndose por la foto, por el video con los damnificados y al ver que el Pueblo les volv\u00eda a dar la espalda, tuvieron que mostrarse sensibles ante la Tragedia, ya que nadie quiere perder un voto en esta movida. La seriedad que tiene el tema se la brind\u00f3 el Pueblo en su conjunto, los de arriba solamente tuvieron que adaptarse y as\u00ed de inc\u00f3modos estar\u00e1n por unos d\u00edas antes de que la c\u00edclica tendencia a resignarse haga su trabajo.<\/p>\n\n\n\n<!--nextpage-->\n\n\n\n<h3 class=\"wp-block-heading\">El d\u00eda despu\u00e9s despierta al pa\u00eds de la magnitud de la Tragedia<\/h3>\n\n\n\n<figure class=\"wp-block-image size-large\"><img loading=\"lazy\" decoding=\"async\" width=\"1024\" height=\"576\" src=\"https:\/\/locomociontv.org\/wp-content\/uploads\/2025\/03\/image-1-1024x576.png\" alt=\"\" class=\"wp-image-34218\" srcset=\"https:\/\/locomociontv.org\/wp-content\/uploads\/2025\/03\/image-1-1024x576.png 1024w, https:\/\/locomociontv.org\/wp-content\/uploads\/2025\/03\/image-1-300x169.png 300w, https:\/\/locomociontv.org\/wp-content\/uploads\/2025\/03\/image-1-768x432.png 768w, https:\/\/locomociontv.org\/wp-content\/uploads\/2025\/03\/image-1-1536x864.png 1536w, https:\/\/locomociontv.org\/wp-content\/uploads\/2025\/03\/image-1.png 1920w\" sizes=\"auto, (max-width: 1024px) 100vw, 1024px\" \/><\/figure>\n\n\n\n<p>El 7 de marzo en Bah\u00eda Blanca se lleg\u00f3 dimensionar la devastaci\u00f3n producida por las aguas, esa misma tarde el Intendente de esa ciudad, Federico Susbielles, emiti\u00f3 un video en el que contaba las primeras evaluaciones e informando a la poblaci\u00f3n que la ayuda nacional y provincial estaba en camino. El jefe Comunal pidi\u00f3 a la gente que se abstenga de salir de las casas, si no es por extrema necesidad de hacerlo. <\/p>\n\n\n\n<p>\u00a1Vamos a las im\u00e1genes!<\/p>\n\n\n\n<figure class=\"wp-block-video\"><video height=\"1080\" style=\"aspect-ratio: 1920 \/ 1080;\" width=\"1920\" controls src=\"https:\/\/locomociontv.org\/wp-content\/uploads\/2025\/03\/Video.Guru_20250311_1652072981.mp4\"><\/video><\/figure>\n\n\n\n<!--nextpage-->\n\n\n\n<h3 class=\"wp-block-heading\">El Presidente decidi\u00f3 &#8220;monitorear&#8221; la cosa de lejitos<\/h3>\n\n\n\n<figure class=\"wp-block-image size-large\"><img loading=\"lazy\" decoding=\"async\" width=\"1024\" height=\"574\" src=\"https:\/\/locomociontv.org\/wp-content\/uploads\/2025\/03\/BackgroundEraser_20250311_1734476701-1024x574.jpg\" alt=\"\" class=\"wp-image-34222\" srcset=\"https:\/\/locomociontv.org\/wp-content\/uploads\/2025\/03\/BackgroundEraser_20250311_1734476701-1024x574.jpg 1024w, https:\/\/locomociontv.org\/wp-content\/uploads\/2025\/03\/BackgroundEraser_20250311_1734476701-300x168.jpg 300w, https:\/\/locomociontv.org\/wp-content\/uploads\/2025\/03\/BackgroundEraser_20250311_1734476701-768x431.jpg 768w, https:\/\/locomociontv.org\/wp-content\/uploads\/2025\/03\/BackgroundEraser_20250311_1734476701-1536x861.jpg 1536w, https:\/\/locomociontv.org\/wp-content\/uploads\/2025\/03\/BackgroundEraser_20250311_1734476701-2048x1148.jpg 2048w\" sizes=\"auto, (max-width: 1024px) 100vw, 1024px\" \/><\/figure>\n\n\n\n<p>El Presidente de la Naci\u00f3n, Javier Milei no quiso viajar a Bah\u00eda Blanca en medio del caos y si bien suspendi\u00f3 su viaje a Mendoza, pareci\u00f3 rara su ausencia en esta oportunidad junto a los bahienses. <\/p>\n\n\n\n<p>Su estupidez de la que la obra p\u00fablica la hagan los privados muestra las consecuencias de dejar en los m\u00e1s desalmados el destino de la vida de los m\u00e1s despose\u00eddos. <\/p>\n\n\n\n<p>Prefiri\u00f3 no exponerse \u00e9l y mandar a sus ministros de Seguridad y Defensa, que el viernes 7, el contacto con los damnificados no les fue c\u00f3modo ni grato como veremos a continuaci\u00f3n. <\/p>\n\n\n\n<p>\u00a1Vamos a las im\u00e1genes!<\/p>\n\n\n\n<figure class=\"wp-block-video\"><video height=\"720\" style=\"aspect-ratio: 1280 \/ 720;\" width=\"1280\" controls src=\"https:\/\/locomociontv.org\/wp-content\/uploads\/2025\/03\/Video.Guru_20250311_2218245171.mp4\"><\/video><\/figure>\n\n\n\n<!--nextpage-->\n\n\n\n<h3 class=\"wp-block-heading\">El Karanchaje fue desautorizado expeditivamente<\/h3>\n\n\n\n<figure class=\"wp-block-video\"><video height=\"1080\" style=\"aspect-ratio: 1920 \/ 1080;\" width=\"1920\" controls src=\"https:\/\/locomociontv.org\/wp-content\/uploads\/2025\/03\/Video.Guru_20250311_2249277791.mp4\"><\/video><\/figure>\n\n\n\n<p>Mientras el Karanchaje parapolicial jugaba con unas im\u00e1genes de Bullrich repudiada y atacada por los damnificados, era lo que mostraban a quien les prestara atenci\u00f3n o no. Oficialmente para ellos nadie es responsable y fue un caso de pura mala suerte lo de Bah\u00eda Blanca. Es ni m\u00e1s ni menos para esta gente que un gorila llamado destino. Probando que a nivel de los ParaKos del Sistema la realidad no es una opci\u00f3n. <\/p>\n\n\n\n<p>Todo estaba bien, hab\u00edan intentado sacar el foco de las inundaciones para hacer noticia que la echaron a Bullrich y a Petri. Pero el Gobernador de la Provincia de Buenos Aires, Axel Kicillof, estuvo reunido con ellos y trabajaron juntos, tal cual todos los participantes lo dicen, puestos atender la emergencia sin \u00e1nimos de otra cosa. Imaginamos, que como cada vez que un peronista act\u00faa con mediana correcci\u00f3n a eso se le llama traici\u00f3n. Los dejaron colgados de la brocha de nuevo y as\u00ed como vociferaron se callaron la boca y adhirieron a la idea de que la mala suerte es la culpable de todos los males.<\/p>\n\n\n\n<!--nextpage-->\n\n\n\n<h3 class=\"wp-block-heading\">Otra vez la mala suerte y su omnipresencia en pol\u00edtica<\/h3>\n\n\n\n<p>El Gobernador de la Provincia de Buenos Aires, cumpli\u00f3 en pasar por Bah\u00eda Blanca y, debiendo afrontar una cat\u00e1strofe que no ayuda a ninguna gesti\u00f3n, sin contar con poner excusas imposibles ante lo evidente y la atenci\u00f3n que pone la sociedad civil en la cuesti\u00f3n. Kicillof inaugur\u00f3 las clases de las secundarias bonaerenses y en el discurseo se lo vio muy abierto, diciendo que en esta crisis estaba todo bien con todos y todas y esta tragedia es in\u00e9dita, inesperada, sint\u00e9ticamente el Gobernador nos explica que es simplemente mala suerte. <\/p>\n\n\n\n<p>\u00a1Vamos a las im\u00e1genes!<\/p>\n\n\n\n<figure class=\"wp-block-video\"><video height=\"720\" style=\"aspect-ratio: 1280 \/ 720;\" width=\"1280\" controls src=\"https:\/\/locomociontv.org\/wp-content\/uploads\/2025\/03\/Video.Guru_20250312_0819010581.mp4\"><\/video><\/figure>\n\n\n\n<!--nextpage-->\n\n\n\n<h3 class=\"wp-block-heading\">CFK no piso el palito: polariz\u00f3 con Milei<\/h3>\n\n\n\n<figure class=\"wp-block-image size-large\"><img loading=\"lazy\" decoding=\"async\" width=\"1024\" height=\"574\" src=\"https:\/\/locomociontv.org\/wp-content\/uploads\/2025\/03\/wp-17417808448675371039519217561681-1024x574.jpg\" alt=\"\" class=\"wp-image-34239\" srcset=\"https:\/\/locomociontv.org\/wp-content\/uploads\/2025\/03\/wp-17417808448675371039519217561681-1024x574.jpg 1024w, https:\/\/locomociontv.org\/wp-content\/uploads\/2025\/03\/wp-17417808448675371039519217561681-300x168.jpg 300w, https:\/\/locomociontv.org\/wp-content\/uploads\/2025\/03\/wp-17417808448675371039519217561681-768x430.jpg 768w, https:\/\/locomociontv.org\/wp-content\/uploads\/2025\/03\/wp-17417808448675371039519217561681-1536x861.jpg 1536w, https:\/\/locomociontv.org\/wp-content\/uploads\/2025\/03\/wp-17417808448675371039519217561681.jpg 2000w\" sizes=\"auto, (max-width: 1024px) 100vw, 1024px\" \/><\/figure>\n\n\n\n<p>Un perfecto equilibrio de mentiras, ya que a nadie le conviene en un a\u00f1o electoral quedar pegado como responsable de una tragedia como \u00e9sta y, en estos momentos es cuando los pol\u00edticos se muestran como emp\u00e1ticos y solidarios, cuando nunca lo son.<\/p>\n\n\n\n<p>Los parapoliciales ahora s\u00ed estaban m\u00e1s desorientados que perro en cancha de bochas, pero llegar\u00eda otra de las payasescas jugadas magistrales de Do\u00f1a Cristina Elisabet, que cual vedette en retirada no quiere dejar de meter p\u00faa y de paso, sin costos a su cargo, polarizar con Javier Milei. <\/p>\n\n\n\n<p>De movida anda por ah\u00ed asegurando que esta es una tragedia que es responsabilidad de las fuerzas de la naturaleza, para sacarle el peso de encima a todos los que no sean Milei. Para los menetecatos del parapolicialismo olguero, esto les sobra. <\/p>\n\n\n\n<p>Es tal la desesperaci\u00f3n de la dos veces ex-Presidenta de la Rep\u00fablica por que se hable de ella, que sali\u00f3 a decir que ella corri\u00f3 a Tartagal cuando estuvo en crisis, para luego decir que la pobreza all\u00ed es estructural, cual Susanita dici\u00e9ndole a Mafalda &#8220;\u00a1Qu\u00e9 barbaridad!&#8221; para seguir con sus vidas como si nada.<\/p>\n\n\n\n<p>Luego reconoce que los de &#8220;La C\u00e1mpora&#8221; trabajaron de muy grado con los miliKos en 2013, cuando se mostraron haci\u00e9ndose solidarios propagandistas, pero que ninguno de ambos se acerc\u00f3 a Los Hornos que dejaron, pero ahora las Susanitas eran miles y miles. <\/p>\n\n\n\n<p>La hip\u00f3crita habla del Shopping Dot que el gran negocio de Cristina, Macri y Elsztain, que cuando algunas organizaciones sociales tomaron el lugar, ella mand\u00f3 a la Polic\u00eda Federal y en esto Grabois no nos dejar\u00e1 mentir. Y la caradura se arroga que ella le dijo que hiciera la obra que lo solucionar\u00eda o eso piensa esta se\u00f1ora muy de Recoleta.<\/p>\n\n\n\n<!--nextpage-->\n\n\n\n<h3 class=\"wp-block-heading\">Milei deja su &#8220;monitoreo&#8221; de la crisis y llega a Bah\u00eda Blanca<\/h3>\n\n\n\n<figure class=\"wp-block-image size-large\"><img loading=\"lazy\" decoding=\"async\" width=\"1024\" height=\"574\" src=\"https:\/\/locomociontv.org\/wp-content\/uploads\/2025\/03\/wp-17417859915727850254477571467080-1024x574.jpg\" alt=\"\" class=\"wp-image-34243\" srcset=\"https:\/\/locomociontv.org\/wp-content\/uploads\/2025\/03\/wp-17417859915727850254477571467080-1024x574.jpg 1024w, https:\/\/locomociontv.org\/wp-content\/uploads\/2025\/03\/wp-17417859915727850254477571467080-300x168.jpg 300w, https:\/\/locomociontv.org\/wp-content\/uploads\/2025\/03\/wp-17417859915727850254477571467080-768x430.jpg 768w, https:\/\/locomociontv.org\/wp-content\/uploads\/2025\/03\/wp-17417859915727850254477571467080-1536x861.jpg 1536w, https:\/\/locomociontv.org\/wp-content\/uploads\/2025\/03\/wp-17417859915727850254477571467080.jpg 2000w\" sizes=\"auto, (max-width: 1024px) 100vw, 1024px\" \/><\/figure>\n\n\n\n<p>En los \u00faltimos d\u00edas circulaban todo tipo de rumores: desde que Milei no quer\u00eda ir a Bah\u00eda Blanca para no sufrir el repudio de la gente, hasta que se estar\u00eda yendo en secreto en en los d\u00edas venideros, o hasta que iba a hacer el Pagadios como lo hizo en Rosario. Lo cierto es que los repudiados, seg\u00fan la alKahueter\u00eda kirchnerista, de Bullrich y Petri siguen all\u00e1 en Bah\u00eda Blanca, recorriendo las zonas afectadas, sin mayores problemas, al parecer, ya que nadie denuncia nada. Es m\u00e1s, muchos de estos paraKos ni siquiera saben que ambos ministros de la Naci\u00f3n siguen all\u00e1.<\/p>\n\n\n\n<p>Tanto Patricia Bullrich como Luis Petri se la pasan tuiteando lo mucho que hacen y hasta publicitan una contabilidad b\u00e1sica que en el futuro seguramente los liberticidas que nos gobiernan se la querr\u00e1n cobrar a alguien.<\/p>\n\n\n\n<p>El misterio se resolvi\u00f3 a las 8 de la ma\u00f1ana del 12 de marzo, en que el Presidente lleg\u00f3 a Bah\u00eda Blanca vestido con rid\u00edculos ropajes militares y roedeado de un importante protocolo de seguridad. All\u00ed emprendieron la recorrida de las zonas afectadas y seguramente ya el Karanchaje de la Grieta estar\u00e1 tomando notas para querer venderte su verdura sobre lo que pasa. <\/p>\n<p>Visits: 9<\/p>","protected":false},"excerpt":{"rendered":"<p>El Jueves 6 de marzo, la Ciudad de Bah\u00eda Blanca y sus aleda\u00f1as han sufrido la ca\u00edda de casi 300 mil\u00edmetros de precipitaciones, produci\u00e9ndose inundaciones que la han puesto en emergencia y de all\u00ed, como es costumbre, surgieron los contrastes entre la actitud solapadamente irrespetuosa de los pol\u00edticos y sus parapoliciales y tinterillos, que no pudieron ver ni creer lo r\u00e1pido que la civilidad se organiz\u00f3 y a\u00fan se organiza en cadenas solidarias, lo que los oblig\u00f3 a mover el upite a todos y todas y m\u00e1s en un a\u00f1o electoral. Cada vez es m\u00e1s notorio el descreimiento de la sociedad civil argentina en el Estado y cada vez menos confianza le tiene respondiendo ante cat\u00e1strofes, que no creemos que sean naturales ni fortuitas como nos quieren hacer ver los que buscan caranchear en medio del dolor.<\/p>\n","protected":false},"author":1,"featured_media":34207,"comment_status":"open","ping_status":"open","sticky":false,"template":"","format":"video","meta":{"footnotes":""},"categories":[1],"tags":[],"class_list":["post-34188","post","type-post","status-publish","format-video","has-post-thumbnail","hentry","category-sin-categoria","post_format-post-format-video","post-dark","post-wide","has-post-thumb"],"_links":{"self":[{"href":"https:\/\/locomociontv.org\/index.php?rest_route=\/wp\/v2\/posts\/34188","targetHints":{"allow":["GET"]}}],"collection":[{"href":"https:\/\/locomociontv.org\/index.php?rest_route=\/wp\/v2\/posts"}],"about":[{"href":"https:\/\/locomociontv.org\/index.php?rest_route=\/wp\/v2\/types\/post"}],"author":[{"embeddable":true,"href":"https:\/\/locomociontv.org\/index.php?rest_route=\/wp\/v2\/users\/1"}],"replies":[{"embeddable":true,"href":"https:\/\/locomociontv.org\/index.php?rest_route=%2Fwp%2Fv2%2Fcomments&post=34188"}],"version-history":[{"count":18,"href":"https:\/\/locomociontv.org\/index.php?rest_route=\/wp\/v2\/posts\/34188\/revisions"}],"predecessor-version":[{"id":34265,"href":"https:\/\/locomociontv.org\/index.php?rest_route=\/wp\/v2\/posts\/34188\/revisions\/34265"}],"wp:featuredmedia":[{"embeddable":true,"href":"https:\/\/locomociontv.org\/index.php?rest_route=\/wp\/v2\/media\/34207"}],"wp:attachment":[{"href":"https:\/\/locomociontv.org\/index.php?rest_route=%2Fwp%2Fv2%2Fmedia&parent=34188"}],"wp:term":[{"taxonomy":"category","embeddable":true,"href":"https:\/\/locomociontv.org\/index.php?rest_route=%2Fwp%2Fv2%2Fcategories&post=34188"},{"taxonomy":"post_tag","embeddable":true,"href":"https:\/\/locomociontv.org\/index.php?rest_route=%2Fwp%2Fv2%2Ftags&post=34188"}],"curies":[{"name":"wp","href":"https:\/\/api.w.org\/{rel}","templated":true}]}}