{"id":34179,"date":"2025-03-09T13:40:18","date_gmt":"2025-03-09T16:40:18","guid":{"rendered":"https:\/\/locomociontv.org\/?p=34179"},"modified":"2025-03-11T13:44:10","modified_gmt":"2025-03-11T16:44:10","slug":"el-presidente-jugando-a-marcarle-la-cancha-a-la-oposicion-en-medio-de-la-tragedia","status":"publish","type":"post","link":"https:\/\/locomociontv.org\/?p=34179","title":{"rendered":"El Presidente jugando a marcarle la cancha a la oposici\u00f3n en medio de la Tragedia"},"content":{"rendered":"\n<figure class=\"wp-block-embed is-type-video is-provider-youtube wp-block-embed-youtube wp-embed-aspect-16-9 wp-has-aspect-ratio\"><div class=\"wp-block-embed__wrapper\">\n<iframe loading=\"lazy\" title=\"El Presidente jugando a marcarle la cancha a la oposici\u00f3n en medio de la Tragedia\" width=\"818\" height=\"460\" src=\"https:\/\/www.youtube.com\/embed\/ZaqY-DzkokY?feature=oembed\" frameborder=\"0\" allow=\"accelerometer; autoplay; clipboard-write; encrypted-media; gyroscope; picture-in-picture; web-share\" referrerpolicy=\"strict-origin-when-cross-origin\" allowfullscreen><\/iframe>\n<\/div><\/figure>\n\n\n\n<!--nextpage-->\n\n\n\n<figure class=\"wp-block-image size-large\"><img loading=\"lazy\" decoding=\"async\" width=\"1024\" height=\"574\" src=\"https:\/\/locomociontv.org\/wp-content\/uploads\/2025\/03\/wp-17415456735265969635401519462810-1024x574.jpg\" alt=\"\" class=\"wp-image-34196\" srcset=\"https:\/\/locomociontv.org\/wp-content\/uploads\/2025\/03\/wp-17415456735265969635401519462810-1024x574.jpg 1024w, https:\/\/locomociontv.org\/wp-content\/uploads\/2025\/03\/wp-17415456735265969635401519462810-300x168.jpg 300w, https:\/\/locomociontv.org\/wp-content\/uploads\/2025\/03\/wp-17415456735265969635401519462810-768x430.jpg 768w, https:\/\/locomociontv.org\/wp-content\/uploads\/2025\/03\/wp-17415456735265969635401519462810-1536x861.jpg 1536w, https:\/\/locomociontv.org\/wp-content\/uploads\/2025\/03\/wp-17415456735265969635401519462810.jpg 2000w\" sizes=\"auto, (max-width: 1024px) 100vw, 1024px\" \/><\/figure>\n\n\n\n<p>El Pueblo Argentino ha puesto en la Casa Rosada a un tipo con un nulo nivel de empat\u00eda.  El Presidente est\u00e1 muy preocupado por atender los intereses magn\u00e1nimos de las oligarK\u00edas y el Imperialismo, tanto que no le importa la realidad de las tragedias que la Madre Tierra padece y nos hace padecer a todos y todas. Para \u00e9l lo importante es estar encima del acuerdo con el FMI, pidiendo al Congreso cosas fuera de tiempo y espacio. La desubicaci\u00f3n de nuestro Primer Mandatario, todav\u00eda no sale del esc\u00e1ndalo que dimos en llamar &#8220;Criptogate&#8221; y el FMI la da plata, que el Pueblo deber\u00eda &#8220;monitorear&#8221; siempre. Quiz\u00e1s sea la actitud de ese Pueblo la que los anime a continuar en una senda de expoliaci\u00f3n masiva como la que lleva este Gobierno.<\/p>\n\n\n\n<!--nextpage-->\n\n\n\n<h3 class=\"wp-block-heading\">El comunicado oficial de prioridades del Estado<\/h3>\n\n\n\n<figure class=\"wp-block-image size-large\"><img loading=\"lazy\" decoding=\"async\" width=\"1024\" height=\"574\" src=\"https:\/\/locomociontv.org\/wp-content\/uploads\/2025\/03\/wp-17415457973362892457247070307880-1024x574.jpg\" alt=\"\" class=\"wp-image-34197\" srcset=\"https:\/\/locomociontv.org\/wp-content\/uploads\/2025\/03\/wp-17415457973362892457247070307880-1024x574.jpg 1024w, https:\/\/locomociontv.org\/wp-content\/uploads\/2025\/03\/wp-17415457973362892457247070307880-300x168.jpg 300w, https:\/\/locomociontv.org\/wp-content\/uploads\/2025\/03\/wp-17415457973362892457247070307880-768x430.jpg 768w, https:\/\/locomociontv.org\/wp-content\/uploads\/2025\/03\/wp-17415457973362892457247070307880-1536x861.jpg 1536w, https:\/\/locomociontv.org\/wp-content\/uploads\/2025\/03\/wp-17415457973362892457247070307880.jpg 2000w\" sizes=\"auto, (max-width: 1024px) 100vw, 1024px\" \/><\/figure>\n\n\n\n<p>El 6 de marzo desde la legalizada OPRA, se emiti\u00f3 un comunicado al cual daremos lectura a continuaci\u00f3n:<\/p>\n\n\n\n<p>&#8220;Ciudad de Buenos Aires, 06 de marzo de 2025.<\/p>\n\n\n\n<p>La Oficina del Presidente informa que, tal como se comprometi\u00f3 el Presidente Javier Milei en la apertura de sesiones ordinarias, se dictar\u00e1 y remitir\u00e1 al Congreso Nacional un Decreto de Necesidad y Urgencia para obtener su apoyo en el acuerdo con el Fondo Monetario Internacional. Dicho acuerdo implicar\u00e1 una operaci\u00f3n de cr\u00e9dito p\u00fablico mediante la cual el Tesoro Nacional cancelar\u00e1 deuda existente con el Banco Central. <\/p>\n\n\n\n<p>El resultante neto de esta operaci\u00f3n implicar\u00e1 una reducci\u00f3n del total de la deuda p\u00fablica. Este acuerdo permitir\u00e1 fortalecer el balance del Banco Central, hito esencial para consolidar la estabilidad monetaria, financiera y macroecon\u00f3mica y continuar con el proceso de desinflaci\u00f3n y de liberaci\u00f3n de las restricciones cambiarias. No existe asunto m\u00e1s necesario y urgente que terminar con la inflaci\u00f3n que durante a\u00f1os le arruin\u00f3 la vida a los argentinos. <\/p>\n\n\n\n<p>Por ello, el Presidente de la Naci\u00f3n aspira a obtener un compromiso urgente de parte del Congreso, tal como ocurri\u00f3 con todos los gobiernos anteriores. Convertir la lucha contra la inflaci\u00f3n en una pol\u00edtica de Estado constituye una clara se\u00f1al de que los representantes del pueblo han comprendido el mandato expresado en las urnas. <\/p>\n\n\n\n<p>Es por esto que el Presidente Javier Milei deposita su confianza en el compromiso y la responsabilidad de cada legislador nacional para con el pueblo argentino y su bienestar econ\u00f3mico.<\/p>\n\n\n\n<p>Oficina del Presidente de la Rep\u00fablica Argentina.&#8221;<\/p>\n\n\n\n<!--nextpage-->\n\n\n\n<h3 class=\"wp-block-heading\">Nuestro Presidente no se siente ni concernido ni interpelado por la realidad<\/h3>\n\n\n\n<figure class=\"wp-block-image size-large\"><img loading=\"lazy\" decoding=\"async\" width=\"1024\" height=\"574\" src=\"https:\/\/locomociontv.org\/wp-content\/uploads\/2025\/03\/wp-17415460381567488283925400590459-1024x574.jpg\" alt=\"\" class=\"wp-image-34198\" srcset=\"https:\/\/locomociontv.org\/wp-content\/uploads\/2025\/03\/wp-17415460381567488283925400590459-1024x574.jpg 1024w, https:\/\/locomociontv.org\/wp-content\/uploads\/2025\/03\/wp-17415460381567488283925400590459-300x168.jpg 300w, https:\/\/locomociontv.org\/wp-content\/uploads\/2025\/03\/wp-17415460381567488283925400590459-768x430.jpg 768w, https:\/\/locomociontv.org\/wp-content\/uploads\/2025\/03\/wp-17415460381567488283925400590459-1536x861.jpg 1536w, https:\/\/locomociontv.org\/wp-content\/uploads\/2025\/03\/wp-17415460381567488283925400590459.jpg 2000w\" sizes=\"auto, (max-width: 1024px) 100vw, 1024px\" \/><\/figure>\n\n\n\n<p>As\u00ed las cosas, Milei reclama a los que llamaba &#8220;casta&#8221;, que hagan lo que hicieron con los gobiernos anteriores que no es m\u00e1s que seguir endeud\u00e1mdonos con el FMI.<\/p>\n\n\n\n<p>Lo que logr\u00f3 es que Cristina, tan hip\u00f3crita como siempre diga que N\u00e9stor pag\u00f3 la totalidad de la deuda cuando todos sabemos que el mismo Kicillof, en esa \u00e9poca adorado por ella, aseguraba que a\u00fan estaba en 210000 millones.<\/p>\n\n\n\n<p>Cambian los gobiernos y siguen los mismos latrocinios cargados a las espaldas del Pueblo que paga por las mentiras de nuestros Gobiernos siempre siervos de la oligarK\u00eda y el imperialismo. <\/p>\n\n\n\n<p>\u00bfY la casta? Bien, gracias, durmiendo a pata ancha viviendo la primavera del cinismo de quienes gobiernan, pero apoyando u oponi\u00e9ndose seg\u00fan sus mezquinos intereses siempre prioritarios para la Naci\u00f3n. Que como la Patria es aceptar mansamente que nada cambie, cuando te dicen que lo rancio es la novedad. <\/p>\n\n\n\n<p>Todo esto mientras la prioridad del pa\u00eds es otra y la sociedad argentina est\u00e1 con la vista puesta en la Tragedia de las Inundaciones en Bah\u00eda Blanca. Esta gente se pelea por estas cosas que poco le interesan al Pueblo y que deber\u00edan interesarle, ya que siempre, pero siempre gobierne quien gobierne o quien  administre la voluntad del sistema, ser\u00e1n los que paguen por una fiesta a la que no fueron invitados.<\/p>\n\n\n\n<p>La desfachatez presidencial es ilimitada, tenemos un Presidente tan ocupado en vender sus porquer\u00edas a los Estados Unidos que se olvida (para nada) de estas emergencias que DEBEN ser atendidas sin poner malditas excusas. La realidad a Javier Gerardo Milei no le concierne mucho, \u00e9l solamente entiende de servir a las oligarK\u00edas y al Imperialismo.<\/p>\n<p>Visits: 6<\/p>","protected":false},"excerpt":{"rendered":"<p>El Pueblo Argentino ha puesto en la Casa Rosada a un tipo con un nulo nivel de empat\u00eda.  El Presidente est\u00e1 muy preocupado por atender los intereses magn\u00e1nimos de las oligarK\u00edas y el Imperialismo, tanto que no le importa la realidad de las tragedias que la Madre Tierra padece y nos hace padecer a todos y todas. Para \u00e9l lo importante es estar encima del acuerdo con el FMI, pidiendo al Congreso cosas fuera de tiempo y espacio. La desubicaci\u00f3n de nuestro Primer Mandatario, todav\u00eda no sale del esc\u00e1ndalo que dimos en llamar &#8220;Criptogate&#8221; y el FMI la da plata, que el Pueblo deber\u00eda &#8220;monitorear&#8221; siempre. Quiz\u00e1s sea la actitud de ese Pueblo la que los anime a continuar en una senda de expoliaci\u00f3n masiva como la que lleva este Gobierno.<\/p>\n","protected":false},"author":1,"featured_media":34196,"comment_status":"open","ping_status":"open","sticky":false,"template":"","format":"video","meta":{"footnotes":""},"categories":[1],"tags":[],"class_list":["post-34179","post","type-post","status-publish","format-video","has-post-thumbnail","hentry","category-sin-categoria","post_format-post-format-video","post-dark","post-wide","has-post-thumb"],"_links":{"self":[{"href":"https:\/\/locomociontv.org\/index.php?rest_route=\/wp\/v2\/posts\/34179","targetHints":{"allow":["GET"]}}],"collection":[{"href":"https:\/\/locomociontv.org\/index.php?rest_route=\/wp\/v2\/posts"}],"about":[{"href":"https:\/\/locomociontv.org\/index.php?rest_route=\/wp\/v2\/types\/post"}],"author":[{"embeddable":true,"href":"https:\/\/locomociontv.org\/index.php?rest_route=\/wp\/v2\/users\/1"}],"replies":[{"embeddable":true,"href":"https:\/\/locomociontv.org\/index.php?rest_route=%2Fwp%2Fv2%2Fcomments&post=34179"}],"version-history":[{"count":8,"href":"https:\/\/locomociontv.org\/index.php?rest_route=\/wp\/v2\/posts\/34179\/revisions"}],"predecessor-version":[{"id":34214,"href":"https:\/\/locomociontv.org\/index.php?rest_route=\/wp\/v2\/posts\/34179\/revisions\/34214"}],"wp:featuredmedia":[{"embeddable":true,"href":"https:\/\/locomociontv.org\/index.php?rest_route=\/wp\/v2\/media\/34196"}],"wp:attachment":[{"href":"https:\/\/locomociontv.org\/index.php?rest_route=%2Fwp%2Fv2%2Fmedia&parent=34179"}],"wp:term":[{"taxonomy":"category","embeddable":true,"href":"https:\/\/locomociontv.org\/index.php?rest_route=%2Fwp%2Fv2%2Fcategories&post=34179"},{"taxonomy":"post_tag","embeddable":true,"href":"https:\/\/locomociontv.org\/index.php?rest_route=%2Fwp%2Fv2%2Ftags&post=34179"}],"curies":[{"name":"wp","href":"https:\/\/api.w.org\/{rel}","templated":true}]}}