{"id":34166,"date":"2025-03-07T19:11:34","date_gmt":"2025-03-07T22:11:34","guid":{"rendered":"https:\/\/locomociontv.org\/?p=34166"},"modified":"2025-03-07T20:37:09","modified_gmt":"2025-03-07T23:37:09","slug":"locomocion-tv-noticias-71","status":"publish","type":"post","link":"https:\/\/locomociontv.org\/?p=34166","title":{"rendered":"Locomoci\u00f3n TV &#8211; Noticias #71"},"content":{"rendered":"\n<figure class=\"wp-block-image size-large\"><img loading=\"lazy\" decoding=\"async\" width=\"1024\" height=\"574\" src=\"https:\/\/locomociontv.org\/wp-content\/uploads\/2025\/03\/LTVN71-PELA1-1024x574.jpg\" alt=\"\" class=\"wp-image-34168\" srcset=\"https:\/\/locomociontv.org\/wp-content\/uploads\/2025\/03\/LTVN71-PELA1-1024x574.jpg 1024w, https:\/\/locomociontv.org\/wp-content\/uploads\/2025\/03\/LTVN71-PELA1-300x168.jpg 300w, https:\/\/locomociontv.org\/wp-content\/uploads\/2025\/03\/LTVN71-PELA1-768x431.jpg 768w, https:\/\/locomociontv.org\/wp-content\/uploads\/2025\/03\/LTVN71-PELA1-1536x861.jpg 1536w, https:\/\/locomociontv.org\/wp-content\/uploads\/2025\/03\/LTVN71-PELA1-2048x1148.jpg 2048w\" sizes=\"auto, (max-width: 1024px) 100vw, 1024px\" \/><\/figure>\n\n\n\n<p>Hola amigas y amigos:<\/p>\n\n\n\n<p>Sean bienvenides a esta septuag\u00e9ismo primera emisi\u00f3n regular de Locomoci\u00f3n TV &#8211; Noticias. <\/p>\n\n\n\n<p>Desde el Estudio \u00danico de Locomoci\u00f3n TV en la Ciudad Aut\u00f3noma de Buenos Aires, llegamos hasta ustedes luego de 9 d\u00edas desde nuestro \u00faltimo encuentro informativo por estos medios. <\/p>\n\n\n\n<!--nextpage-->\n\n\n\n<h3 class=\"wp-block-heading\">Ucrania: otro cuento de libertad contado por los liberticidas<\/h3>\n\n\n\n<p>En estos \u00faltimos d\u00edas la pauta se ha movido al \u00e1mbito internacional y all\u00ed nuestra diplomacia genuflexa con los Estados Unidos, acompa\u00f1\u00e1ndolos a\u00fan en el abandono a Ucrania y su reparto de la misma con Rusia.<\/p>\n\n\n\n<p>\u00a1Vamos al informe!<\/p>\n\n\n\n<figure class=\"wp-block-embed is-type-wp-embed is-provider-locomoci-n-tv wp-block-embed-locomoci-n-tv\"><div class=\"wp-block-embed__wrapper\">\n<blockquote class=\"wp-embedded-content\" data-secret=\"hK6boakVbx\"><a href=\"https:\/\/locomociontv.org\/?p=34125\">Ucrania: otro cuento de libertad contado por los liberticidas<\/a><\/blockquote><iframe loading=\"lazy\" class=\"wp-embedded-content\" sandbox=\"allow-scripts\" security=\"restricted\" style=\"position: absolute; visibility: hidden;\" title=\"&#8220;Ucrania: otro cuento de libertad contado por los liberticidas&#8221; &#8212; Locomoci\u00f3n TV\" src=\"https:\/\/locomociontv.org\/?p=34125&#038;embed=true#?secret=kJklSoQD5E#?secret=hK6boakVbx\" data-secret=\"hK6boakVbx\" width=\"600\" height=\"338\" frameborder=\"0\" marginwidth=\"0\" marginheight=\"0\" scrolling=\"no\"><\/iframe>\n<\/div><\/figure>\n\n\n\n<!--nextpage-->\n\n\n\n<h3 class=\"wp-block-heading\">El Presidente inaugur\u00f3 las Sesiones Ordinarias del Congreso promoviendo esc\u00e1ndalos<\/h3>\n\n\n\n<p>En el \u00e1mbito local el Presidente Milei inaugur\u00f3 el 1\u00b0 de marzo el 143\u00b0 per\u00edodo de sesiones ordinarias del Congreso de la Naci\u00f3n, con insultos, fantas\u00edas y edenes que el Pueblo no ve ni en su mesa ni en su bolsillo. Siguen en acci\u00f3n los nuevos Parakos, patoteando virtual y hasta f\u00edsicamente a quien osa oponerse a Milei.<\/p>\n\n\n\n<p>Nuevamente, los actos institucionales del Estado son un esc\u00e1ndalo.<\/p>\n\n\n\n<p>\u00a1Vamos al informe!<\/p>\n\n\n\n<figure class=\"wp-block-embed is-type-wp-embed is-provider-locomoci-n-tv wp-block-embed-locomoci-n-tv\"><div class=\"wp-block-embed__wrapper\">\n<blockquote class=\"wp-embedded-content\" data-secret=\"GfOZNQUyIy\"><a href=\"https:\/\/locomociontv.org\/?p=34161\">El Presidente inaugur\u00f3 las Sesiones Ordinarias del Congreso promoviendo esc\u00e1ndalos<\/a><\/blockquote><iframe loading=\"lazy\" class=\"wp-embedded-content\" sandbox=\"allow-scripts\" security=\"restricted\" style=\"position: absolute; visibility: hidden;\" title=\"&#8220;El Presidente inaugur\u00f3 las Sesiones Ordinarias del Congreso promoviendo esc\u00e1ndalos&#8221; &#8212; Locomoci\u00f3n TV\" src=\"https:\/\/locomociontv.org\/?p=34161&#038;embed=true#?secret=Ja0AfeldZK#?secret=GfOZNQUyIy\" data-secret=\"GfOZNQUyIy\" width=\"600\" height=\"338\" frameborder=\"0\" marginwidth=\"0\" marginheight=\"0\" scrolling=\"no\"><\/iframe>\n<\/div><\/figure>\n\n\n\n<!--nextpage-->\n\n\n\n<h3 class=\"wp-block-heading\">\u26a0\ufe0f Incidente: Derrame de sustancias t\u00f3xicas en inmediaciones de Cosqu\u00edn<\/h3>\n\n\n\n<p>Desde Punilla nos llega la noticia de otro derrame t\u00f3xico en la Autov\u00eda 5 ante la imp\u00e1vida y corrupta mirada hacia otro lado de les que dicen ser grandes luchadores ambientales y que son conocidos m\u00e1s por su holgazaner\u00eda y cercan\u00eda siempre m\u00e1s a las cajas que a las luchas. <\/p>\n\n\n\n<p>\u00a1Vamos al informe!<\/p>\n\n\n\n<figure class=\"wp-block-embed is-type-wp-embed is-provider-locomoci-n-tv wp-block-embed-locomoci-n-tv\"><div class=\"wp-block-embed__wrapper\">\n<blockquote class=\"wp-embedded-content\" data-secret=\"jx5RINjofu\"><a href=\"https:\/\/locomociontv.org\/?p=34148\">\u26a0\ufe0f Incidente: Derrame de sustancias t\u00f3xicas en inmediaciones de Cosqu\u00edn<\/a><\/blockquote><iframe loading=\"lazy\" class=\"wp-embedded-content\" sandbox=\"allow-scripts\" security=\"restricted\" style=\"position: absolute; visibility: hidden;\" title=\"&#8220;\u26a0\ufe0f Incidente: Derrame de sustancias t\u00f3xicas en inmediaciones de Cosqu\u00edn&#8221; &#8212; Locomoci\u00f3n TV\" src=\"https:\/\/locomociontv.org\/?p=34148&#038;embed=true#?secret=30bc4JpNUu#?secret=jx5RINjofu\" data-secret=\"jx5RINjofu\" width=\"600\" height=\"338\" frameborder=\"0\" marginwidth=\"0\" marginheight=\"0\" scrolling=\"no\"><\/iframe>\n<\/div><\/figure>\n\n\n\n<!--nextpage-->\n\n\n\n<h3 class=\"wp-block-heading\">Brancatelli: un parako de nuevo en apuros<\/h3>\n\n\n\n<p>Por \u00faltimo, la desKomposici\u00f3n de los ParaKos del r\u00e9gimen anterior siempre hace que nos distraigamos un  poco de este Gobierno Ultra y nos tengamos que ocupar de gente que teme quedar desocupada en rol de castigadores para los que se pongan, por lo que se pongan. <\/p>\n\n\n\n<p>\u00a1Vamos al informes!<\/p>\n\n\n\n<figure class=\"wp-block-embed is-type-wp-embed is-provider-locomoci-n-tv wp-block-embed-locomoci-n-tv\"><div class=\"wp-block-embed__wrapper\">\n<blockquote class=\"wp-embedded-content\" data-secret=\"UcT33l22e3\"><a href=\"https:\/\/locomociontv.org\/?p=34101\">Brancatelli: un parako de nuevo en apuros<\/a><\/blockquote><iframe loading=\"lazy\" class=\"wp-embedded-content\" sandbox=\"allow-scripts\" security=\"restricted\" style=\"position: absolute; visibility: hidden;\" title=\"&#8220;Brancatelli: un parako de nuevo en apuros&#8221; &#8212; Locomoci\u00f3n TV\" src=\"https:\/\/locomociontv.org\/?p=34101&#038;embed=true#?secret=vf1mMWlmWU#?secret=UcT33l22e3\" data-secret=\"UcT33l22e3\" width=\"600\" height=\"338\" frameborder=\"0\" marginwidth=\"0\" marginheight=\"0\" scrolling=\"no\"><\/iframe>\n<\/div><\/figure>\n\n\n\n<!--nextpage-->\n\n\n\n<h3 class=\"wp-block-heading\">Cierre de la Emisi\u00f3n<\/h3>\n\n\n\n<figure class=\"wp-block-image size-large\"><img loading=\"lazy\" decoding=\"async\" width=\"1024\" height=\"574\" src=\"https:\/\/locomociontv.org\/wp-content\/uploads\/2025\/03\/LTVN71-PELA1-1024x574.jpg\" alt=\"\" class=\"wp-image-34168\" srcset=\"https:\/\/locomociontv.org\/wp-content\/uploads\/2025\/03\/LTVN71-PELA1-1024x574.jpg 1024w, https:\/\/locomociontv.org\/wp-content\/uploads\/2025\/03\/LTVN71-PELA1-300x168.jpg 300w, https:\/\/locomociontv.org\/wp-content\/uploads\/2025\/03\/LTVN71-PELA1-768x431.jpg 768w, https:\/\/locomociontv.org\/wp-content\/uploads\/2025\/03\/LTVN71-PELA1-1536x861.jpg 1536w, https:\/\/locomociontv.org\/wp-content\/uploads\/2025\/03\/LTVN71-PELA1-2048x1148.jpg 2048w\" sizes=\"auto, (max-width: 1024px) 100vw, 1024px\" \/><\/figure>\n\n\n\n<p>Hasta aqu\u00ed llegamos con esta septuag\u00e9simo primera emisi\u00f3n regular de Locomoci\u00f3n TV &#8211; Noticias, la que esperamos haya sido de vuestro agrado.<\/p>\n\n\n\n<p>Sin otro particular, ser\u00e1 hasta la pr\u00f3xima, amigas y amigos.<\/p>\n<p>Visits: 2<\/p>","protected":false},"excerpt":{"rendered":"<p>Hola amigas y amigos: Sean bienvenides a esta septuag\u00e9ismo primera emisi\u00f3n regular de Locomoci\u00f3n TV &#8211; Noticias. Desde el Estudio \u00danico de Locomoci\u00f3n TV en la Ciudad Aut\u00f3noma de Buenos Aires, llegamos hasta ustedes luego de 9 d\u00edas desde nuestro \u00faltimo encuentro informativo por estos medios. Visits: 2<\/p>\n","protected":false},"author":1,"featured_media":34168,"comment_status":"open","ping_status":"open","sticky":false,"template":"","format":"video","meta":{"footnotes":""},"categories":[1],"tags":[],"class_list":["post-34166","post","type-post","status-publish","format-video","has-post-thumbnail","hentry","category-sin-categoria","post_format-post-format-video","post-dark","post-wide","has-post-thumb"],"_links":{"self":[{"href":"https:\/\/locomociontv.org\/index.php?rest_route=\/wp\/v2\/posts\/34166","targetHints":{"allow":["GET"]}}],"collection":[{"href":"https:\/\/locomociontv.org\/index.php?rest_route=\/wp\/v2\/posts"}],"about":[{"href":"https:\/\/locomociontv.org\/index.php?rest_route=\/wp\/v2\/types\/post"}],"author":[{"embeddable":true,"href":"https:\/\/locomociontv.org\/index.php?rest_route=\/wp\/v2\/users\/1"}],"replies":[{"embeddable":true,"href":"https:\/\/locomociontv.org\/index.php?rest_route=%2Fwp%2Fv2%2Fcomments&post=34166"}],"version-history":[{"count":7,"href":"https:\/\/locomociontv.org\/index.php?rest_route=\/wp\/v2\/posts\/34166\/revisions"}],"predecessor-version":[{"id":34184,"href":"https:\/\/locomociontv.org\/index.php?rest_route=\/wp\/v2\/posts\/34166\/revisions\/34184"}],"wp:featuredmedia":[{"embeddable":true,"href":"https:\/\/locomociontv.org\/index.php?rest_route=\/wp\/v2\/media\/34168"}],"wp:attachment":[{"href":"https:\/\/locomociontv.org\/index.php?rest_route=%2Fwp%2Fv2%2Fmedia&parent=34166"}],"wp:term":[{"taxonomy":"category","embeddable":true,"href":"https:\/\/locomociontv.org\/index.php?rest_route=%2Fwp%2Fv2%2Fcategories&post=34166"},{"taxonomy":"post_tag","embeddable":true,"href":"https:\/\/locomociontv.org\/index.php?rest_route=%2Fwp%2Fv2%2Ftags&post=34166"}],"curies":[{"name":"wp","href":"https:\/\/api.w.org\/{rel}","templated":true}]}}