{"id":34161,"date":"2025-03-04T23:42:16","date_gmt":"2025-03-05T02:42:16","guid":{"rendered":"https:\/\/locomociontv.org\/?p=34161"},"modified":"2025-03-07T00:13:39","modified_gmt":"2025-03-07T03:13:39","slug":"el-presidente-inauguro-las-sesiones-ordinarias-del-congreso-promoviendo-escandalos","status":"publish","type":"post","link":"https:\/\/locomociontv.org\/?p=34161","title":{"rendered":"El Presidente inaugur\u00f3 las Sesiones Ordinarias del Congreso promoviendo esc\u00e1ndalos"},"content":{"rendered":"\n<p><iframe loading=\"lazy\" title=\"El Presidente inaugur\u00f3 las Sesiones Ordinarias del Congreso promoviendo esc\u00e1ndalos\" width=\"818\" height=\"460\" src=\"https:\/\/www.youtube.com\/embed\/ZQUFpPkIOcQ?feature=oembed\" frameborder=\"0\" allow=\"accelerometer; autoplay; clipboard-write; encrypted-media; gyroscope; picture-in-picture; web-share\" referrerpolicy=\"strict-origin-when-cross-origin\" allowfullscreen><\/iframe><\/p>\n\n\n\n<!--nextpage-->\n\n\n\n<figure class=\"wp-block-image\"><img loading=\"lazy\" decoding=\"async\" width=\"2000\" height=\"1121\" src=\"https:\/\/locomociontv.org\/wp-content\/uploads\/2025\/03\/wp-17411423829596707174081633053888.png\" alt=\"\" class=\"wp-image-34160\" srcset=\"https:\/\/locomociontv.org\/wp-content\/uploads\/2025\/03\/wp-17411423829596707174081633053888.png 2000w, https:\/\/locomociontv.org\/wp-content\/uploads\/2025\/03\/wp-17411423829596707174081633053888-300x168.png 300w, https:\/\/locomociontv.org\/wp-content\/uploads\/2025\/03\/wp-17411423829596707174081633053888-1024x574.png 1024w, https:\/\/locomociontv.org\/wp-content\/uploads\/2025\/03\/wp-17411423829596707174081633053888-768x430.png 768w, https:\/\/locomociontv.org\/wp-content\/uploads\/2025\/03\/wp-17411423829596707174081633053888-1536x861.png 1536w\" sizes=\"auto, (max-width: 2000px) 100vw, 2000px\" \/><\/figure>\n\n\n\n<p>El Presidente de la Naci\u00f3n, Javier Gerardo Milei, el 1\u00b0 de marzo inaugur\u00f3 el 143\u00b0 Per\u00edodo de Sesiones Ordinarias con un poco soportable discurso sobre el Estado de la Naci\u00f3n, que como es tradicional costumbre presidencial en nuestro pa\u00eds, &#8220;reflej\u00f3&#8221; la imaginaci\u00f3n del Jefe de Estado sobre lo que est\u00e1 bien para \u00e9l y su grupo de privilegiados a quienes no llama &#8220;casta&#8221;. Trat\u00e1ndose de Milei no pudieron faltar las polarizaciones bizarras y los esc\u00e1ndalos bien organizados por sus parapoliciales y neurochanta radical de Manes. Una hora de groser\u00edas y negaciones de la realidad que dijo sin ponerse colorado.<\/p>\n\n\n\n<!--nextpage-->\n\n\n\n<h3 class=\"wp-block-heading\">La Fantas\u00eda Econ\u00f3mica de Milei en un discurso surrelista<\/h3>\n\n\n\n<figure class=\"wp-block-image size-large\"><img loading=\"lazy\" decoding=\"async\" width=\"1024\" height=\"574\" src=\"https:\/\/locomociontv.org\/wp-content\/uploads\/2025\/03\/backgrounderaser_20250306_205656178796928253430133393-1024x574.jpg\" alt=\"\" class=\"wp-image-34172\" srcset=\"https:\/\/locomociontv.org\/wp-content\/uploads\/2025\/03\/backgrounderaser_20250306_205656178796928253430133393-1024x574.jpg 1024w, https:\/\/locomociontv.org\/wp-content\/uploads\/2025\/03\/backgrounderaser_20250306_205656178796928253430133393-300x168.jpg 300w, https:\/\/locomociontv.org\/wp-content\/uploads\/2025\/03\/backgrounderaser_20250306_205656178796928253430133393-768x430.jpg 768w, https:\/\/locomociontv.org\/wp-content\/uploads\/2025\/03\/backgrounderaser_20250306_205656178796928253430133393-1536x861.jpg 1536w, https:\/\/locomociontv.org\/wp-content\/uploads\/2025\/03\/backgrounderaser_20250306_205656178796928253430133393.jpg 2000w\" sizes=\"auto, (max-width: 1024px) 100vw, 1024px\" \/><\/figure>\n\n\n\n<p><\/p>\n\n\n\n<p>Comenz\u00f3 su extensa perorata asegurando que, antes de \u00e9l, la Argentina viene de 100 a\u00f1os (que obsesivo con las centurias)  de sistem\u00e1tico y continuo deterioro. Obviamente, dejando en claro que \u00e9l puso fin en poco tiempo a un siglo de frustraciones. Se ve que tiene la autoestima alt\u00edsima o es un eg\u00f3latra ajeno a toda la realidad del pa\u00eds y de sus m\u00e1s humildes. <\/p>\n\n\n\n<p>Siguiendo con la pol\u00edtica de autobombo, propia de estos se\u00f1ores, consider\u00f3 a su plan econ\u00f3mico como el m\u00e1s exitoso de la Historia y lo fundament\u00f3 con unos n\u00fameros entre falsos y enga\u00f1osos. <\/p>\n\n\n\n<p>Desde ese p\u00falpito pontific\u00f3 sobre los impuestos regresivos que aplic\u00f3 como factor fundamental de su programa. Se jact\u00f3 de sus aumentos a los monotributistas y blanqueos que defini\u00f3 exitosos para los grandes evasores. <\/p>\n\n\n\n<p>Le tir\u00f3 flores por el ajuste criminal a su Ministro de Econom\u00eda, Luis Caputo, que seg\u00fan \u00e9l fue la base del equilibrio fiscal que asegura tener. <\/p>\n\n\n\n<p>As\u00ed como quien se cree sus n\u00fameros asegur\u00f3 que la Argentina &#8220;no para de crecer&#8221; y con sorna consol\u00f3 el &#8220;llanto&#8221; de los que llama &#8220;keynesianos&#8221; y del peronismo al que no parece registrar ni de nombre. Siguiendo con la l\u00ednea negadora de la realidad afirmo que el el ajuste no fue regresivo y que sirvi\u00f3 (y ac\u00e1 viene lo mejor) para sacar a mucha gente de la pobreza. <\/p>\n\n\n\n<p>Para el futuro prometi\u00f3 que privatizar\u00e1 las empresas p\u00fablicas y volvi\u00f3 a fustigar la obra con el mismo speech regresivo de siempre. La democracia y la movilidad es para quien la pague, y el que no, que se quede quieto. Tambi\u00e9n se jact\u00f3 de eliminar la pauta oficial y no financiar desde all\u00ed a los alKahuetes del Estado y foKas apludidoras como las que vitoreaban sus sandeces all\u00ed mismo. Dice no necesitar comprar periodistas ni apretarlos, tom\u00e1ndonos a todos, definitivamente por idiotas. <\/p>\n\n\n\n<!--nextpage-->\n\n\n\n<h3 class=\"wp-block-heading\">Lamida de partes a todos los Ministros del Gobierno<\/h3>\n\n\n\n<figure class=\"wp-block-image size-large\"><img loading=\"lazy\" decoding=\"async\" width=\"1024\" height=\"574\" src=\"https:\/\/locomociontv.org\/wp-content\/uploads\/2025\/03\/backgrounderaser_20250306_2058582323320068667401377600-1024x574.jpg\" alt=\"\" class=\"wp-image-34173\" srcset=\"https:\/\/locomociontv.org\/wp-content\/uploads\/2025\/03\/backgrounderaser_20250306_2058582323320068667401377600-1024x574.jpg 1024w, https:\/\/locomociontv.org\/wp-content\/uploads\/2025\/03\/backgrounderaser_20250306_2058582323320068667401377600-300x168.jpg 300w, https:\/\/locomociontv.org\/wp-content\/uploads\/2025\/03\/backgrounderaser_20250306_2058582323320068667401377600-768x430.jpg 768w, https:\/\/locomociontv.org\/wp-content\/uploads\/2025\/03\/backgrounderaser_20250306_2058582323320068667401377600-1536x861.jpg 1536w, https:\/\/locomociontv.org\/wp-content\/uploads\/2025\/03\/backgrounderaser_20250306_2058582323320068667401377600.jpg 2000w\" sizes=\"auto, (max-width: 1024px) 100vw, 1024px\" \/><\/figure>\n\n\n\n<ul class=\"wp-block-list\">\n<li>Defendi\u00f3 la pol\u00edtica del Ministerio de Capital Humano diciendo que al eliminar, seg\u00fan su propia visi\u00f3n, a los que llam\u00f3 &#8220;Gerentes de la Pobreza&#8221; redujeron los piquetes de m\u00e1s de 8000 al a\u00f1o a cero. No parece gran cosa lo hecho, ya que solamente rese\u00f1o cosas que no hizo. <\/li>\n\n\n\n<li>En materia de seguridad el Presidente destac\u00f3 como hitos la baja en lo homicidios, siendo el \u00edndice de la Argentina uno de los mpas bajos de Sudam\u00e9rica. Tales n\u00fameros difusos citados, como de costumbre no vienen acompa\u00f1ados de fuentes. Para ponerle un mo\u00f1ito al tema le agradeci\u00f3 a Bullrich por &#8220;asegurar la paz y el orden&#8221; con su labor. <\/li>\n\n\n\n<li>Sobre la cartera de Defensa revindic\u00f3 el requipamiento de las Fuerzas Armadas muchos datos sobre ello. Todo muy cuestionable en compras del Estado para equipamento de matanzas, siempre un gasto que el Estado en su eterna paranoia recarga sobre el pueblo, al fin y al cabo el \u00fanico destinatario de esas balas. <\/li>\n\n\n\n<li>En cuanto a la pol\u00edtica exterior de su Gobierno, imagin\u00f3 que en materia diplom\u00e1tica nuestro pa\u00eds paso de ser el hazmerre\u00edr del mundo para pasar a ser protagonista. Nuevamente se &#8220;olvida&#8221; de aclarar de qu\u00e9 lo ser\u00eda. <\/li>\n<\/ul>\n\n\n\n<!--nextpage-->\n\n\n\n<h3 class=\"wp-block-heading\">Se autofelicit\u00f3 por cumplir sus promesas e hizo nuevas y m\u00e1s siniestras<\/h3>\n\n\n\n<figure class=\"wp-block-image size-large\"><img loading=\"lazy\" decoding=\"async\" width=\"1024\" height=\"574\" src=\"https:\/\/locomociontv.org\/wp-content\/uploads\/2025\/03\/backgrounderaser_20250306_2101390431182316297034436136-1024x574.jpg\" alt=\"\" class=\"wp-image-34174\" srcset=\"https:\/\/locomociontv.org\/wp-content\/uploads\/2025\/03\/backgrounderaser_20250306_2101390431182316297034436136-1024x574.jpg 1024w, https:\/\/locomociontv.org\/wp-content\/uploads\/2025\/03\/backgrounderaser_20250306_2101390431182316297034436136-300x168.jpg 300w, https:\/\/locomociontv.org\/wp-content\/uploads\/2025\/03\/backgrounderaser_20250306_2101390431182316297034436136-768x430.jpg 768w, https:\/\/locomociontv.org\/wp-content\/uploads\/2025\/03\/backgrounderaser_20250306_2101390431182316297034436136-1536x861.jpg 1536w, https:\/\/locomociontv.org\/wp-content\/uploads\/2025\/03\/backgrounderaser_20250306_2101390431182316297034436136.jpg 2000w\" sizes=\"auto, (max-width: 1024px) 100vw, 1024px\" \/><\/figure>\n\n\n\n<p>Como quien cierra una catarata de sandeces dijo que en un a\u00f1o de Gobierno cumpli\u00f3 con el 75% de las promesas de campa\u00f1a y haciendo los n\u00fameros y rulos que le gusta hacer dijo que en realidad podr\u00eda rondar por el 97% y se le daban dos segundos m\u00e1s dec\u00eda que hab\u00eda cumplido con todo.  <\/p>\n\n\n\n<p>Agradeci\u00f3 a todos sus ministros por permitirle (escuchen bien) &#8220;liderar el mejor Gobierno de toda la Historia Argentina&#8221; con la objetividad de quien se elogia a si mismo. <\/p>\n\n\n\n<p>Ya cebadito el hombre prometi\u00f3 que comienza la etapa de la reconstrucci\u00f3n con 12 leyes (de las que tampoco dio datos) y que har\u00e1n las reformas estructurales que seg\u00fan \u00e9l mismo le faltan hacer. <\/p>\n\n\n\n<p>Plantea como una oportunidad \u00fanica la de un tratado de libre comercio con los Estados Unidos, por el que ir\u00e1, si es necesario, rompiendo el Mercosur.<\/p>\n\n\n\n<p>En una nauseabunda actitud us\u00f3 de manera proselitista los casos de de asesinatos de ni\u00f1os para fustigar al sistema judicial en general y al Gobernador de la Provincia de Buenos Aires, Axel Kicillof en particular. Insisti\u00f3 en la baja de la edad de imputabilidad penal, usando nuevamente el cr\u00edmen de Kim. Y recurriendo al ba\u00fal de las p\u00e9simas recetas replica el aumento de penas del C\u00f3digo Penal. <\/p>\n\n\n\n<p>Siguiendo con los eternos culpables para la Ultra, le volvi\u00f3 a dar mecha al tema de una reforma migratoria y en ese momento como quien quiere pelearse con todos, el Presidente se olvid\u00f3 del &#8220;Estado de la Naci\u00f3n&#8221;, que fue lo que supuestamente lo trajo all\u00ed, y se dedic\u00f3 a polemizar con el radical Facundo Manes. Una falta de respeto de una groser\u00eda proverbial para con el Congreso y el Pueblo Argentino que no tiene justificaci\u00f3n alguna. <\/p>\n\n\n\n<p>Volviendo al tema, pero hablando de otra cosa, el Presidente le da de nuevo al latiguillo la &#8220;igualdad ante la ley&#8221;, que no es m\u00e1s que la libertad del zorro en el gallinero. En el modelo de Milei las libertades son para qui\u00e9n pueda pagarlas. <\/p>\n\n\n\n<p>A modo de cierre prometi\u00f3 eliminar definitivamente el cepo cambiario en el transcurso del a\u00f1o. <\/p>\n\n\n\n<p>La Vicepresidenta, Victoria Villarruel dio por terminada la sesi\u00f3n, lo que le vali\u00f3 un reproche p\u00fablico del Presidente, para que Milei cierre su discurso con sus caracter\u00edsticos y desaforados gritos.<\/p>\n\n\n\n<!--nextpage-->\n\n\n\n<h3 class=\"wp-block-heading\">El discurso completo de Javier Milei<\/h3>\n\n\n\n<figure class=\"wp-block-embed is-type-video is-provider-youtube wp-block-embed-youtube wp-embed-aspect-16-9 wp-has-aspect-ratio\"><div class=\"wp-block-embed__wrapper\">\n<iframe loading=\"lazy\" title=\"Discurso de JAVIER MILEI, Presidente de la Naci\u00f3n Argentina | Apertura de Sesiones Ordinarias 2025\" width=\"818\" height=\"460\" src=\"https:\/\/www.youtube.com\/embed\/VGgtRYSu7Eo?feature=oembed\" frameborder=\"0\" allow=\"accelerometer; autoplay; clipboard-write; encrypted-media; gyroscope; picture-in-picture; web-share\" referrerpolicy=\"strict-origin-when-cross-origin\" allowfullscreen><\/iframe>\n<\/div><\/figure>\n\n\n\n<p><\/p>\n<p>Visits: 9<\/p>","protected":false},"excerpt":{"rendered":"<p>El Presidente de la Naci\u00f3n, Javier Gerardo Milei, el 1\u00b0 de marzo inaugur\u00f3 el 143\u00b0 Per\u00edodo de Sesiones Ordinarias con un poco soportable discurso sobre el Estado de la Naci\u00f3n, que como es tradicional costumbre presidencial en nuestro pa\u00eds, &#8220;reflej\u00f3&#8221; la imaginaci\u00f3n del Jefe de Estado sobre lo que est\u00e1 bien para \u00e9l y su grupo de privilegiados a quienes no llama &#8220;casta&#8221;. Trat\u00e1ndose de Milei no pudieron faltar las polarozaciones bizarras y los esc\u00e1ndalos bien organizados por sus parapoliciales y neurochanta radical de Manes.<\/p>\n","protected":false},"author":1,"featured_media":34163,"comment_status":"open","ping_status":"open","sticky":false,"template":"","format":"video","meta":{"footnotes":""},"categories":[1],"tags":[],"class_list":["post-34161","post","type-post","status-publish","format-video","has-post-thumbnail","hentry","category-sin-categoria","post_format-post-format-video","post-dark","post-wide","has-post-thumb"],"_links":{"self":[{"href":"https:\/\/locomociontv.org\/index.php?rest_route=\/wp\/v2\/posts\/34161","targetHints":{"allow":["GET"]}}],"collection":[{"href":"https:\/\/locomociontv.org\/index.php?rest_route=\/wp\/v2\/posts"}],"about":[{"href":"https:\/\/locomociontv.org\/index.php?rest_route=\/wp\/v2\/types\/post"}],"author":[{"embeddable":true,"href":"https:\/\/locomociontv.org\/index.php?rest_route=\/wp\/v2\/users\/1"}],"replies":[{"embeddable":true,"href":"https:\/\/locomociontv.org\/index.php?rest_route=%2Fwp%2Fv2%2Fcomments&post=34161"}],"version-history":[{"count":7,"href":"https:\/\/locomociontv.org\/index.php?rest_route=\/wp\/v2\/posts\/34161\/revisions"}],"predecessor-version":[{"id":34176,"href":"https:\/\/locomociontv.org\/index.php?rest_route=\/wp\/v2\/posts\/34161\/revisions\/34176"}],"wp:featuredmedia":[{"embeddable":true,"href":"https:\/\/locomociontv.org\/index.php?rest_route=\/wp\/v2\/media\/34163"}],"wp:attachment":[{"href":"https:\/\/locomociontv.org\/index.php?rest_route=%2Fwp%2Fv2%2Fmedia&parent=34161"}],"wp:term":[{"taxonomy":"category","embeddable":true,"href":"https:\/\/locomociontv.org\/index.php?rest_route=%2Fwp%2Fv2%2Fcategories&post=34161"},{"taxonomy":"post_tag","embeddable":true,"href":"https:\/\/locomociontv.org\/index.php?rest_route=%2Fwp%2Fv2%2Ftags&post=34161"}],"curies":[{"name":"wp","href":"https:\/\/api.w.org\/{rel}","templated":true}]}}