{"id":34040,"date":"2025-02-28T21:23:04","date_gmt":"2025-03-01T00:23:04","guid":{"rendered":"https:\/\/locomociontv.org\/?p=34040"},"modified":"2025-02-28T22:15:00","modified_gmt":"2025-03-01T01:15:00","slug":"el-estado-de-las-luchas-25","status":"publish","type":"post","link":"https:\/\/locomociontv.org\/?p=34040","title":{"rendered":"El Estado de las Luchas #25"},"content":{"rendered":"\n<figure class=\"wp-block-embed is-type-video is-provider-youtube wp-block-embed-youtube wp-embed-aspect-16-9 wp-has-aspect-ratio\"><div class=\"wp-block-embed__wrapper\">\n<iframe loading=\"lazy\" title=\"El Estado de las Luchas #25\" width=\"818\" height=\"460\" src=\"https:\/\/www.youtube.com\/embed\/videoseries?list=PL8Vh50wrvniy_jEMVaQ_qjgD031MEJInN\" frameborder=\"0\" allow=\"accelerometer; autoplay; clipboard-write; encrypted-media; gyroscope; picture-in-picture; web-share\" referrerpolicy=\"strict-origin-when-cross-origin\" allowfullscreen><\/iframe>\n<\/div><\/figure>\n\n\n\n<!--nextpage-->\n\n\n\n<figure class=\"wp-block-image size-large\"><img loading=\"lazy\" decoding=\"async\" width=\"1024\" height=\"563\" src=\"https:\/\/locomociontv.org\/wp-content\/uploads\/2025\/02\/wp-1740434015304188992890384192948-1024x563.jpg\" alt=\"\" class=\"wp-image-34039\" srcset=\"https:\/\/locomociontv.org\/wp-content\/uploads\/2025\/02\/wp-1740434015304188992890384192948-1024x563.jpg 1024w, https:\/\/locomociontv.org\/wp-content\/uploads\/2025\/02\/wp-1740434015304188992890384192948-300x165.jpg 300w, https:\/\/locomociontv.org\/wp-content\/uploads\/2025\/02\/wp-1740434015304188992890384192948-768x422.jpg 768w, https:\/\/locomociontv.org\/wp-content\/uploads\/2025\/02\/wp-1740434015304188992890384192948.jpg 1079w\" sizes=\"auto, (max-width: 1024px) 100vw, 1024px\" \/><\/figure>\n\n\n\n<h3 class=\"wp-block-heading\">Introducci\u00f3n a la Emisi\u00f3n #25<\/h3>\n\n\n\n<p>Hola amigas y amigos:<\/p>\n\n\n\n<p>Sean bienvenides a esta Vig\u00e9simo Quinta Emisi\u00f3n regular de El Estado de las Luchas. Desde alg\u00fan lugar de la Ciudad Aut\u00f3noma de Buenos Aires, llegamos hasta ustedes luego de 144 d\u00edas desde la \u00faltima emisi\u00f3n de este Discurso del Estado de la Luchas.<\/p>\n\n\n\n<p>En este primer bloque, adem\u00e1s de volver a saludar por millon\u00e9sima vez a los compa\u00f1eros defensores de la Pacha de Punilla en lucha contra el fuego y contra el el Estado, que gracias a un malsano vaciamiento del apoyo de los que dicen luchar en el \u00e1mbito local y en el resto del pa\u00eds, hoy quedan m\u00e1s que expuestos como presas f\u00e1ciles de esta cacer\u00eda infame. <\/p>\n\n\n\n<p>Ellos no tienen campa\u00f1as de recaudaciones ni jetones que digan siquiera defenderlos de lejitos, prefieren ignorarlos o recomendarles que se entreguen al sistema y salgan de la pelea. <\/p>\n\n\n\n<hr class=\"wp-block-separator has-alpha-channel-opacity\"\/>\n\n\n\n<p>Empezaremos con una buena noticia que nos llega desde Entre R\u00edos, donde la Profesora Estela Lemes ha decidido jubilarse.<\/p>\n\n\n\n<p>\u00a1Vamos a las im\u00e1genes!<\/p>\n\n\n\n<figure class=\"wp-block-embed is-type-wp-embed is-provider-locomoci-n-tv wp-block-embed-locomoci-n-tv\"><div class=\"wp-block-embed__wrapper\">\n<blockquote class=\"wp-embedded-content\" data-secret=\"9sNx0IAjsc\"><a href=\"https:\/\/locomociontv.org\/?p=32911\">Se &#8220;jubila&#8221; la Profesora Estela Lemes<\/a><\/blockquote><iframe loading=\"lazy\" class=\"wp-embedded-content\" sandbox=\"allow-scripts\" security=\"restricted\" style=\"position: absolute; visibility: hidden;\" title=\"&#8220;Se &#8220;jubila&#8221; la Profesora Estela Lemes&#8221; &#8212; Locomoci\u00f3n TV\" src=\"https:\/\/locomociontv.org\/?p=32911&#038;embed=true#?secret=AGLKNc5c62#?secret=9sNx0IAjsc\" data-secret=\"9sNx0IAjsc\" width=\"600\" height=\"338\" frameborder=\"0\" marginwidth=\"0\" marginheight=\"0\" scrolling=\"no\"><\/iframe>\n<\/div><\/figure>\n\n\n\n<hr class=\"wp-block-separator has-alpha-channel-opacity\"\/>\n\n\n\n<p>Como les cont\u00e1bamos anteriormente, la Justicia o m\u00e1s bien el poder punitivo del Estado insiste en querer condenar por lo que sea al actor y mililtante trotskista, C\u00e9sar Javier Arakaki. <\/p>\n\n\n\n<p>\u00a1Vamos a las im\u00e1genes!<\/p>\n\n\n\n<figure class=\"wp-block-embed is-type-wp-embed is-provider-locomoci-n-tv wp-block-embed-locomoci-n-tv\"><div class=\"wp-block-embed__wrapper\">\n<blockquote class=\"wp-embedded-content\" data-secret=\"H7taV2LkhH\"><a href=\"https:\/\/locomociontv.org\/?p=33381\">Vergonzoso: en fallo escandaloso Casaci\u00f3n condena nuevamente a C\u00e9sar Javier Arakaki<\/a><\/blockquote><iframe loading=\"lazy\" class=\"wp-embedded-content\" sandbox=\"allow-scripts\" security=\"restricted\" style=\"position: absolute; visibility: hidden;\" title=\"&#8220;Vergonzoso: en fallo escandaloso Casaci\u00f3n condena nuevamente a C\u00e9sar Javier Arakaki&#8221; &#8212; Locomoci\u00f3n TV\" src=\"https:\/\/locomociontv.org\/?p=33381&#038;embed=true#?secret=tGjNPSm5DB#?secret=H7taV2LkhH\" data-secret=\"H7taV2LkhH\" width=\"600\" height=\"338\" frameborder=\"0\" marginwidth=\"0\" marginheight=\"0\" scrolling=\"no\"><\/iframe>\n<\/div><\/figure>\n\n\n\n<hr class=\"wp-block-separator has-alpha-channel-opacity\"\/>\n\n\n\n<p>Una primavera de liberaci\u00f3n de criminales de lesa humanidad puso en marcha nuevamente las luchas populares contra la impunidad en el final de 2024.<\/p>\n\n\n\n<p>\u00a1Vamos a las im\u00e1genes!<\/p>\n\n\n\n<figure class=\"wp-block-embed is-type-wp-embed is-provider-locomoci-n-tv wp-block-embed-locomoci-n-tv\"><div class=\"wp-block-embed__wrapper\">\n<blockquote class=\"wp-embedded-content\" data-secret=\"scbzDi6dYT\"><a href=\"https:\/\/locomociontv.org\/?p=33230\">CARAVANA CONTRA LA IMPUNIDAD<\/a><\/blockquote><iframe loading=\"lazy\" class=\"wp-embedded-content\" sandbox=\"allow-scripts\" security=\"restricted\" style=\"position: absolute; visibility: hidden;\" title=\"&#8220;CARAVANA CONTRA LA IMPUNIDAD&#8221; &#8212; Locomoci\u00f3n TV\" src=\"https:\/\/locomociontv.org\/?p=33230&#038;embed=true#?secret=PTCF3gGLDw#?secret=scbzDi6dYT\" data-secret=\"scbzDi6dYT\" width=\"600\" height=\"338\" frameborder=\"0\" marginwidth=\"0\" marginheight=\"0\" scrolling=\"no\"><\/iframe>\n<\/div><\/figure>\n\n\n\n<!--nextpage-->\n\n\n\n<h3 class=\"wp-block-heading\">BLOQUE #02 &#8211; La Ultra sali\u00f3 del closet<\/h3>\n\n\n\n<figure class=\"wp-block-embed is-type-wp-embed is-provider-locomoci-n-tv wp-block-embed-locomoci-n-tv\"><div class=\"wp-block-embed__wrapper\">\n<blockquote class=\"wp-embedded-content\" data-secret=\"3RNfbESa8X\"><a href=\"https:\/\/locomociontv.org\/?p=33389\">La Ultra sale del closet: la traici\u00f3n a las luchas y sus consecuencias<\/a><\/blockquote><iframe loading=\"lazy\" class=\"wp-embedded-content\" sandbox=\"allow-scripts\" security=\"restricted\" style=\"position: absolute; visibility: hidden;\" title=\"&#8220;La Ultra sale del closet: la traici\u00f3n a las luchas y sus consecuencias&#8221; &#8212; Locomoci\u00f3n TV\" src=\"https:\/\/locomociontv.org\/?p=33389&#038;embed=true#?secret=lQk2gdvBnY#?secret=3RNfbESa8X\" data-secret=\"3RNfbESa8X\" width=\"600\" height=\"338\" frameborder=\"0\" marginwidth=\"0\" marginheight=\"0\" scrolling=\"no\"><\/iframe>\n<\/div><\/figure>\n\n\n\n<!--nextpage-->\n\n\n\n<h3 class=\"wp-block-heading\">BLOQUE #03 y #03bis &#8211; Un Gobierno que busca vencer a las diversidades y estas que no se dejan vencer de ninguna manera<\/h3>\n\n\n\n<figure class=\"wp-block-embed is-type-wp-embed is-provider-locomoci-n-tv wp-block-embed-locomoci-n-tv\"><div class=\"wp-block-embed__wrapper\">\n<blockquote class=\"wp-embedded-content\" data-secret=\"nARCDkPvIv\"><a href=\"https:\/\/locomociontv.org\/?p=33777\">El Presidente Milei m\u00e1s Neandertal que nunca<\/a><\/blockquote><iframe loading=\"lazy\" class=\"wp-embedded-content\" sandbox=\"allow-scripts\" security=\"restricted\" style=\"position: absolute; visibility: hidden;\" title=\"&#8220;El Presidente Milei m\u00e1s Neandertal que nunca&#8221; &#8212; Locomoci\u00f3n TV\" src=\"https:\/\/locomociontv.org\/?p=33777&#038;embed=true#?secret=eSfOoaO3jj#?secret=nARCDkPvIv\" data-secret=\"nARCDkPvIv\" width=\"600\" height=\"338\" frameborder=\"0\" marginwidth=\"0\" marginheight=\"0\" scrolling=\"no\"><\/iframe>\n<\/div><\/figure>\n\n\n\n<figure class=\"wp-block-embed is-type-wp-embed is-provider-locomoci-n-tv wp-block-embed-locomoci-n-tv\"><div class=\"wp-block-embed__wrapper\">\n<blockquote class=\"wp-embedded-content\" data-secret=\"ofMvFzmnob\"><a href=\"https:\/\/locomociontv.org\/?p=33870\">Masivas Marchas Antifascistas en todo el pa\u00eds<\/a><\/blockquote><iframe loading=\"lazy\" class=\"wp-embedded-content\" sandbox=\"allow-scripts\" security=\"restricted\" style=\"position: absolute; visibility: hidden;\" title=\"&#8220;Masivas Marchas Antifascistas en todo el pa\u00eds&#8221; &#8212; Locomoci\u00f3n TV\" src=\"https:\/\/locomociontv.org\/?p=33870&#038;embed=true#?secret=ZunJjeFiJJ#?secret=ofMvFzmnob\" data-secret=\"ofMvFzmnob\" width=\"600\" height=\"338\" frameborder=\"0\" marginwidth=\"0\" marginheight=\"0\" scrolling=\"no\"><\/iframe>\n<\/div><\/figure>\n\n\n\n<!--nextpage-->\n\n\n\n<h3 class=\"wp-block-heading\">Bloque #04 &#8211; El Bizarro Universo de los que siembran Fake News y sus consecuencias en la lucha honesta<\/h3>\n\n\n\n<figure class=\"wp-block-embed is-type-wp-embed is-provider-locomoci-n-tv wp-block-embed-locomoci-n-tv\"><div class=\"wp-block-embed__wrapper\">\n<blockquote class=\"wp-embedded-content\" data-secret=\"uIyCzXMfcB\"><a href=\"https:\/\/locomociontv.org\/?p=34018\">El Bizarro Universo de los que siembran Fake News y sus consecuencias en la lucha honesta<\/a><\/blockquote><iframe loading=\"lazy\" class=\"wp-embedded-content\" sandbox=\"allow-scripts\" security=\"restricted\" style=\"position: absolute; visibility: hidden;\" title=\"&#8220;El Bizarro Universo de los que siembran Fake News y sus consecuencias en la lucha honesta&#8221; &#8212; Locomoci\u00f3n TV\" src=\"https:\/\/locomociontv.org\/?p=34018&#038;embed=true#?secret=sFH8KQRMpe#?secret=uIyCzXMfcB\" data-secret=\"uIyCzXMfcB\" width=\"600\" height=\"338\" frameborder=\"0\" marginwidth=\"0\" marginheight=\"0\" scrolling=\"no\"><\/iframe>\n<\/div><\/figure>\n\n\n\n<!--nextpage-->\n\n\n\n<h3 class=\"wp-block-heading\">Bloque #05 &#8211; A modo de cierre<\/h3>\n\n\n\n<p>Llegando al cierre de esta Emisi\u00f3n #25 concluiremos que entre la ferocidad del poder  y la traici\u00f3n de muches se est\u00e1n desangrando las luchas antisistema. La ambici\u00f3n de unos eg\u00f3latras y el accesible precio de las personas en el Mercado de Judas hacen el resto del trabajo sucio.<\/p>\n\n\n\n<p>Sin m\u00e1s ser\u00e1 hasta la pr\u00f3xima, amigas y amigos. <\/p>\n<p>Visits: 0<\/p>","protected":false},"excerpt":{"rendered":"<p>Visits: 0<\/p>\n","protected":false},"author":1,"featured_media":34039,"comment_status":"open","ping_status":"open","sticky":false,"template":"","format":"video","meta":{"footnotes":""},"categories":[1],"tags":[],"class_list":["post-34040","post","type-post","status-publish","format-video","has-post-thumbnail","hentry","category-sin-categoria","post_format-post-format-video","post-dark","post-wide","has-post-thumb"],"_links":{"self":[{"href":"https:\/\/locomociontv.org\/index.php?rest_route=\/wp\/v2\/posts\/34040","targetHints":{"allow":["GET"]}}],"collection":[{"href":"https:\/\/locomociontv.org\/index.php?rest_route=\/wp\/v2\/posts"}],"about":[{"href":"https:\/\/locomociontv.org\/index.php?rest_route=\/wp\/v2\/types\/post"}],"author":[{"embeddable":true,"href":"https:\/\/locomociontv.org\/index.php?rest_route=\/wp\/v2\/users\/1"}],"replies":[{"embeddable":true,"href":"https:\/\/locomociontv.org\/index.php?rest_route=%2Fwp%2Fv2%2Fcomments&post=34040"}],"version-history":[{"count":4,"href":"https:\/\/locomociontv.org\/index.php?rest_route=\/wp\/v2\/posts\/34040\/revisions"}],"predecessor-version":[{"id":34122,"href":"https:\/\/locomociontv.org\/index.php?rest_route=\/wp\/v2\/posts\/34040\/revisions\/34122"}],"wp:featuredmedia":[{"embeddable":true,"href":"https:\/\/locomociontv.org\/index.php?rest_route=\/wp\/v2\/media\/34039"}],"wp:attachment":[{"href":"https:\/\/locomociontv.org\/index.php?rest_route=%2Fwp%2Fv2%2Fmedia&parent=34040"}],"wp:term":[{"taxonomy":"category","embeddable":true,"href":"https:\/\/locomociontv.org\/index.php?rest_route=%2Fwp%2Fv2%2Fcategories&post=34040"},{"taxonomy":"post_tag","embeddable":true,"href":"https:\/\/locomociontv.org\/index.php?rest_route=%2Fwp%2Fv2%2Ftags&post=34040"}],"curies":[{"name":"wp","href":"https:\/\/api.w.org\/{rel}","templated":true}]}}