{"id":33907,"date":"2025-02-15T20:13:29","date_gmt":"2025-02-15T23:13:29","guid":{"rendered":"https:\/\/locomociontv.org\/?p=33907"},"modified":"2025-02-16T09:53:37","modified_gmt":"2025-02-16T12:53:37","slug":"milei-ya-tiene-su-memecoin-gate-como-trump","status":"publish","type":"post","link":"https:\/\/locomociontv.org\/?p=33907","title":{"rendered":"Milei ya tiene su &#8220;Memecoin-Gate&#8221; como Trump"},"content":{"rendered":"\n<p><iframe loading=\"lazy\" title=\"Milei ya tiene su &quot;Memecoin-Gate&quot; como Trump\" width=\"818\" height=\"460\" src=\"https:\/\/www.youtube.com\/embed\/JCjhBqLcSzc?feature=oembed\" frameborder=\"0\" allow=\"accelerometer; autoplay; clipboard-write; encrypted-media; gyroscope; picture-in-picture; web-share\" referrerpolicy=\"strict-origin-when-cross-origin\" allowfullscreen><\/iframe><\/p>\n\n\n\n<!--nextpage-->\n\n\n\n<h3 class=\"wp-block-heading\">Introducci\u00f3n a la noticia<\/h3>\n\n\n\n<figure class=\"wp-block-image size-large\"><img loading=\"lazy\" decoding=\"async\" width=\"1024\" height=\"574\" src=\"https:\/\/locomociontv.org\/wp-content\/uploads\/2025\/02\/backgrounderaser_20250215_1725329477037655403303710079-1024x574.jpg\" alt=\"\" class=\"wp-image-33911\" srcset=\"https:\/\/locomociontv.org\/wp-content\/uploads\/2025\/02\/backgrounderaser_20250215_1725329477037655403303710079-1024x574.jpg 1024w, https:\/\/locomociontv.org\/wp-content\/uploads\/2025\/02\/backgrounderaser_20250215_1725329477037655403303710079-300x168.jpg 300w, https:\/\/locomociontv.org\/wp-content\/uploads\/2025\/02\/backgrounderaser_20250215_1725329477037655403303710079-768x430.jpg 768w, https:\/\/locomociontv.org\/wp-content\/uploads\/2025\/02\/backgrounderaser_20250215_1725329477037655403303710079-1536x861.jpg 1536w, https:\/\/locomociontv.org\/wp-content\/uploads\/2025\/02\/backgrounderaser_20250215_1725329477037655403303710079.jpg 2000w\" sizes=\"auto, (max-width: 1024px) 100vw, 1024px\" \/><\/figure>\n\n\n\n<p>Al fin de la semana, el Presidente de la Naci\u00f3n, Javier Gerardo Milei, est\u00e1 envuelto en una escandalosa estafa de &#8220;Memecoins&#8221; (Monedas Meme) que a traves de Twitter el Presidente mismo promocion\u00f3 y que en menos de 24 horas subieron a lo pavote y luego cayeron estrepitosamente, y\u00e9ndose el dinero a vaya saber d\u00f3nde.<br \/>Como sea, si fue de c\u00e1ndida palomita o de estafador serial, su participaci\u00f3n en esta operaci\u00f3n de &#8220;rug pull&#8221; fue fundamental. En pocas palabras, es el part\u00edcipe necesario de una mega estafa en la que muches, que a\u00fan cre\u00edan en \u00e9l, perdieron su bienestar para siempre.<br \/>Por inepto (que no creemos que sea el caso) o por corrupto, este tipo de aberrantes cr\u00edmenes son inadmisibles y descalificadores para el cargo.<br \/>Tan \u00e9mulo y alKahuete de Trump es que ya tiene su &#8220;Memecoin-Gate&#8221;, pero superando a su maestro en estas pat\u00e9tiKas lides, lo hizo en ejercicio de la Presidencia de la Naci\u00f3n.<\/p>\n\n\n\n<!--nextpage-->\n\n\n\n<h3 class=\"wp-block-heading\">As\u00ed se fue gestando una estafa desde el Estado<\/h3>\n\n\n\n<figure class=\"wp-block-image size-large\"><img loading=\"lazy\" decoding=\"async\" width=\"1024\" height=\"574\" src=\"https:\/\/locomociontv.org\/wp-content\/uploads\/2025\/02\/backgrounderaser_20250215_1735518304598438722669493172-1024x574.jpg\" alt=\"\" class=\"wp-image-33912\" srcset=\"https:\/\/locomociontv.org\/wp-content\/uploads\/2025\/02\/backgrounderaser_20250215_1735518304598438722669493172-1024x574.jpg 1024w, https:\/\/locomociontv.org\/wp-content\/uploads\/2025\/02\/backgrounderaser_20250215_1735518304598438722669493172-300x168.jpg 300w, https:\/\/locomociontv.org\/wp-content\/uploads\/2025\/02\/backgrounderaser_20250215_1735518304598438722669493172-768x430.jpg 768w, https:\/\/locomociontv.org\/wp-content\/uploads\/2025\/02\/backgrounderaser_20250215_1735518304598438722669493172-1536x861.jpg 1536w, https:\/\/locomociontv.org\/wp-content\/uploads\/2025\/02\/backgrounderaser_20250215_1735518304598438722669493172.jpg 2000w\" sizes=\"auto, (max-width: 1024px) 100vw, 1024px\" \/><\/figure>\n\n\n\n<p>El contacto p\u00fablico y probado de Milei con el CEO de la memecoin $LIBRA, Julian Peh, fue el pasado 19 de octubre en el Forum Tech, realizado en el Hotel Libertador, donde ambos se encontraron, se retaratron juntos y avanzaron en el tema de que o el Estado o Milei mismo ten\u00edan deseos de dinamizar una criptomoneda propia de La Libertad Avanza o alg\u00fan delirio por el estilo. <\/p>\n\n\n\n<p>En este caso podemos trazar la g\u00e9nesis de una nueva operaci\u00f3n de &#8220;Rug Pull&#8221;. As\u00ed se le llama al modelo de fraude entorno a la criptomonedas mediante el cual desarrolladores buscan atraer inversionistas para un nuevo criptoactivo y luego abandonan el proyecto con los fondos recaudados. Siendo el apogeo de \u00e9sta el tweet presidencial del d\u00eda viernes 14 de febrero que rezaba:<\/p>\n\n\n\n<p>&#8220;La Argentina Liberal crece !!!<br \/>Este proyecto privado se dedicar\u00e1 a incentivar el crecimiento de la econom\u00eda argentina , fondeando peque\u00f1as empresas y emprendimientos argentinos .<br \/>El mundo quiere invertir en Argentina .<br \/>vivalalibertadproject.com<br \/>Contrato :<br \/>Bo9jh3wsmcC2AjakLWzNmKJ3SgtZmXEcSaW7L2FAvUsU<br \/>$ LIBRA<br \/>VIVA LA LIBERTAD CARAJO \u2026 !!!&#8221;<\/p>\n\n\n\n<p>Lo m\u00e1s c\u00f3mico (o tragic\u00f3mico) de la cosa es que el Presidente lo present\u00f3 como un proyecto para ayudar a peque\u00f1as empresas y emprendimientos argentinos. Fanfarroneando que el mundo quiere invertir en la Argentina y promocion\u00e1ndola en ejercicio de la Presidencia de la Naci\u00f3n, lo que en si mismo es un tremendo desprop\u00f3sito. Para peor se plantea un fin con un tufillo social, algo que el Presidente detesta y contra lo que despotrica e insulta todos los d\u00edas de su vida. <\/p>\n\n\n\n<p>Este mail tuvo efectos, ya que la &#8220;Memecoin&#8221; luego de ello subi\u00f3 su precio a un ritmo desorbitante y cay\u00f3 de la misma manera en la que subi\u00f3 dejando un tendal de personas estafadas, calcul\u00e1ndose en alrededor de U$S 4000 millones la magnitud de la estafa.  <\/p>\n\n\n\n<p>A esta altura y con estos antecedentes, en nuestro caso, nos vamos abriendo claramente de la hip\u00f3tesis del error y la ineptitud para inclinarnos a que nuestro primer mandatario fue part\u00edcipe necesario de esta sideral estafa. Es m\u00e1s, sin su tremendo espaldarazo a la &#8220;Memecoin&#8221; ser\u00eda una m\u00e1s de las del mercado tratando de robar a incautos de alta gama que creen que sus pesos se multiplicar\u00e1n por arte de magia, ilusionados con la existencia de un &#8220;capitalismo solidario&#8221; o alguna estupidez por el estilo m\u00e1s propia de populistas que de la extrema derecha vern\u00e1cula que representa Milei.<\/p>\n\n\n\n<p>Insistimos, Milei no puede hacerse el tonto en que desconoc\u00eda las consecuencias y riesgos que esto acarrea y mucho menos podr\u00eda hacerse el sorprendido. Por eso para nosotros es notoria corrupci\u00f3n y no simplemente ineptitud. A lo sumo podr\u00edamos decirle que lo suyo fue negligencia criminal. <\/p>\n\n\n\n<!--nextpage-->\n\n\n\n<h3 class=\"wp-block-heading\">La Misi\u00f3n Imposible del Control de Da\u00f1os<\/h3>\n\n\n\n<figure class=\"wp-block-image size-large\"><img loading=\"lazy\" decoding=\"async\" width=\"1024\" height=\"574\" src=\"https:\/\/locomociontv.org\/wp-content\/uploads\/2025\/02\/backgrounderaser_20250215_1943144901632472945343428356-1024x574.jpg\" alt=\"\" class=\"wp-image-33917\" srcset=\"https:\/\/locomociontv.org\/wp-content\/uploads\/2025\/02\/backgrounderaser_20250215_1943144901632472945343428356-1024x574.jpg 1024w, https:\/\/locomociontv.org\/wp-content\/uploads\/2025\/02\/backgrounderaser_20250215_1943144901632472945343428356-300x168.jpg 300w, https:\/\/locomociontv.org\/wp-content\/uploads\/2025\/02\/backgrounderaser_20250215_1943144901632472945343428356-768x430.jpg 768w, https:\/\/locomociontv.org\/wp-content\/uploads\/2025\/02\/backgrounderaser_20250215_1943144901632472945343428356-1536x861.jpg 1536w, https:\/\/locomociontv.org\/wp-content\/uploads\/2025\/02\/backgrounderaser_20250215_1943144901632472945343428356.jpg 2000w\" sizes=\"auto, (max-width: 1024px) 100vw, 1024px\" \/><\/figure>\n\n\n\n<p>Lo primero que pas\u00f3 luego de conocida la noticia es la reacci\u00f3n desorientada de la gente de La Libertad Avanza, cuyos parapoliciales solamente reconocen la perfecci\u00f3n del Primer Mandatario. <\/p>\n\n\n\n<p>Lo negaron por todos los medios, intentaron decir que la cuenta de Milei hab\u00eda sido hackeada y otras sandeces por el estilo, con una debilidad ante lo evidente que los condenaba de antemano. <\/p>\n\n\n\n<p>El Presidente, a 38 minutos de la medianoche sali\u00f3 por las redes sociales con un Tweet que aseguraba que:<\/p>\n\n\n\n<p>&#8220;Hace unas horas publiqu\u00e9 un tweet, como tantas otras infinitas veces, apoyando un supuesto emprendimiento privado del que obviamente no tengo vinculaci\u00f3n alguna.<br \/>No estaba interiorizado de los pormenores del proyecto y luego de haberme interiorizado decid\u00ed no seguir d\u00e1ndole difusi\u00f3n (por eso he borrado el tweet).<br \/>A las ratas inmundas de la casta pol\u00edtica que quieren aprovechar esta situaci\u00f3n para hacer da\u00f1o les quiero decir que todos los d\u00edas confirman lo rastreros que son los pol\u00edticos, y aumentan nuestra convicci\u00f3n de sacarlos a patadas en el culo.<br \/>VLLC!&#8221;<\/p>\n\n\n\n<p>El presidente empieza negando tener vinculaci\u00f3n alguna con los estafadores de LIBRA y dice que apoy\u00f3 &#8220;un supuesto&#8221; emprendimiento privado. Escondiendo su corrupci\u00f3n detr\u00e1s de una supuesta ineptitud dice que no estaba interiorizado sobre el proyecto y que cuando se interioz\u00f3 decidi\u00f3 borrar el tweet, cuando el borrado fue para no quedar m\u00e1s que pegado a la operatoria fraudelenta que con su ayuda y s\u00f3lo con su ayuda fue posible. Por \u00faltimo, cual si fuera N\u00e9stor apunt\u00f3 al mal\u00e9volo enemigo invisible, que son pol\u00edticos (\u00e9l es Presidente, pero en su delirio supone que pol\u00edtico no es) a los que dice (ya es completo brote de furia) los quiere sacar a patadas en el upite. <\/p>\n\n\n\n<p>Como de costumbre, el nivel de agresi\u00f3n presidencial aumenta en proporci\u00f3n directa a la magnitud de las barbaridades que comete. En este caso, el Presidente qued\u00f3 servido y de all\u00ed su pirotecnia verbal suprema. <\/p>\n\n\n\n<!--nextpage-->\n\n\n\n<h3 class=\"wp-block-heading\">Ya aparecieron las Aves Negras del Infierno_ Burwick Law ofrece sus servicios<\/h3>\n\n\n\n<figure class=\"wp-block-image size-large\"><img loading=\"lazy\" decoding=\"async\" width=\"1024\" height=\"574\" src=\"https:\/\/locomociontv.org\/wp-content\/uploads\/2025\/02\/wp-17396609392967298073009965281670-1024x574.jpg\" alt=\"\" class=\"wp-image-33915\" srcset=\"https:\/\/locomociontv.org\/wp-content\/uploads\/2025\/02\/wp-17396609392967298073009965281670-1024x574.jpg 1024w, https:\/\/locomociontv.org\/wp-content\/uploads\/2025\/02\/wp-17396609392967298073009965281670-300x168.jpg 300w, https:\/\/locomociontv.org\/wp-content\/uploads\/2025\/02\/wp-17396609392967298073009965281670-768x430.jpg 768w, https:\/\/locomociontv.org\/wp-content\/uploads\/2025\/02\/wp-17396609392967298073009965281670-1536x861.jpg 1536w, https:\/\/locomociontv.org\/wp-content\/uploads\/2025\/02\/wp-17396609392967298073009965281670.jpg 2000w\" sizes=\"auto, (max-width: 1024px) 100vw, 1024px\" \/><\/figure>\n\n\n\n<p>Una hora antes de que Milei publicara su impresentable y desp\u00f3tico descargo por la estafa de $LIBRA, un estudio de abogados de los Estados Unidos, m\u00e1s precisamente Burwich Law, ofreci\u00f3 por Twitter sus servicios a quienes perdieron plata en esa criptomoneda, obviamente aclarando que tu dinero es bienvenido y que los resultados pueden variar. Abriendo el paraguas de lo que puede llegar a ser un doble quebranto para la gente que desesperada por recuperar su dinero se cree cualquier cosa. <\/p>\n\n\n\n<p>El Tweet de las Aves Negras de Burwich publicita:<\/p>\n\n\n\n<p>&#8220;Si perdi\u00f3 dinero en $LIBRA , comun\u00edquese con Burwick Law para conocer sus derechos legales.<br \/>Nuestra firma representa a miles de clientes que desean recuperar su dinero por p\u00e9rdidas en criptomonedas.<br \/>Este es un anuncio de abogados. Los resultados pueden variar.&#8221;<\/p>\n\n\n\n<p>Con la aparici\u00f3n de esta gente podemos asegurar que en un tiempo. Javier Milei tendr\u00e1 en $LIBRA su propio Caso Kicillof-YPF, con los dolores de bolsillo que le traer\u00e1 eso al pueblo, ya que a los pol\u00edticos estas cosas no les afectan, salvo cuando le hacen perder votos. <\/p>\n<p>Visits: 10<\/p>","protected":false},"excerpt":{"rendered":"<p>Al fin de la semana, el Presidente de la Naci\u00f3n, Javier Gerardo Milei, est\u00e1 envuelto en una escandalosa estafa de &#8220;Memecoins&#8221; (Monedas Meme) que a traves de Twitter el Presidente mismo promocion\u00f3 y que en menos de 24 horas subieron a lo pavote y luego cayeron estrepitosamente, y\u00e9ndose el dinero a vaya saber d\u00f3nde.<br \/>\nComo sea, si fue de c\u00e1ndida palomita o de estafador serial, su participaci\u00f3n en esta operaci\u00f3n de &#8220;rug pull&#8221; fue fundamental. En pocas  palabras, es el part\u00edcipe necesario de una mega estafa en la que muches, que a\u00fan cre\u00edan en \u00e9l, perdieron su bienestar para siempre.<br \/>\nPor inepto (que no creemos que sea el caso) o por corrupto, este tipo de aberrantes cr\u00edmenes son inadmisibles y descalificadores para el cargo.<\/p>\n","protected":false},"author":1,"featured_media":33911,"comment_status":"open","ping_status":"open","sticky":false,"template":"","format":"video","meta":{"footnotes":""},"categories":[1],"tags":[],"class_list":["post-33907","post","type-post","status-publish","format-video","has-post-thumbnail","hentry","category-sin-categoria","post_format-post-format-video","post-dark","post-wide","has-post-thumb"],"_links":{"self":[{"href":"https:\/\/locomociontv.org\/index.php?rest_route=\/wp\/v2\/posts\/33907","targetHints":{"allow":["GET"]}}],"collection":[{"href":"https:\/\/locomociontv.org\/index.php?rest_route=\/wp\/v2\/posts"}],"about":[{"href":"https:\/\/locomociontv.org\/index.php?rest_route=\/wp\/v2\/types\/post"}],"author":[{"embeddable":true,"href":"https:\/\/locomociontv.org\/index.php?rest_route=\/wp\/v2\/users\/1"}],"replies":[{"embeddable":true,"href":"https:\/\/locomociontv.org\/index.php?rest_route=%2Fwp%2Fv2%2Fcomments&post=33907"}],"version-history":[{"count":7,"href":"https:\/\/locomociontv.org\/index.php?rest_route=\/wp\/v2\/posts\/33907\/revisions"}],"predecessor-version":[{"id":33920,"href":"https:\/\/locomociontv.org\/index.php?rest_route=\/wp\/v2\/posts\/33907\/revisions\/33920"}],"wp:featuredmedia":[{"embeddable":true,"href":"https:\/\/locomociontv.org\/index.php?rest_route=\/wp\/v2\/media\/33911"}],"wp:attachment":[{"href":"https:\/\/locomociontv.org\/index.php?rest_route=%2Fwp%2Fv2%2Fmedia&parent=33907"}],"wp:term":[{"taxonomy":"category","embeddable":true,"href":"https:\/\/locomociontv.org\/index.php?rest_route=%2Fwp%2Fv2%2Fcategories&post=33907"},{"taxonomy":"post_tag","embeddable":true,"href":"https:\/\/locomociontv.org\/index.php?rest_route=%2Fwp%2Fv2%2Ftags&post=33907"}],"curies":[{"name":"wp","href":"https:\/\/api.w.org\/{rel}","templated":true}]}}