{"id":33614,"date":"2025-01-17T13:06:28","date_gmt":"2025-01-17T16:06:28","guid":{"rendered":"https:\/\/locomociontv.org\/?p=33614"},"modified":"2025-01-18T19:50:30","modified_gmt":"2025-01-18T22:50:30","slug":"el-sainete-venezolano-a-full-ep-3","status":"publish","type":"post","link":"https:\/\/locomociontv.org\/?p=33614","title":{"rendered":"El sainete venezolano a full (Ep. #3)"},"content":{"rendered":"\n<figure class=\"wp-block-embed is-type-video is-provider-youtube wp-block-embed-youtube wp-embed-aspect-16-9 wp-has-aspect-ratio\"><div class=\"wp-block-embed__wrapper\">\n<iframe loading=\"lazy\" title=\"El sainete venezolano a full (Ep. #3)\" width=\"818\" height=\"460\" src=\"https:\/\/www.youtube.com\/embed\/TchUCvwcY9c?feature=oembed\" frameborder=\"0\" allow=\"accelerometer; autoplay; clipboard-write; encrypted-media; gyroscope; picture-in-picture; web-share\" referrerpolicy=\"strict-origin-when-cross-origin\" allowfullscreen><\/iframe>\n<\/div><\/figure>\n\n\n\n<!--nextpage-->\n\n\n\n<h3 class=\"wp-block-heading\">12\/01 &#8211; Piden detener al rockstar opositor Leopoldo L\u00f3pez<\/h3>\n\n\n\n<p>Escuchar\u00e1s a muches justificar lo que sea con la excusa que perfila machismo que dice &#8220;A Venezuela se la respeta&#8221;. Estamos totalmente de acuerdo, pero los protagonistas de este sainete no fueran tan obviamente corruptes y sanguinaries no habr\u00eda ni que mencionarlo.<\/p>\n\n\n\n<p>En el imaginario de estas personas (o al menos eso parecen) el fin justifica todos los medios y en esta crisis todes han perdido la chaveta y nadie se anima a decir cu\u00e1l es el l\u00edmite de toda esta locura. <\/p>\n\n\n\n<p>El 12 de enero, el Fiscal General y principal verdugo judicial de la oposici\u00f3n o todo lo que se mueva sin marchar como un imb\u00e9cil, Tarek William Saab, pidi\u00f3 detener al opositor Leopoldo L\u00f3pez por, entre otras barrabasadas de su fan\u00e1tica inventiva por instigar a la violencia. Obviamente a tal efecto usar\u00e1 toda la fuerza bruta del Estado que en su estrecha visi\u00f3n religiosa y talibana, no es violento. <\/p>\n\n\n\n<p>\u00a1Vamos a las im\u00e1genes!<\/p>\n\n\n\n<figure class=\"wp-block-video\"><video height=\"720\" style=\"aspect-ratio: 1280 \/ 720;\" width=\"1280\" controls src=\"https:\/\/locomociontv.org\/wp-content\/uploads\/2025\/01\/1000314223.mp4\"><\/video><\/figure>\n\n\n\n<!--nextpage-->\n\n\n\n<h3 class=\"wp-block-heading\">14\/01 &#8211; Michelo se pas\u00f3 de represor y es denunciado por Yamil Santoro en Argentina<\/h3>\n\n\n\n<figure class=\"wp-block-image size-full is-resized\"><img loading=\"lazy\" decoding=\"async\" width=\"2560\" height=\"1435\" src=\"https:\/\/locomociontv.org\/wp-content\/uploads\/2025\/01\/BackgroundEraser_20250116_165133990-scaled.jpg\" alt=\"\" class=\"wp-image-33632\" style=\"width:840px;height:auto\" srcset=\"https:\/\/locomociontv.org\/wp-content\/uploads\/2025\/01\/BackgroundEraser_20250116_165133990-scaled.jpg 2560w, https:\/\/locomociontv.org\/wp-content\/uploads\/2025\/01\/BackgroundEraser_20250116_165133990-300x168.jpg 300w, https:\/\/locomociontv.org\/wp-content\/uploads\/2025\/01\/BackgroundEraser_20250116_165133990-1024x574.jpg 1024w, https:\/\/locomociontv.org\/wp-content\/uploads\/2025\/01\/BackgroundEraser_20250116_165133990-768x431.jpg 768w, https:\/\/locomociontv.org\/wp-content\/uploads\/2025\/01\/BackgroundEraser_20250116_165133990-1536x861.jpg 1536w, https:\/\/locomociontv.org\/wp-content\/uploads\/2025\/01\/BackgroundEraser_20250116_165133990-2048x1148.jpg 2048w\" sizes=\"auto, (max-width: 2560px) 100vw, 2560px\" \/><\/figure>\n\n\n\n<p>En estos tiempos se han venido destacando en el plano de las redes unos parapoliciales streamers o influencers o la huevada que sean. El que ha tomado m\u00e1s renombre, si puede decirse eso, es el salte\u00f1o conocido por el nombre de fantas\u00eda de Michelo y cuyos datos identitarios no nos representan gran cosa. Simplemente si quieren saber de \u00e9l: googl\u00e9enlo. <\/p>\n\n\n\n<p>Este joven con aspecto muy de pavote youtuber ha venido haciendo el rid\u00edculo en todas las formas posibles, pero cuando parece tomar tomar el camino de los Guazzora, la cosa deja de ser graciosa, cuando se es delator del r\u00e9gimen por ser el sospechado novio de la hija de Diosdado Cabello. <\/p>\n\n\n\n<hr class=\"wp-block-separator has-alpha-channel-opacity\"\/>\n\n\n\n<p>Tal cual Guazzora, estos personajes viven una vida cinco estrellas del poder y los farsantes que se hacen llamar bolivarianos les piden sumisi\u00f3n al poder y agresi\u00f3n al enemigo. De ah\u00ed en adelante, mientras puedan lo van a cubrir, como hicieron con Guazzora, Alperovich y Alberto y siguen resistiendo con Fernando Espinoza. Personajes como este payaso s\u00e1dico hablaron ante la Asamblea Legislativa en Venezuela.<\/p>\n\n\n\n<p>\u00a1Vamos a la groser\u00eda!<\/p>\n\n\n\n<figure class=\"wp-block-video\"><video height=\"1080\" style=\"aspect-ratio: 1920 \/ 1080;\" width=\"1920\" controls src=\"https:\/\/locomociontv.org\/wp-content\/uploads\/2025\/01\/Video.Guru_20250116_170844559.mp4\"><\/video><\/figure>\n\n\n\n<hr class=\"wp-block-separator has-alpha-channel-opacity\"\/>\n\n\n\n<figure class=\"wp-block-image size-large\"><img loading=\"lazy\" decoding=\"async\" width=\"1024\" height=\"574\" src=\"https:\/\/locomociontv.org\/wp-content\/uploads\/2025\/01\/backgrounderaser_20250116_1725214035302946902635738080-1024x574.jpg\" alt=\"\" class=\"wp-image-33637\" srcset=\"https:\/\/locomociontv.org\/wp-content\/uploads\/2025\/01\/backgrounderaser_20250116_1725214035302946902635738080-1024x574.jpg 1024w, https:\/\/locomociontv.org\/wp-content\/uploads\/2025\/01\/backgrounderaser_20250116_1725214035302946902635738080-300x168.jpg 300w, https:\/\/locomociontv.org\/wp-content\/uploads\/2025\/01\/backgrounderaser_20250116_1725214035302946902635738080-768x430.jpg 768w, https:\/\/locomociontv.org\/wp-content\/uploads\/2025\/01\/backgrounderaser_20250116_1725214035302946902635738080-1536x861.jpg 1536w, https:\/\/locomociontv.org\/wp-content\/uploads\/2025\/01\/backgrounderaser_20250116_1725214035302946902635738080.jpg 2000w\" sizes=\"auto, (max-width: 1024px) 100vw, 1024px\" \/><\/figure>\n\n\n\n<p>Esta vez lleg\u00f3 al l\u00edmite de lo parapolicial y en la Argentina, algunos como Yamil Santoro, los espera para meterlos en prisi\u00f3n. No creo que lo logre y tampoco ser\u00eda partidario de hacerlo, preferir\u00eda como es siempre en mi caso, arreglarlo por &#8220;v\u00eda administrativa&#8221;. Y de ninguna manera ser\u00eda para que ning\u00fan cr\u00eda sana del menemismo haga negocios peligros\u00edsimos.<\/p>\n\n\n\n<p>En esa confianza se van de rosca y la evidente delaci\u00f3n p\u00fablica los expone hasta que un abogado y legislador de la derecha, Yamil Santoro, le caiga encima con una denuncia penal cuya presentaci\u00f3n les brindamos a continuaci\u00f3n.<\/p>\n\n\n\n<p>\u00a1Vamos a las im\u00e1genes!<\/p>\n\n\n\n<figure class=\"wp-block-video\"><video height=\"1080\" style=\"aspect-ratio: 1920 \/ 1080;\" width=\"1920\" controls src=\"https:\/\/locomociontv.org\/wp-content\/uploads\/2025\/01\/Video.Guru_20250116_2044587621.mp4\"><\/video><\/figure>\n\n\n\n<p>Sobre el particular y m\u00e1s all\u00e1 de que nunca hubi\u00e9ramos hablado de este impresentable que es un simple lunar y como tal se lo puede aguantar hasta que se pone peligroso. La delaci\u00f3n de una ciudadana a las autoridades locales es propia de represores y descalificadora en todo sentido. Nos naus\u00e9a gente como Michelo, exacrables buitres vividores de todos y agresivos como si su salario dependiera de ello. Y s\u00ed.<\/p>\n\n\n\n<!--nextpage-->\n\n\n\n<h3 class=\"wp-block-heading\">16\/01 &#8211; La tropa del Estado policial pide prisi\u00f3n para todes<\/h3>\n\n\n\n<p>La diputada de la Asamblea Nacional, Iris Valera sali\u00f3 por los medios a agitar las aguas pidiendo la detenci\u00f3n de Mar\u00eda Corina Machado. Valera es la fiel expresi\u00f3n de lo que es la farsante y millonaria alKahueter\u00eda del Partido Socialista Unido de Vanezuela. O pens\u00e1s como sus jefes, que son sinuosos, o merec\u00e9s que el Estado que detentan te tire con todo lo que tenga.<\/p>\n\n\n\n<p>\u00a1Vamos a las im\u00e1genes!<\/p>\n\n\n\n<figure class=\"wp-block-video\"><video height=\"1080\" style=\"aspect-ratio: 1920 \/ 1080;\" width=\"1920\" src=\"https:\/\/locomociontv.org\/wp-content\/uploads\/2025\/01\/1000314305.mp4\"><\/video><\/figure>\n\n\n\n<!--nextpage-->\n\n\n\n<h3 class=\"wp-block-heading\">16\/01 &#8211; Urrutia llega a Costa Rica y asegura que no quiere intervenci\u00f3n armada<\/h3>\n\n\n\n<figure class=\"wp-block-video\"><video height=\"1080\" style=\"aspect-ratio: 1920 \/ 1080;\" width=\"1920\" src=\"https:\/\/locomociontv.org\/wp-content\/uploads\/2025\/01\/Video.Guru_20250116_2023008391.mp4\"><\/video><\/figure>\n\n\n\n<p>Como parte de su gira por Centroam\u00e9rica, Edmundo Gonz\u00e1lez Urrutia visit\u00f3 Costa Rica, concitando apoyos de la nutrida concurrencia de venezolanos residentes a saludarlo. All\u00ed lo recibi\u00f3 el mismo Presidente de la Rep\u00fablica, Rodrigo Ch\u00e1ves Robles. <\/p>\n\n\n\n<p>Mientras sus aliados se la pasaron difundiendo que Trump lo hab\u00eda invitado a su asunci\u00f3n, el mandatario asegur\u00f3 descreer de la v\u00eda de la intervenci\u00f3n militar y dizque confiando en una salida pac\u00edfica a la crisis.<\/p>\n\n\n\n<p>\u00a1Vamos a las im\u00e1genes!<\/p>\n\n\n\n<figure class=\"wp-block-video\"><video height=\"1080\" style=\"aspect-ratio: 1920 \/ 1080;\" width=\"1920\" src=\"https:\/\/locomociontv.org\/wp-content\/uploads\/2025\/01\/wp-1737129196856.mp4\"><\/video><\/figure>\n<p>Visits: 3<\/p>","protected":false},"excerpt":{"rendered":"<p>Visits: 3<\/p>\n","protected":false},"author":1,"featured_media":33631,"comment_status":"open","ping_status":"open","sticky":false,"template":"","format":"video","meta":{"footnotes":""},"categories":[1],"tags":[],"class_list":["post-33614","post","type-post","status-publish","format-video","has-post-thumbnail","hentry","category-sin-categoria","post_format-post-format-video","post-dark","post-wide","has-post-thumb","small-thumb"],"_links":{"self":[{"href":"https:\/\/locomociontv.org\/index.php?rest_route=\/wp\/v2\/posts\/33614","targetHints":{"allow":["GET"]}}],"collection":[{"href":"https:\/\/locomociontv.org\/index.php?rest_route=\/wp\/v2\/posts"}],"about":[{"href":"https:\/\/locomociontv.org\/index.php?rest_route=\/wp\/v2\/types\/post"}],"author":[{"embeddable":true,"href":"https:\/\/locomociontv.org\/index.php?rest_route=\/wp\/v2\/users\/1"}],"replies":[{"embeddable":true,"href":"https:\/\/locomociontv.org\/index.php?rest_route=%2Fwp%2Fv2%2Fcomments&post=33614"}],"version-history":[{"count":32,"href":"https:\/\/locomociontv.org\/index.php?rest_route=\/wp\/v2\/posts\/33614\/revisions"}],"predecessor-version":[{"id":33672,"href":"https:\/\/locomociontv.org\/index.php?rest_route=\/wp\/v2\/posts\/33614\/revisions\/33672"}],"wp:featuredmedia":[{"embeddable":true,"href":"https:\/\/locomociontv.org\/index.php?rest_route=\/wp\/v2\/media\/33631"}],"wp:attachment":[{"href":"https:\/\/locomociontv.org\/index.php?rest_route=%2Fwp%2Fv2%2Fmedia&parent=33614"}],"wp:term":[{"taxonomy":"category","embeddable":true,"href":"https:\/\/locomociontv.org\/index.php?rest_route=%2Fwp%2Fv2%2Fcategories&post=33614"},{"taxonomy":"post_tag","embeddable":true,"href":"https:\/\/locomociontv.org\/index.php?rest_route=%2Fwp%2Fv2%2Ftags&post=33614"}],"curies":[{"name":"wp","href":"https:\/\/api.w.org\/{rel}","templated":true}]}}