{"id":33417,"date":"2025-01-04T14:25:00","date_gmt":"2025-01-04T17:25:00","guid":{"rendered":"https:\/\/locomociontv.org\/?p=33417"},"modified":"2025-01-04T14:37:34","modified_gmt":"2025-01-04T17:37:34","slug":"locomocion-tv-noticias-66","status":"publish","type":"post","link":"https:\/\/locomociontv.org\/?p=33417","title":{"rendered":"Locomoci\u00f3n TV &#8211; Noticias #66"},"content":{"rendered":"\n<figure class=\"wp-block-embed is-type-video is-provider-youtube wp-block-embed-youtube wp-embed-aspect-4-3 wp-has-aspect-ratio\"><div class=\"wp-block-embed__wrapper\">\n<iframe loading=\"lazy\" title=\"Locomoci\u00f3n TV \u2010 Noticias #66\" width=\"613\" height=\"460\" src=\"https:\/\/www.youtube.com\/embed\/XBh-eV8e4xw?feature=oembed\" frameborder=\"0\" allow=\"accelerometer; autoplay; clipboard-write; encrypted-media; gyroscope; picture-in-picture; web-share\" referrerpolicy=\"strict-origin-when-cross-origin\" allowfullscreen><\/iframe>\n<\/div><\/figure>\n\n\n\n<h3 class=\"wp-block-heading has-text-align-center\">Sumario de la Emisi\u00f3n #66<\/h3>\n\n\n\n<ul class=\"wp-block-list\">\n<li>00:00 &#8211; Introducci\u00f3n a la Emisi\u00f3n<\/li>\n\n\n\n<li>00:30 &#8211; Vergonzoso: en fallo escandaloso Casaci\u00f3n condena nuevamente a C\u00e9sar Javier Arakaki<\/li>\n\n\n\n<li>02:13 &#8211; Caso Ezequiel Guazzora: el periodista parapolicial K fue condenado por violador de menores<\/li>\n\n\n\n<li>04:48 &#8211; La \u201cKorporaci\u00f3n F\u00e1lica\u201d se reactiva a sola cena<\/li>\n\n\n\n<li>08:51 &#8211; Muri\u00f3 Jorge Lanata y con \u00e9l gran parte de un periodismo disruptivo<\/li>\n\n\n\n<li>09:53 &#8211; La Ultra sale del closet: la traici\u00f3n a las luchas y sus consecuencias<\/li>\n\n\n\n<li>20:10 &#8211; Cierre de la emisi\u00f3n<\/li>\n<\/ul>\n\n\n\n<!--nextpage-->\n\n\n\n<h3 class=\"wp-block-heading\">Introducci\u00f3n a la Emisi\u00f3n<\/h3>\n\n\n\n<figure class=\"wp-block-image size-large\"><img loading=\"lazy\" decoding=\"async\" width=\"1024\" height=\"574\" src=\"https:\/\/locomociontv.org\/wp-content\/uploads\/2025\/01\/BackgroundEraser_20250103_210430388-1024x574.jpg\" alt=\"\" class=\"wp-image-33419\" srcset=\"https:\/\/locomociontv.org\/wp-content\/uploads\/2025\/01\/BackgroundEraser_20250103_210430388-1024x574.jpg 1024w, https:\/\/locomociontv.org\/wp-content\/uploads\/2025\/01\/BackgroundEraser_20250103_210430388-300x168.jpg 300w, https:\/\/locomociontv.org\/wp-content\/uploads\/2025\/01\/BackgroundEraser_20250103_210430388-768x431.jpg 768w, https:\/\/locomociontv.org\/wp-content\/uploads\/2025\/01\/BackgroundEraser_20250103_210430388-1536x861.jpg 1536w, https:\/\/locomociontv.org\/wp-content\/uploads\/2025\/01\/BackgroundEraser_20250103_210430388-2048x1148.jpg 2048w\" sizes=\"auto, (max-width: 1024px) 100vw, 1024px\" \/><\/figure>\n\n\n\n<p>Hola amigas y amigos:<\/p>\n\n\n\n<p>Sean bienvenides a la Sexag\u00e9simo Sexta Emisi\u00f3n Regular de Locomoci\u00f3n TV &#8211; Noticias. Desde el Estudio \u00danico de Locomoci\u00f3n TV en la Ciudad Aut\u00f3noma de Buenos Aires llegamos hasta ustedes luego de 11 d\u00edas desde la \u00faltima vez que nos vimos por estos medios y la pauta se ha acelerado en la faz judicial o punitiva del sistema. <\/p>\n\n\n\n<!--nextpage-->\n\n\n\n<h3 class=\"wp-block-heading\">Vergonzoso: en fallo escandaloso Casaci\u00f3n condena nuevamente a C\u00e9sar Javier Arakaki<\/h3>\n\n\n\n<p>Un nuevo fallo escandoloso en el caso de la persecuci\u00f3n al militante popular C\u00e9sar Javier Arakaki vuelve a condenarlo a tres a\u00f1os de prisi\u00f3n, a pesar de que toda la causa no es m\u00e1s que un pedazo de nada. El Poder Judicial servir\u00e1 a les pol\u00edtiques en sus deseos castigadores de todo aquel que no se someta a su violento arbitrio.<\/p>\n\n\n\n<p>\u00a1Vamos al Informe!<\/p>\n\n\n\n<figure class=\"wp-block-embed is-type-wp-embed is-provider-locomoci-n-tv wp-block-embed-locomoci-n-tv\"><div class=\"wp-block-embed__wrapper\">\n<blockquote class=\"wp-embedded-content\" data-secret=\"VCOLKKL82s\"><a href=\"https:\/\/locomociontv.org\/?p=33381\">Vergonzoso: en fallo escandaloso Casaci\u00f3n condena nuevamente a C\u00e9sar Javier Arakaki<\/a><\/blockquote><iframe loading=\"lazy\" class=\"wp-embedded-content\" sandbox=\"allow-scripts\" security=\"restricted\" style=\"position: absolute; visibility: hidden;\" title=\"&#8220;Vergonzoso: en fallo escandaloso Casaci\u00f3n condena nuevamente a C\u00e9sar Javier Arakaki&#8221; &#8212; Locomoci\u00f3n TV\" src=\"https:\/\/locomociontv.org\/?p=33381&#038;embed=true#?secret=Dx3ssumpVK#?secret=VCOLKKL82s\" data-secret=\"VCOLKKL82s\" width=\"600\" height=\"338\" frameborder=\"0\" marginwidth=\"0\" marginheight=\"0\" scrolling=\"no\"><\/iframe>\n<\/div><\/figure>\n\n\n\n<!--nextpage-->\n\n\n\n<h3 class=\"wp-block-heading\">Caso Ezequiel Guazzora: el periodista parapolicial K fue condenado por violador de menores<\/h3>\n\n\n\n<p>El que no recibi\u00f3 buenas nuevas del Poder Judicial, a pesar de ser el violento alKahuete del kirchnerismo fue Ezequiel Guazzora que fue condenado a 10 a\u00f1os y medio de prisi\u00f3n por violar a una menor, cambi\u00e1ndole a una madre (tambi\u00e9n condenada) la vejaci\u00f3n de su hija por drogas.<\/p>\n\n\n\n<p>\u00a1Vamos al Informe!<\/p>\n\n\n\n<figure class=\"wp-block-embed is-type-wp-embed is-provider-locomoci-n-tv wp-block-embed-locomoci-n-tv\"><div class=\"wp-block-embed__wrapper\">\n<blockquote class=\"wp-embedded-content\" data-secret=\"C8e63m2mmP\"><a href=\"https:\/\/locomociontv.org\/?p=33371\">Caso Ezequiel Guazzora: el periodista parapolicial K fue condenado por violador de menores<\/a><\/blockquote><iframe loading=\"lazy\" class=\"wp-embedded-content\" sandbox=\"allow-scripts\" security=\"restricted\" style=\"position: absolute; visibility: hidden;\" title=\"&#8220;Caso Ezequiel Guazzora: el periodista parapolicial K fue condenado por violador de menores&#8221; &#8212; Locomoci\u00f3n TV\" src=\"https:\/\/locomociontv.org\/?p=33371&#038;embed=true#?secret=dOHQNZaSpZ#?secret=C8e63m2mmP\" data-secret=\"C8e63m2mmP\" width=\"600\" height=\"338\" frameborder=\"0\" marginwidth=\"0\" marginheight=\"0\" scrolling=\"no\"><\/iframe>\n<\/div><\/figure>\n\n\n\n<!--nextpage-->\n\n\n\n<h3 class=\"wp-block-heading\">La \u201cKorporaci\u00f3n F\u00e1lica\u201d se reactiva a sola cena<\/h3>\n\n\n\n<p>Sabemos que la hipocres\u00eda del Ex-Presidente Alberto Fern\u00e1ndez no tiene l\u00edmites, puede hacer lo que sea, como presionar a su ex-esposa por acusarlo de violencia de g\u00e9nero y para ello cuenta con la que llamamos &#8220;Korporaci\u00f3n F\u00e1lica&#8221; la que har\u00e1 todo lo posible desde el Estado para mantener sumisas y devotas a las mujeres.<\/p>\n\n\n\n<p>La sola sospecha de que Fabiola Y\u00e1\u00f1ez pudiera rehacer su vida sentimental puso al Poder en la tarea de aniquilarla a como d\u00e9 lugar.<\/p>\n\n\n\n<p>\u00a1Vamos al Informe!<\/p>\n\n\n\n<figure class=\"wp-block-embed is-type-wp-embed is-provider-locomoci-n-tv wp-block-embed-locomoci-n-tv\"><div class=\"wp-block-embed__wrapper\">\n<blockquote class=\"wp-embedded-content\" data-secret=\"xJyYvZkdYB\"><a href=\"https:\/\/locomociontv.org\/?p=33423\">La &#8220;Korporaci\u00f3n F\u00e1lica&#8221; se reactiva a sola cena<\/a><\/blockquote><iframe loading=\"lazy\" class=\"wp-embedded-content\" sandbox=\"allow-scripts\" security=\"restricted\" style=\"position: absolute; visibility: hidden;\" title=\"&#8220;La &#8220;Korporaci\u00f3n F\u00e1lica&#8221; se reactiva a sola cena&#8221; &#8212; Locomoci\u00f3n TV\" src=\"https:\/\/locomociontv.org\/?p=33423&#038;embed=true#?secret=F8Bu2hJRj0#?secret=xJyYvZkdYB\" data-secret=\"xJyYvZkdYB\" width=\"600\" height=\"338\" frameborder=\"0\" marginwidth=\"0\" marginheight=\"0\" scrolling=\"no\"><\/iframe>\n<\/div><\/figure>\n\n\n\n<!--nextpage-->\n\n\n\n<h3 class=\"wp-block-heading\">Muri\u00f3 Jorge Lanata y con \u00e9l gran parte de un periodismo disruptivo<\/h3>\n\n\n\n<p>El 30 de diciembre se conoci\u00f3 la noticia del fallecimiento del disruptivo periodista Jorge Lanata. Su partida desencaden\u00f3 los mayores odios por parte de los alKahuetes del poder a los cuales combati\u00f3. <\/p>\n\n\n\n<p>\u00a1Vamos al informe!<\/p>\n\n\n\n<figure class=\"wp-block-embed is-type-wp-embed is-provider-locomoci-n-tv wp-block-embed-locomoci-n-tv\"><div class=\"wp-block-embed__wrapper\">\n<blockquote class=\"wp-embedded-content\" data-secret=\"fLQZLFGcQa\"><a href=\"https:\/\/locomociontv.org\/?p=33403\">Muri\u00f3 Jorge Lanata y con \u00e9l gran parte de un periodismo disruptivo<\/a><\/blockquote><iframe loading=\"lazy\" class=\"wp-embedded-content\" sandbox=\"allow-scripts\" security=\"restricted\" style=\"position: absolute; visibility: hidden;\" title=\"&#8220;Muri\u00f3 Jorge Lanata y con \u00e9l gran parte de un periodismo disruptivo&#8221; &#8212; Locomoci\u00f3n TV\" src=\"https:\/\/locomociontv.org\/?p=33403&#038;embed=true#?secret=R3ulfUMKKw#?secret=fLQZLFGcQa\" data-secret=\"fLQZLFGcQa\" width=\"600\" height=\"338\" frameborder=\"0\" marginwidth=\"0\" marginheight=\"0\" scrolling=\"no\"><\/iframe>\n<\/div><\/figure>\n\n\n\n<!--nextpage-->\n\n\n\n<h3 class=\"wp-block-heading\">La Ultra sale del closet: la traici\u00f3n a las luchas y sus consecuencias<\/h3>\n\n\n\n<p>Muchos de los referentes y manzanillos del &#8220;\u00e1rea&#8221; de Derechos Humanos han tenido una asquerosa sinuosidad que los ha llevado pensar en que si se aliaban con el peronismo y sus cajas las cosas iban a mejorar en esa &#8220;\u00e1rea&#8221;. Como siempre, nos hacen el cuento que era para luchar contra Milei y en realidad solamente quieren llenar sus panzas y denostar a quienes luchan en serio.<\/p>\n\n\n\n<p>En este campo or\u00e9gano la Ultra no se siente limitada por nada para sacar a pasear todos sus odios, fomentando todo tipo de cr\u00edmenes que sean &#8220;del palo&#8221;, es decir basados en un segregacionismo muy marcado.<\/p>\n\n\n\n<p>\u00a1Vamos al Informe!<\/p>\n\n\n\n<figure class=\"wp-block-embed is-type-wp-embed is-provider-locomoci-n-tv wp-block-embed-locomoci-n-tv\"><div class=\"wp-block-embed__wrapper\">\n<blockquote class=\"wp-embedded-content\" data-secret=\"h6QnF2Y3oR\"><a href=\"https:\/\/locomociontv.org\/?p=33389\">La Ultra sale del closet: la traici\u00f3n a las luchas y sus consecuencias<\/a><\/blockquote><iframe loading=\"lazy\" class=\"wp-embedded-content\" sandbox=\"allow-scripts\" security=\"restricted\" style=\"position: absolute; visibility: hidden;\" title=\"&#8220;La Ultra sale del closet: la traici\u00f3n a las luchas y sus consecuencias&#8221; &#8212; Locomoci\u00f3n TV\" src=\"https:\/\/locomociontv.org\/?p=33389&#038;embed=true#?secret=rRJSQcYPk6#?secret=h6QnF2Y3oR\" data-secret=\"h6QnF2Y3oR\" width=\"600\" height=\"338\" frameborder=\"0\" marginwidth=\"0\" marginheight=\"0\" scrolling=\"no\"><\/iframe>\n<\/div><\/figure>\n\n\n\n<!--nextpage-->\n\n\n\n<h2 class=\"wp-block-heading\">Cierre de la Emisi\u00f3n<\/h2>\n\n\n\n<figure class=\"wp-block-image size-large\"><img loading=\"lazy\" decoding=\"async\" width=\"1024\" height=\"574\" src=\"https:\/\/locomociontv.org\/wp-content\/uploads\/2025\/01\/backgrounderaser_20250103_2104465828039873019969937373-1024x574.jpg\" alt=\"\" class=\"wp-image-33421\" srcset=\"https:\/\/locomociontv.org\/wp-content\/uploads\/2025\/01\/backgrounderaser_20250103_2104465828039873019969937373-1024x574.jpg 1024w, https:\/\/locomociontv.org\/wp-content\/uploads\/2025\/01\/backgrounderaser_20250103_2104465828039873019969937373-300x168.jpg 300w, https:\/\/locomociontv.org\/wp-content\/uploads\/2025\/01\/backgrounderaser_20250103_2104465828039873019969937373-768x430.jpg 768w, https:\/\/locomociontv.org\/wp-content\/uploads\/2025\/01\/backgrounderaser_20250103_2104465828039873019969937373-1536x861.jpg 1536w, https:\/\/locomociontv.org\/wp-content\/uploads\/2025\/01\/backgrounderaser_20250103_2104465828039873019969937373.jpg 2000w\" sizes=\"auto, (max-width: 1024px) 100vw, 1024px\" \/><\/figure>\n\n\n\n<p>Hasta aqu\u00ed llegamos con esta Sexag\u00e9simo Sexta Emisi\u00f3n Regular de Locomoci\u00f3n TV &#8211; Noticias, la que esperamos haya sido de vuestro agrado. <\/p>\n\n\n\n<p>Sin otro particular, ser\u00e1 hasta la pr\u00f3xima, amigas y amigos. <\/p>\n<p>Visits: 2<\/p>","protected":false},"excerpt":{"rendered":"<p>Sumario de la Emisi\u00f3n #66 Visits: 2<\/p>\n","protected":false},"author":1,"featured_media":33419,"comment_status":"open","ping_status":"open","sticky":false,"template":"","format":"video","meta":{"footnotes":""},"categories":[1],"tags":[],"class_list":["post-33417","post","type-post","status-publish","format-video","has-post-thumbnail","hentry","category-sin-categoria","post_format-post-format-video","post-dark","post-wide","has-post-thumb"],"_links":{"self":[{"href":"https:\/\/locomociontv.org\/index.php?rest_route=\/wp\/v2\/posts\/33417","targetHints":{"allow":["GET"]}}],"collection":[{"href":"https:\/\/locomociontv.org\/index.php?rest_route=\/wp\/v2\/posts"}],"about":[{"href":"https:\/\/locomociontv.org\/index.php?rest_route=\/wp\/v2\/types\/post"}],"author":[{"embeddable":true,"href":"https:\/\/locomociontv.org\/index.php?rest_route=\/wp\/v2\/users\/1"}],"replies":[{"embeddable":true,"href":"https:\/\/locomociontv.org\/index.php?rest_route=%2Fwp%2Fv2%2Fcomments&post=33417"}],"version-history":[{"count":8,"href":"https:\/\/locomociontv.org\/index.php?rest_route=\/wp\/v2\/posts\/33417\/revisions"}],"predecessor-version":[{"id":33449,"href":"https:\/\/locomociontv.org\/index.php?rest_route=\/wp\/v2\/posts\/33417\/revisions\/33449"}],"wp:featuredmedia":[{"embeddable":true,"href":"https:\/\/locomociontv.org\/index.php?rest_route=\/wp\/v2\/media\/33419"}],"wp:attachment":[{"href":"https:\/\/locomociontv.org\/index.php?rest_route=%2Fwp%2Fv2%2Fmedia&parent=33417"}],"wp:term":[{"taxonomy":"category","embeddable":true,"href":"https:\/\/locomociontv.org\/index.php?rest_route=%2Fwp%2Fv2%2Fcategories&post=33417"},{"taxonomy":"post_tag","embeddable":true,"href":"https:\/\/locomociontv.org\/index.php?rest_route=%2Fwp%2Fv2%2Ftags&post=33417"}],"curies":[{"name":"wp","href":"https:\/\/api.w.org\/{rel}","templated":true}]}}