{"id":32880,"date":"2024-11-01T21:11:48","date_gmt":"2024-11-02T00:11:48","guid":{"rendered":"https:\/\/locomociontv.org\/?p=32880"},"modified":"2024-11-02T15:50:52","modified_gmt":"2024-11-02T18:50:52","slug":"gendarmeria-nacional-y-patricia-bullrich-vuelven-a-dar-verguenza","status":"publish","type":"post","link":"https:\/\/locomociontv.org\/?p=32880","title":{"rendered":"\u00a1Gendarmer\u00eda Nacional y Patricia Bullrich vuelven a dar verg\u00fcenza!"},"content":{"rendered":"\n<figure class=\"wp-block-embed is-type-video is-provider-youtube wp-block-embed-youtube wp-embed-aspect-16-9 wp-has-aspect-ratio\"><div class=\"wp-block-embed__wrapper\">\n<iframe loading=\"lazy\" title=\"\u00a1Gendarmer\u00eda Nacional y Patricia Bullrich vuelven a dar verg\u00fcenza!\" width=\"818\" height=\"460\" src=\"https:\/\/www.youtube.com\/embed\/cOJZ0aC03T8?feature=oembed\" frameborder=\"0\" allow=\"accelerometer; autoplay; clipboard-write; encrypted-media; gyroscope; picture-in-picture; web-share\" referrerpolicy=\"strict-origin-when-cross-origin\" allowfullscreen><\/iframe>\n<\/div><\/figure>\n\n\n\n<!--nextpage-->\n\n\n\n<h3 class=\"wp-block-heading\">Vuelven las Cazas de Brujas como celebrando Halloween<\/h3>\n\n\n\n<figure class=\"wp-block-image size-large\"><img loading=\"lazy\" decoding=\"async\" width=\"1024\" height=\"574\" src=\"https:\/\/locomociontv.org\/wp-content\/uploads\/2024\/11\/wp-17305050599698949531800143116662-1024x574.jpg\" alt=\"\" class=\"wp-image-32885\" srcset=\"https:\/\/locomociontv.org\/wp-content\/uploads\/2024\/11\/wp-17305050599698949531800143116662-1024x574.jpg 1024w, https:\/\/locomociontv.org\/wp-content\/uploads\/2024\/11\/wp-17305050599698949531800143116662-300x168.jpg 300w, https:\/\/locomociontv.org\/wp-content\/uploads\/2024\/11\/wp-17305050599698949531800143116662-768x430.jpg 768w, https:\/\/locomociontv.org\/wp-content\/uploads\/2024\/11\/wp-17305050599698949531800143116662-1536x861.jpg 1536w, https:\/\/locomociontv.org\/wp-content\/uploads\/2024\/11\/wp-17305050599698949531800143116662.jpg 1920w\" sizes=\"auto, (max-width: 1024px) 100vw, 1024px\" \/><\/figure>\n\n\n\n<p>Ante todo declaramos desde este Heraldo Furioso y Locomoci\u00f3n TV nuestra ya conocida y manifiesta enemistad con el Estado y sobre todo con su fuerzas de represi\u00f3n sean \u00e9stas Armadas o de Seguridad. La Ministra Patricia Bullrich y Gendarmer\u00eda Nacional, que ya &#8220;ahogaron&#8221; a Santiago Maldonado, hoy vuelven con sus torpezas y su odio de clase a mostrar que carecen de verg\u00fcenza.<br>El 6 de octubre la inepta peligrosa de Patricia Bullrich, volvi\u00f3 a darle asidero a otro invento de Gendarmer\u00eda para que saque un tweet de esos suyos y rid\u00edculos que terminan con &#8220;el que la hace la paga&#8221; y todas esas sandeces de series norteamericanas de los &#8217;60 y &#8217;70.<\/p>\n\n\n\n<p>El Gobierno ha declarado la Revoluci\u00f3n Conservadora de la Argentina, el Helter Skelter del Charlie Manson que tenemos en La Rosada, el anunciado macartismo institucional del Estado en la funci\u00f3n p\u00fablica en general, al estilo del ebrio fan\u00e1tico anticomunista de Joseph Mac Carthy. <\/p>\n\n\n\n<p>El pobre es penalizado, como sea para calmar a sus patrones, que les tiran unas migajas para que se comporten como jabal\u00edes embrutecidos con los m\u00e1s humildes. <\/p>\n\n\n\n<!--nextpage-->\n\n\n\n<h3 class=\"wp-block-heading\">Maximiliano Acosta: otra v\u00edctima de la violencia clasista del Estado<\/h3>\n\n\n\n<figure class=\"wp-block-image size-large\"><img loading=\"lazy\" decoding=\"async\" width=\"1024\" height=\"574\" src=\"https:\/\/locomociontv.org\/wp-content\/uploads\/2024\/11\/backgrounderaser_20241101_205002395566179997667693733-1024x574.jpg\" alt=\"\" class=\"wp-image-32886\" srcset=\"https:\/\/locomociontv.org\/wp-content\/uploads\/2024\/11\/backgrounderaser_20241101_205002395566179997667693733-1024x574.jpg 1024w, https:\/\/locomociontv.org\/wp-content\/uploads\/2024\/11\/backgrounderaser_20241101_205002395566179997667693733-300x168.jpg 300w, https:\/\/locomociontv.org\/wp-content\/uploads\/2024\/11\/backgrounderaser_20241101_205002395566179997667693733-768x430.jpg 768w, https:\/\/locomociontv.org\/wp-content\/uploads\/2024\/11\/backgrounderaser_20241101_205002395566179997667693733-1536x861.jpg 1536w, https:\/\/locomociontv.org\/wp-content\/uploads\/2024\/11\/backgrounderaser_20241101_205002395566179997667693733.jpg 1920w\" sizes=\"auto, (max-width: 1024px) 100vw, 1024px\" \/><\/figure>\n\n\n\n<p><br>Esta vez, un laburante fue a ganarse 10 o 12 mil pesos y la ineptitud y el odio de clase llam\u00f3 a una conspiraci\u00f3n criminal que volvi\u00f3 a poner en videncia que si descubrimos a les farsantes es solamente por que a veces se conf\u00edan demasiado.<br>Un laburante. el d\u00eda 6 de octubre fue detenido por llevar consigno 18 potes de polvo &#8220;Eficient&#8221; que compr\u00f3 en un super mayorista a 500 pesos el pote y que pensaba cambiar en alguna v\u00eda informal del sistema, pero nunca ilegal y mucho menos anticapitalista, para que le queden en el cambio de mano (que tampoco es tan cambio de mano) unos 9000 pesos.<br>El tipo conf\u00eda y la pelea pese a que todo en Mendoza le sali\u00f3 mal, ya que su estad\u00eda all\u00ed, que promet\u00eda mucho, solamente lo tuvo a mal traer trabajando todo el d\u00eda para apenas sobrevivir. Ya viendo que la cosa no result\u00f3, decide emprender su regreso a su Mar del Plata natal y busca el mango para ver si la vida le da revancha.<br>Maximiliano Ariel Acosta, un trabajador marplatense de 42 a\u00f1os, radicado en Mendoza, tal el nombre de la v\u00edctima (por suerte esta vez no fatal) de las tropel\u00edas de los que criminalizan hasta el rebusque, se cruz\u00f3 una Gendarmer\u00eda, cuyo odio criminal de clase los lleva a pensar que todo pobre es enemigo y que su aniquilaci\u00f3n es su objetivo. <\/p>\n\n\n\n<p>Son los soldados de la inimputable de Patricia Bullrich, a la que saludan sea o no Ministra ya que son impunemente agradecidos luego de haber sido librados por ella de responder por las m\u00faltiples cr\u00edmenes cometidos, como el de Santiago Maldonado. <\/p>\n\n\n\n<p>21 d\u00edas de prisi\u00f3n por intentarse ganar la vida de la forma m\u00e1s honesta y hidalga. Las consecuencias de ser limpio y aut\u00e9ntico y encontrarse en la calle con el odio.<\/p>\n\n\n\n<!--nextpage-->\n\n\n\n<h3 class=\"wp-block-heading\">La Suprema desfachatez de qui\u00e9nes se saben impunes<\/h3>\n\n\n\n<figure class=\"wp-block-image size-large\"><img loading=\"lazy\" decoding=\"async\" width=\"1024\" height=\"580\" src=\"https:\/\/locomociontv.org\/wp-content\/uploads\/2024\/11\/screenshot_20241101_220747_video-maker6576097754538822467-1024x580.jpg\" alt=\"\" class=\"wp-image-32891\" srcset=\"https:\/\/locomociontv.org\/wp-content\/uploads\/2024\/11\/screenshot_20241101_220747_video-maker6576097754538822467-1024x580.jpg 1024w, https:\/\/locomociontv.org\/wp-content\/uploads\/2024\/11\/screenshot_20241101_220747_video-maker6576097754538822467-300x170.jpg 300w, https:\/\/locomociontv.org\/wp-content\/uploads\/2024\/11\/screenshot_20241101_220747_video-maker6576097754538822467-768x435.jpg 768w, https:\/\/locomociontv.org\/wp-content\/uploads\/2024\/11\/screenshot_20241101_220747_video-maker6576097754538822467.jpg 1047w\" sizes=\"auto, (max-width: 1024px) 100vw, 1024px\" \/><\/figure>\n\n\n\n<p>Patricia Bullrich lo sabe. Mientras tenga poder estatal de fuego, nadie le hace sombrita. Tiene a unos mentecatos seriales como la Gendarmer\u00eda Nacional a su servicio para las bober\u00edas y cr\u00edmenes que se le ocurran cometer. Esta vez se fueron al pasto, como casi siempre, pero esta vez m\u00e1s que nunca y que agradezcan que esto no pas\u00f3 en la Aut\u00f3noma. Iban a cobrar a lo pavote, como hace tiempo se merece esta patota de orangutanes de Estado y su jefa, a la que luego de este incidente daremos en llamar la &#8220;PataSucia&#8221;.<\/p>\n\n\n\n<p>Interceptada en los pasillos de La Rosada mientras hu\u00eda, por el periodista Juan Pablo Peralta, la Ministra de Seguridad m\u00e1s insegura del planeta, pon\u00eda las excusas m\u00e1s inveros\u00edmiles que se puedan imaginar, como ser: a) dice que en la investigaci\u00f3n no hay ninguna falla (desfachatez Nivel Dios), b) asegura que siempre el talco se confunde con coca\u00edna (at\u00f3nitos ante tal muestra de ineptitud que habitualiza), c) siguiendo con sus justificaciones de &#8220;Pase y revuelva&#8221; asegur\u00f3 que las fuerzas de seguridad informaron que eras un &#8220;positivo&#8221; (\u00bfY?), d) que Acosta qued\u00f3 preso 21 d\u00edas por decisi\u00f3n de la Justicia. La se\u00f1ora se libera de toda responsabilidad, ensayando una sarta de arbitrariedades descalificadoras para cualquier funcionario p\u00fablico y m\u00e1s si es la Ministra de Seguridad de la Naci\u00f3n.<\/p>\n\n\n\n<p>Se saben impunes y por eso no tratan de esconderse mucho de sus groser\u00edas, tendr\u00e1n otras peores que la s justifiquen en su limitada visi\u00f3n en que la cultura del odio, subyace en su forma m\u00e1s abyecta y los que pagan como en todos los casos son las v\u00edctimas, cuando ning\u00fan victimario pierde ni siquiera su empleo.<\/p>\n\n\n\n<p>Pero no le crean a este Heraldo, escuchen las declaraciones de labios de Bullrich misma.<\/p>\n\n\n\n<p>\u00a1Vamos a las im\u00e1genes!<\/p>\n\n\n\n<figure class=\"wp-block-video\"><video height=\"720\" style=\"aspect-ratio: 1280 \/ 720;\" width=\"1280\" controls src=\"https:\/\/locomociontv.org\/wp-content\/uploads\/2024\/11\/Video.Guru_20241101_210145187.mp4\"><\/video><\/figure>\n<p>Visits: 1<\/p>","protected":false},"excerpt":{"rendered":"<p>Visits: 1<\/p>\n","protected":false},"author":1,"featured_media":32887,"comment_status":"open","ping_status":"open","sticky":false,"template":"","format":"video","meta":{"footnotes":""},"categories":[1],"tags":[],"class_list":["post-32880","post","type-post","status-publish","format-video","has-post-thumbnail","hentry","category-sin-categoria","post_format-post-format-video","post-dark","post-wide","has-post-thumb"],"_links":{"self":[{"href":"https:\/\/locomociontv.org\/index.php?rest_route=\/wp\/v2\/posts\/32880","targetHints":{"allow":["GET"]}}],"collection":[{"href":"https:\/\/locomociontv.org\/index.php?rest_route=\/wp\/v2\/posts"}],"about":[{"href":"https:\/\/locomociontv.org\/index.php?rest_route=\/wp\/v2\/types\/post"}],"author":[{"embeddable":true,"href":"https:\/\/locomociontv.org\/index.php?rest_route=\/wp\/v2\/users\/1"}],"replies":[{"embeddable":true,"href":"https:\/\/locomociontv.org\/index.php?rest_route=%2Fwp%2Fv2%2Fcomments&post=32880"}],"version-history":[{"count":8,"href":"https:\/\/locomociontv.org\/index.php?rest_route=\/wp\/v2\/posts\/32880\/revisions"}],"predecessor-version":[{"id":32899,"href":"https:\/\/locomociontv.org\/index.php?rest_route=\/wp\/v2\/posts\/32880\/revisions\/32899"}],"wp:featuredmedia":[{"embeddable":true,"href":"https:\/\/locomociontv.org\/index.php?rest_route=\/wp\/v2\/media\/32887"}],"wp:attachment":[{"href":"https:\/\/locomociontv.org\/index.php?rest_route=%2Fwp%2Fv2%2Fmedia&parent=32880"}],"wp:term":[{"taxonomy":"category","embeddable":true,"href":"https:\/\/locomociontv.org\/index.php?rest_route=%2Fwp%2Fv2%2Fcategories&post=32880"},{"taxonomy":"post_tag","embeddable":true,"href":"https:\/\/locomociontv.org\/index.php?rest_route=%2Fwp%2Fv2%2Ftags&post=32880"}],"curies":[{"name":"wp","href":"https:\/\/api.w.org\/{rel}","templated":true}]}}