{"id":31056,"date":"2024-05-25T21:49:00","date_gmt":"2024-05-26T00:49:00","guid":{"rendered":"https:\/\/locomociontv.org\/?p=31056"},"modified":"2024-05-25T22:10:30","modified_gmt":"2024-05-26T01:10:30","slug":"desenmascarando-fachos-que-dicen-ser-liberales","status":"publish","type":"post","link":"https:\/\/locomociontv.org\/?p=31056","title":{"rendered":"Desenmascarando fachos que dicen ser liberales"},"content":{"rendered":"\n<figure class=\"wp-block-embed is-type-video is-provider-youtube wp-block-embed-youtube wp-embed-aspect-16-9 wp-has-aspect-ratio\"><div class=\"wp-block-embed__wrapper\">\n<iframe loading=\"lazy\" title=\"Desenmascarando fachos que dicen ser liberales\" width=\"818\" height=\"460\" src=\"https:\/\/www.youtube.com\/embed\/nRpvpcm50T4?feature=oembed\" frameborder=\"0\" allow=\"accelerometer; autoplay; clipboard-write; encrypted-media; gyroscope; picture-in-picture; web-share\" referrerpolicy=\"strict-origin-when-cross-origin\" allowfullscreen><\/iframe>\n<\/div><\/figure>\n\n\n\n<!--nextpage-->\n\n\n\n<p>El pasado 23 de mayo, cuando ya a todas luces y oficialmente el Pacto de Mayo era un cad\u00e1ver, Don Berti Benegas Lynch anduvo por TN, como queriendo seguir con su hist\u00f3rica farsa.<\/p>\n\n\n\n<p>La maldita costumbre que tienen estes fascistas de querer enmascararse como liberales y, obviamente, disimular sus miserables homofobia y misoginia, los tiene siempre al borde del exabrupto o la brutalidad propia de su condici\u00f3n que parece venir de familia.<\/p>\n\n\n\n<p>Maru Duffard, suponemos cansada de la cantinela pacata de las familias &#8220;BI\u00c1N&#8221; para justificar sus alt\u00edsimos est\u00e1ndares de vida, dej\u00f3 expuesta la imposibilidad de estes cretines de ocultar su fascismo por m\u00e1s liberalismo que le digan.<\/p>\n\n\n\n<p>Pero \u00bfPara qu\u00e9 ahondar en detalles cuando las im\u00e1genes lo cuentan todo?<br>Por eso \u00a1Vamos a las im\u00e1genes!<\/p>\n\n\n\n<figure class=\"wp-block-video\"><video height=\"478\" style=\"aspect-ratio: 848 \/ 478;\" width=\"848\" controls src=\"https:\/\/locomociontv.org\/wp-content\/uploads\/2024\/05\/Video-de-WhatsApp-2024-05-25-a-las-17.26.19_40660397.mp4\"><\/video><\/figure>\n<div class=\"pdfprnt-buttons pdfprnt-buttons-post pdfprnt-bottom-right\"><a href=\"https:\/\/locomociontv.org\/index.php?rest_route=%2Fwp%2Fv2%2Fposts%2F31056&print=pdf\" class=\"pdfprnt-button pdfprnt-button-pdf\" target=\"_blank\" ><img decoding=\"async\" src=\"https:\/\/locomociontv.org\/wp-content\/plugins\/pdf-print\/images\/pdf.png\" alt=\"image_pdf\" title=\"View PDF\" \/><span class=\"pdfprnt-button-title pdfprnt-button-pdf-title\">Hacer PDF<\/span><\/a><a href=\"https:\/\/locomociontv.org\/index.php?rest_route=%2Fwp%2Fv2%2Fposts%2F31056&print=print\" class=\"pdfprnt-button pdfprnt-button-print\" target=\"_blank\" ><img decoding=\"async\" src=\"https:\/\/locomociontv.org\/wp-content\/plugins\/pdf-print\/images\/print.png\" alt=\"image_print\" title=\"Print Content\" \/><span class=\"pdfprnt-button-title pdfprnt-button-print-title\">Imprimir<\/span><\/a><\/div><p>Views: 2<\/p>","protected":false},"excerpt":{"rendered":"<p> Views: 2<\/p>\n","protected":false},"author":1,"featured_media":31060,"comment_status":"open","ping_status":"open","sticky":false,"template":"","format":"video","meta":{"footnotes":""},"categories":[1],"tags":[],"class_list":["post-31056","post","type-post","status-publish","format-video","has-post-thumbnail","hentry","category-sin-categoria","post_format-post-format-video","post-dark","post-wide","has-post-thumb"],"_links":{"self":[{"href":"https:\/\/locomociontv.org\/index.php?rest_route=\/wp\/v2\/posts\/31056","targetHints":{"allow":["GET"]}}],"collection":[{"href":"https:\/\/locomociontv.org\/index.php?rest_route=\/wp\/v2\/posts"}],"about":[{"href":"https:\/\/locomociontv.org\/index.php?rest_route=\/wp\/v2\/types\/post"}],"author":[{"embeddable":true,"href":"https:\/\/locomociontv.org\/index.php?rest_route=\/wp\/v2\/users\/1"}],"replies":[{"embeddable":true,"href":"https:\/\/locomociontv.org\/index.php?rest_route=%2Fwp%2Fv2%2Fcomments&post=31056"}],"version-history":[{"count":3,"href":"https:\/\/locomociontv.org\/index.php?rest_route=\/wp\/v2\/posts\/31056\/revisions"}],"predecessor-version":[{"id":31061,"href":"https:\/\/locomociontv.org\/index.php?rest_route=\/wp\/v2\/posts\/31056\/revisions\/31061"}],"wp:featuredmedia":[{"embeddable":true,"href":"https:\/\/locomociontv.org\/index.php?rest_route=\/wp\/v2\/media\/31060"}],"wp:attachment":[{"href":"https:\/\/locomociontv.org\/index.php?rest_route=%2Fwp%2Fv2%2Fmedia&parent=31056"}],"wp:term":[{"taxonomy":"category","embeddable":true,"href":"https:\/\/locomociontv.org\/index.php?rest_route=%2Fwp%2Fv2%2Fcategories&post=31056"},{"taxonomy":"post_tag","embeddable":true,"href":"https:\/\/locomociontv.org\/index.php?rest_route=%2Fwp%2Fv2%2Ftags&post=31056"}],"curies":[{"name":"wp","href":"https:\/\/api.w.org\/{rel}","templated":true}]}}