{"id":30236,"date":"2024-03-25T16:44:07","date_gmt":"2024-03-25T19:44:07","guid":{"rendered":"https:\/\/locomociontv.org\/?p=30236"},"modified":"2024-03-25T22:53:40","modified_gmt":"2024-03-26T01:53:40","slug":"locomocion-tv-noticias-47","status":"publish","type":"post","link":"https:\/\/locomociontv.org\/?p=30236","title":{"rendered":"Locomoci\u00f3n TV &#8211; Noticias #47"},"content":{"rendered":"\n<figure class=\"wp-block-embed is-type-video is-provider-youtube wp-block-embed-youtube wp-embed-aspect-4-3 wp-has-aspect-ratio\"><div class=\"wp-block-embed__wrapper\">\n<iframe loading=\"lazy\" title=\"Locomoci\u00f3n TV - Noticias #47\" width=\"818\" height=\"460\" src=\"https:\/\/www.youtube.com\/embed\/UfOfpKOiOT4?feature=oembed\" frameborder=\"0\" allow=\"accelerometer; autoplay; clipboard-write; encrypted-media; gyroscope; picture-in-picture; web-share\" allowfullscreen><\/iframe>\n<\/div><\/figure>\n\n\n\n<!--nextpage-->\n\n\n\n<h3 class=\"wp-block-heading\">Introducci\u00f3n a la Emisi\u00f3n Regular #47<\/h3>\n\n\n\n<figure class=\"wp-block-image size-large\"><img loading=\"lazy\" decoding=\"async\" width=\"1024\" height=\"574\" src=\"https:\/\/locomociontv.org\/wp-content\/uploads\/2024\/03\/wp-17113930771643334382664468891919-1024x574.jpg\" alt=\"\" class=\"wp-image-30234\" srcset=\"https:\/\/locomociontv.org\/wp-content\/uploads\/2024\/03\/wp-17113930771643334382664468891919-1024x574.jpg 1024w, https:\/\/locomociontv.org\/wp-content\/uploads\/2024\/03\/wp-17113930771643334382664468891919-300x168.jpg 300w, https:\/\/locomociontv.org\/wp-content\/uploads\/2024\/03\/wp-17113930771643334382664468891919-768x430.jpg 768w, https:\/\/locomociontv.org\/wp-content\/uploads\/2024\/03\/wp-17113930771643334382664468891919-1536x861.jpg 1536w, https:\/\/locomociontv.org\/wp-content\/uploads\/2024\/03\/wp-17113930771643334382664468891919.jpg 2000w\" sizes=\"auto, (max-width: 1024px) 100vw, 1024px\" \/><\/figure>\n\n\n\n<p>Hola amigas y amigos:<\/p>\n\n\n\n<p>Sean bienvenides a esta Cuadrag\u00e9simo S\u00e9ptima Emisi\u00f3n Regular de Locomoci\u00f3n TV &#8211; Noticias.<\/p>\n\n\n\n<p>Desde el Estudio \u00danico de Locomoci\u00f3n TV en la Ciudad Aut\u00f3noma de Buenos Aires, llegamos hasta ustedes luego de una semana, previa a esta que le llaman santa, d\u00f3nde decidimos en el Canal, ponernos al d\u00eda con partes de la pauta informativa que les deb\u00edamos.<\/p>\n\n\n\n<!--nextpage-->\n\n\n\n<h3 class=\"wp-block-heading\">Mentiran\u00eda Energ\u00e9tica &#8211; Segundo Informe<\/h3>\n\n\n\n<p>El Heraldo Furioso nos ha preparado un completo informe sobre otra de las cosas en las que nada ha cambiado con el cambio de Gobierno. <\/p>\n\n\n\n<p>Nos hablan de soberan\u00eda con casos como YPF y en realidad nos est\u00e1n entregando al imperialismo con nuestro futuro y nuestra salud incluidos en el precio. Pas\u00f3 con Alberto Fern\u00e1ndez y pasa ahora con Milei.<\/p>\n\n\n\n<p>\u00a1Adelante, Heraldo, con el informe! <\/p>\n\n\n\n<figure class=\"wp-block-embed is-type-wp-embed is-provider-locomocion-tv wp-block-embed-locomocion-tv\"><div class=\"wp-block-embed__wrapper\">\n<blockquote class=\"wp-embedded-content\" data-secret=\"WF8O8xsLWU\"><a href=\"https:\/\/locomociontv.org\/?p=28452\">Mentiran\u00eda energ\u00e9tica (2\u00b0 Informe)<\/a><\/blockquote><iframe loading=\"lazy\" class=\"wp-embedded-content\" sandbox=\"allow-scripts\" security=\"restricted\" style=\"position: absolute; clip: rect(1px, 1px, 1px, 1px);\" title=\"&#8220;Mentiran\u00eda energ\u00e9tica (2\u00b0 Informe)&#8221; &#8212; Locomoci\u00f3n TV\" src=\"https:\/\/locomociontv.org\/?p=28452&#038;embed=true#?secret=WF8O8xsLWU\" data-secret=\"WF8O8xsLWU\" width=\"600\" height=\"338\" frameborder=\"0\" marginwidth=\"0\" marginheight=\"0\" scrolling=\"no\"><\/iframe>\n<\/div><\/figure>\n\n\n\n<!--nextpage-->\n\n\n\n<h3 class=\"wp-block-heading\">Los Primeros Pasos en el Juicio por el Caso Alperovich<\/h3>\n\n\n\n<p>Entre las informaciones que les ven\u00edamos debiendo est\u00e1n los avances en el juzgamiento del ex-Gobernador Jos\u00e9 Alperovich por reiteradas violaciones a su sobrina. <\/p>\n\n\n\n<p>\u00a1Adelante, Irreverente, con la informaci\u00f3n!<\/p>\n\n\n\n<figure class=\"wp-block-embed is-type-wp-embed is-provider-locomocion-tv wp-block-embed-locomocion-tv\"><div class=\"wp-block-embed__wrapper\">\n<blockquote class=\"wp-embedded-content\" data-secret=\"nHmybrS40L\"><a href=\"https:\/\/locomociontv.org\/?p=29499\">Las primeros pasos del Juicio en el Caso Alperovich<\/a><\/blockquote><iframe loading=\"lazy\" class=\"wp-embedded-content\" sandbox=\"allow-scripts\" security=\"restricted\" style=\"position: absolute; clip: rect(1px, 1px, 1px, 1px);\" title=\"&#8220;Las primeros pasos del Juicio en el Caso Alperovich&#8221; &#8212; Locomoci\u00f3n TV\" src=\"https:\/\/locomociontv.org\/?p=29499&#038;embed=true#?secret=nHmybrS40L\" data-secret=\"nHmybrS40L\" width=\"600\" height=\"338\" frameborder=\"0\" marginwidth=\"0\" marginheight=\"0\" scrolling=\"no\"><\/iframe>\n<\/div><\/figure>\n\n\n\n<!--nextpage-->\n\n\n\n<h3 class=\"wp-block-heading\">Milei es &#8220;LAWFARE&#8221; para todos (los otros)<\/h3>\n\n\n\n<p>Necesit\u00e1bamos saber un poquito en qu\u00e9 anda el Gobierno. Milei ocupando a la oposici\u00f3n en que se la pasa demasiado en las redes sociales y, en el caso de los peronistas, tienen ocupados a sus ex-parapoliciales en hacerle pisar el palito, cosa que el Presidente hace seguido. Ya no sabemos si le sale por que es un neardenthal hecho y derecho, o se esfuerza para hacer rabiar a sus opositores con que diga lo que diga o haga lo que haga no tendr\u00e1 consecuencia alguna. <\/p>\n\n\n\n<p>Repetimos: los gobernantes har\u00e1n lo que se les venga en mente y sin l\u00edmites si el Pueblo se lo permite. Por eso se copan y pasan desde el Gobierno a la ofensiva, recurriendo a todas las formas del &#8220;Lawfare&#8221;.<\/p>\n\n\n\n<p>\u00a1Adelante, Heraldo, con el informe!<\/p>\n\n\n\n<figure class=\"wp-block-embed is-type-wp-embed is-provider-locomocion-tv wp-block-embed-locomocion-tv\"><div class=\"wp-block-embed__wrapper\">\n<blockquote class=\"wp-embedded-content\" data-secret=\"naB3F9mwsU\"><a href=\"https:\/\/locomociontv.org\/?p=30075\">Milei es &#8220;LAWFARE&#8221; para todos (los otros)<\/a><\/blockquote><iframe loading=\"lazy\" class=\"wp-embedded-content\" sandbox=\"allow-scripts\" security=\"restricted\" style=\"position: absolute; clip: rect(1px, 1px, 1px, 1px);\" title=\"&#8220;Milei es &#8220;LAWFARE&#8221; para todos (los otros)&#8221; &#8212; Locomoci\u00f3n TV\" src=\"https:\/\/locomociontv.org\/?p=30075&#038;embed=true#?secret=naB3F9mwsU\" data-secret=\"naB3F9mwsU\" width=\"600\" height=\"338\" frameborder=\"0\" marginwidth=\"0\" marginheight=\"0\" scrolling=\"no\"><\/iframe>\n<\/div><\/figure>\n\n\n\n<!--nextpage-->\n\n\n\n<h3 class=\"wp-block-heading\">D\u00eda de la Memoria por la Verdad y la Justicia 2024<\/h3>\n\n\n\n<p>Este 24 de marzo, el Gobierno, con un simple v\u00eddeo y un bombardeo medi\u00e1tico parapolicial sin precedentes sali\u00f3 a negar el D\u00eda de la Memoria y al estilo Goebbels sali\u00f3 a cruzar la cifra de desaparecidos y hablar de que la masacre de los militares del Proceso fue &#8220;una guerra&#8221;. <\/p>\n\n\n\n<p>Los organismos de Derechos Humanos, llevaron a cabo dos multitudinarias marchas a Plaza de Mayo, como todos los a\u00f1os y un poco frustrados por no haber podido sellar la unidad contra Milei en esta fecha.<\/p>\n\n\n\n<p>Pero, dejemos que El Irreverente nos lo cuente en detalle.<\/p>\n\n\n\n<p>\u00a1Vamos al informe!<\/p>\n\n\n\n<figure class=\"wp-block-embed is-type-wp-embed is-provider-locomocion-tv wp-block-embed-locomocion-tv\"><div class=\"wp-block-embed__wrapper\">\n<blockquote class=\"wp-embedded-content\" data-secret=\"xBwmF3j0wE\"><a href=\"https:\/\/locomociontv.org\/?p=30209\">D\u00eda de la Memoria por la Verdad y la Justicia 2024<\/a><\/blockquote><iframe loading=\"lazy\" class=\"wp-embedded-content\" sandbox=\"allow-scripts\" security=\"restricted\" style=\"position: absolute; clip: rect(1px, 1px, 1px, 1px);\" title=\"&#8220;D\u00eda de la Memoria por la Verdad y la Justicia 2024&#8221; &#8212; Locomoci\u00f3n TV\" src=\"https:\/\/locomociontv.org\/?p=30209&#038;embed=true#?secret=xBwmF3j0wE\" data-secret=\"xBwmF3j0wE\" width=\"600\" height=\"338\" frameborder=\"0\" marginwidth=\"0\" marginheight=\"0\" scrolling=\"no\"><\/iframe>\n<\/div><\/figure>\n\n\n\n<!--nextpage-->\n\n\n\n<h3 class=\"wp-block-heading\">Cierre de la Emisi\u00f3n Regular #47<\/h3>\n\n\n\n<p>Sin otro particular, ser\u00e1 hasta la Pr\u00f3xima, Amigas y Amigos.<\/p>\n\n\n\n<figure class=\"wp-block-image size-large\"><img loading=\"lazy\" decoding=\"async\" width=\"1024\" height=\"574\" src=\"https:\/\/locomociontv.org\/wp-content\/uploads\/2024\/03\/wp-17113930768256378863846018439001-1024x574.jpg\" alt=\"\" class=\"wp-image-30233\" srcset=\"https:\/\/locomociontv.org\/wp-content\/uploads\/2024\/03\/wp-17113930768256378863846018439001-1024x574.jpg 1024w, https:\/\/locomociontv.org\/wp-content\/uploads\/2024\/03\/wp-17113930768256378863846018439001-300x168.jpg 300w, https:\/\/locomociontv.org\/wp-content\/uploads\/2024\/03\/wp-17113930768256378863846018439001-768x430.jpg 768w, https:\/\/locomociontv.org\/wp-content\/uploads\/2024\/03\/wp-17113930768256378863846018439001-1536x861.jpg 1536w, https:\/\/locomociontv.org\/wp-content\/uploads\/2024\/03\/wp-17113930768256378863846018439001.jpg 2000w\" sizes=\"auto, (max-width: 1024px) 100vw, 1024px\" \/><\/figure>\n<p>Visits: 0<\/p>","protected":false},"excerpt":{"rendered":"<p>Visits: 0<\/p>\n","protected":false},"author":1,"featured_media":30234,"comment_status":"open","ping_status":"open","sticky":false,"template":"","format":"video","meta":{"footnotes":""},"categories":[1],"tags":[],"class_list":["post-30236","post","type-post","status-publish","format-video","has-post-thumbnail","hentry","category-sin-categoria","post_format-post-format-video","post-dark","post-wide","has-post-thumb"],"_links":{"self":[{"href":"https:\/\/locomociontv.org\/index.php?rest_route=\/wp\/v2\/posts\/30236","targetHints":{"allow":["GET"]}}],"collection":[{"href":"https:\/\/locomociontv.org\/index.php?rest_route=\/wp\/v2\/posts"}],"about":[{"href":"https:\/\/locomociontv.org\/index.php?rest_route=\/wp\/v2\/types\/post"}],"author":[{"embeddable":true,"href":"https:\/\/locomociontv.org\/index.php?rest_route=\/wp\/v2\/users\/1"}],"replies":[{"embeddable":true,"href":"https:\/\/locomociontv.org\/index.php?rest_route=%2Fwp%2Fv2%2Fcomments&post=30236"}],"version-history":[{"count":7,"href":"https:\/\/locomociontv.org\/index.php?rest_route=\/wp\/v2\/posts\/30236\/revisions"}],"predecessor-version":[{"id":30246,"href":"https:\/\/locomociontv.org\/index.php?rest_route=\/wp\/v2\/posts\/30236\/revisions\/30246"}],"wp:featuredmedia":[{"embeddable":true,"href":"https:\/\/locomociontv.org\/index.php?rest_route=\/wp\/v2\/media\/30234"}],"wp:attachment":[{"href":"https:\/\/locomociontv.org\/index.php?rest_route=%2Fwp%2Fv2%2Fmedia&parent=30236"}],"wp:term":[{"taxonomy":"category","embeddable":true,"href":"https:\/\/locomociontv.org\/index.php?rest_route=%2Fwp%2Fv2%2Fcategories&post=30236"},{"taxonomy":"post_tag","embeddable":true,"href":"https:\/\/locomociontv.org\/index.php?rest_route=%2Fwp%2Fv2%2Ftags&post=30236"}],"curies":[{"name":"wp","href":"https:\/\/api.w.org\/{rel}","templated":true}]}}