{"id":30211,"date":"2024-05-06T00:34:40","date_gmt":"2024-05-06T03:34:40","guid":{"rendered":"https:\/\/locomociontv.org\/?p=30211"},"modified":"2024-05-06T00:34:42","modified_gmt":"2024-05-06T03:34:42","slug":"el-estado-de-las-luchas-22","status":"publish","type":"post","link":"https:\/\/locomociontv.org\/?p=30211","title":{"rendered":"El Estado de las Luchas #22"},"content":{"rendered":"\n<figure class=\"wp-block-embed is-type-video is-provider-youtube wp-block-embed-youtube wp-embed-aspect-16-9 wp-has-aspect-ratio\"><div class=\"wp-block-embed__wrapper\">\n<iframe loading=\"lazy\" title=\"El Estado de las Luchas #22\" width=\"818\" height=\"460\" src=\"https:\/\/www.youtube.com\/embed\/videoseries?list=PL8Vh50wrvniyHlxRkhTzeU60EHTz8RvQE\" frameborder=\"0\" allow=\"accelerometer; autoplay; clipboard-write; encrypted-media; gyroscope; picture-in-picture; web-share\" referrerpolicy=\"strict-origin-when-cross-origin\" allowfullscreen><\/iframe>\n<\/div><\/figure>\n\n\n\n<h3 class=\"wp-block-heading\">Sumario de la Emisi\u00f3n:<\/h3>\n\n\n\n<ul class=\"wp-block-list\"><li>Bloque #1: <a rel=\"noreferrer noopener\" href=\"https:\/\/locomociontv.org\/?p=30209\" target=\"_blank\">D\u00eda de la Memoria por la Verdad y la Justicia 2024<\/a><\/li><li>Bloque #2: <a rel=\"noreferrer noopener\" href=\"https:\/\/locomociontv.org\/?p=30346\" target=\"_blank\">Talleres de Luis Viale: 18 a\u00f1os de lucha por Justicia y Memoria<\/a><\/li><li>Bloque #3: <a rel=\"noreferrer noopener\" href=\"https:\/\/locomociontv.org\/?p=30638\" target=\"_blank\">Masiva Marcha Federal Universitaria: un dolor de cabeza para el Presidente Milei<\/a><\/li><li>Bloque #4: <a rel=\"noreferrer noopener\" href=\"https:\/\/locomociontv.org\/?p=30757\" target=\"_blank\">Diputados chaque\u00f1os aprueban de apuro y de madrugada negocios de destrucci\u00f3n masiva<\/a><\/li><li>Bloque #5: <a href=\"https:\/\/www.youtube.com\/watch?v=940gnzvU_6w\" target=\"_blank\" rel=\"noreferrer noopener\">Cierre de esta emisi\u00f3n<\/a><\/li><\/ul>\n\n\n\n<!--nextpage-->\n\n\n\n<figure class=\"wp-block-embed is-type-wp-embed is-provider-locomocion-tv wp-block-embed-locomocion-tv\"><div class=\"wp-block-embed__wrapper\">\n<blockquote class=\"wp-embedded-content\" data-secret=\"2uvvnXLNFZ\"><a href=\"https:\/\/locomociontv.org\/?p=30209\">D\u00eda de la Memoria por la Verdad y la Justicia 2024<\/a><\/blockquote><iframe loading=\"lazy\" class=\"wp-embedded-content\" sandbox=\"allow-scripts\" security=\"restricted\" style=\"position: absolute; clip: rect(1px, 1px, 1px, 1px);\" title=\"&#8220;D\u00eda de la Memoria por la Verdad y la Justicia 2024&#8221; &#8212; Locomoci\u00f3n TV\" src=\"https:\/\/locomociontv.org\/?p=30209&#038;embed=true#?secret=2uvvnXLNFZ\" data-secret=\"2uvvnXLNFZ\" width=\"600\" height=\"338\" frameborder=\"0\" marginwidth=\"0\" marginheight=\"0\" scrolling=\"no\"><\/iframe>\n<\/div><\/figure>\n\n\n\n<!--nextpage-->\n\n\n\n<!--nextpage-->\n\n\n\n<figure class=\"wp-block-embed is-type-wp-embed is-provider-locomocion-tv wp-block-embed-locomocion-tv\"><div class=\"wp-block-embed__wrapper\">\n<blockquote class=\"wp-embedded-content\" data-secret=\"n5wpBYBDEW\"><a href=\"https:\/\/locomociontv.org\/?p=30346\">Talleres de Luis Viale: 18 a\u00f1os de lucha por Justicia y Memoria<\/a><\/blockquote><iframe loading=\"lazy\" class=\"wp-embedded-content\" sandbox=\"allow-scripts\" security=\"restricted\" style=\"position: absolute; clip: rect(1px, 1px, 1px, 1px);\" title=\"&#8220;Talleres de Luis Viale: 18 a\u00f1os de lucha por Justicia y Memoria&#8221; &#8212; Locomoci\u00f3n TV\" src=\"https:\/\/locomociontv.org\/?p=30346&#038;embed=true#?secret=n5wpBYBDEW\" data-secret=\"n5wpBYBDEW\" width=\"600\" height=\"338\" frameborder=\"0\" marginwidth=\"0\" marginheight=\"0\" scrolling=\"no\"><\/iframe>\n<\/div><\/figure>\n\n\n\n<!--nextpage-->\n\n\n\n<figure class=\"wp-block-embed is-type-wp-embed is-provider-locomocion-tv wp-block-embed-locomocion-tv\"><div class=\"wp-block-embed__wrapper\">\n<blockquote class=\"wp-embedded-content\" data-secret=\"En4fJ5VNvG\"><a href=\"https:\/\/locomociontv.org\/?p=30638\">Masiva Marcha Federal Universitaria: un dolor de cabeza para el Presidente Milei<\/a><\/blockquote><iframe loading=\"lazy\" class=\"wp-embedded-content\" sandbox=\"allow-scripts\" security=\"restricted\" style=\"position: absolute; clip: rect(1px, 1px, 1px, 1px);\" title=\"&#8220;Masiva Marcha Federal Universitaria: un dolor de cabeza para el Presidente Milei&#8221; &#8212; Locomoci\u00f3n TV\" src=\"https:\/\/locomociontv.org\/?p=30638&#038;embed=true#?secret=En4fJ5VNvG\" data-secret=\"En4fJ5VNvG\" width=\"600\" height=\"338\" frameborder=\"0\" marginwidth=\"0\" marginheight=\"0\" scrolling=\"no\"><\/iframe>\n<\/div><\/figure>\n\n\n\n<!--nextpage-->\n\n\n\n<figure class=\"wp-block-embed is-type-wp-embed is-provider-locomocion-tv wp-block-embed-locomocion-tv\"><div class=\"wp-block-embed__wrapper\">\n<blockquote class=\"wp-embedded-content\" data-secret=\"nG59UHEwdA\"><a href=\"https:\/\/locomociontv.org\/?p=30757\">Diputados chaque\u00f1os aprueban de apuro y de madrugada negocios de destrucci\u00f3n masiva<\/a><\/blockquote><iframe loading=\"lazy\" class=\"wp-embedded-content\" sandbox=\"allow-scripts\" security=\"restricted\" style=\"position: absolute; clip: rect(1px, 1px, 1px, 1px);\" title=\"&#8220;Diputados chaque\u00f1os aprueban de apuro y de madrugada negocios de destrucci\u00f3n masiva&#8221; &#8212; Locomoci\u00f3n TV\" src=\"https:\/\/locomociontv.org\/?p=30757&#038;embed=true#?secret=nG59UHEwdA\" data-secret=\"nG59UHEwdA\" width=\"600\" height=\"338\" frameborder=\"0\" marginwidth=\"0\" marginheight=\"0\" scrolling=\"no\"><\/iframe>\n<\/div><\/figure>\n\n\n\n<!--nextpage-->\n<p>Visits: 1<\/p>","protected":false},"excerpt":{"rendered":"<p>Sumario de la Emisi\u00f3n: Bloque #1: D\u00eda de la Memoria por la Verdad y la Justicia 2024 Bloque #2: Talleres de Luis Viale: 18 a\u00f1os de lucha por Justicia y Memoria Bloque #3: Masiva Marcha Federal Universitaria: un dolor de cabeza para el Presidente Milei Bloque #4: Diputados chaque\u00f1os aprueban de apuro y de madrugada &hellip;<\/p>\n","protected":false},"author":1,"featured_media":30221,"comment_status":"open","ping_status":"open","sticky":false,"template":"","format":"video","meta":{"footnotes":""},"categories":[1],"tags":[],"class_list":["post-30211","post","type-post","status-publish","format-video","has-post-thumbnail","hentry","category-sin-categoria","post_format-post-format-video","post-dark","post-wide","has-post-thumb"],"_links":{"self":[{"href":"https:\/\/locomociontv.org\/index.php?rest_route=\/wp\/v2\/posts\/30211","targetHints":{"allow":["GET"]}}],"collection":[{"href":"https:\/\/locomociontv.org\/index.php?rest_route=\/wp\/v2\/posts"}],"about":[{"href":"https:\/\/locomociontv.org\/index.php?rest_route=\/wp\/v2\/types\/post"}],"author":[{"embeddable":true,"href":"https:\/\/locomociontv.org\/index.php?rest_route=\/wp\/v2\/users\/1"}],"replies":[{"embeddable":true,"href":"https:\/\/locomociontv.org\/index.php?rest_route=%2Fwp%2Fv2%2Fcomments&post=30211"}],"version-history":[{"count":8,"href":"https:\/\/locomociontv.org\/index.php?rest_route=\/wp\/v2\/posts\/30211\/revisions"}],"predecessor-version":[{"id":30777,"href":"https:\/\/locomociontv.org\/index.php?rest_route=\/wp\/v2\/posts\/30211\/revisions\/30777"}],"wp:featuredmedia":[{"embeddable":true,"href":"https:\/\/locomociontv.org\/index.php?rest_route=\/wp\/v2\/media\/30221"}],"wp:attachment":[{"href":"https:\/\/locomociontv.org\/index.php?rest_route=%2Fwp%2Fv2%2Fmedia&parent=30211"}],"wp:term":[{"taxonomy":"category","embeddable":true,"href":"https:\/\/locomociontv.org\/index.php?rest_route=%2Fwp%2Fv2%2Fcategories&post=30211"},{"taxonomy":"post_tag","embeddable":true,"href":"https:\/\/locomociontv.org\/index.php?rest_route=%2Fwp%2Fv2%2Ftags&post=30211"}],"curies":[{"name":"wp","href":"https:\/\/api.w.org\/{rel}","templated":true}]}}