{"id":30075,"date":"2024-03-23T23:27:16","date_gmt":"2024-03-24T02:27:16","guid":{"rendered":"https:\/\/locomociontv.org\/?p=30075"},"modified":"2024-03-23T23:27:17","modified_gmt":"2024-03-24T02:27:17","slug":"milei-es-lawfare-para-todos-los-otros","status":"publish","type":"post","link":"https:\/\/locomociontv.org\/?p=30075","title":{"rendered":"Milei es &#8220;LAWFARE&#8221; para todos (los otros)"},"content":{"rendered":"\n<p class=\"has-text-align-right\"><strong><em>por El Heraldo Furioso<\/em><\/strong><\/p>\n\n\n\n<figure class=\"wp-block-embed is-type-video is-provider-youtube wp-block-embed-youtube wp-embed-aspect-16-9 wp-has-aspect-ratio\"><div class=\"wp-block-embed__wrapper\">\n<iframe loading=\"lazy\" title=\"Milei es &quot;LAWFARE&quot; para todos (los otros)\" width=\"818\" height=\"460\" src=\"https:\/\/www.youtube.com\/embed\/V9gYwsdEoUA?feature=oembed\" frameborder=\"0\" allow=\"accelerometer; autoplay; clipboard-write; encrypted-media; gyroscope; picture-in-picture; web-share\" allowfullscreen><\/iframe>\n<\/div><\/figure>\n\n\n\n<!--nextpage-->\n\n\n\n<figure class=\"wp-block-image size-full is-resized\"><img loading=\"lazy\" decoding=\"async\" src=\"https:\/\/locomociontv.org\/wp-content\/uploads\/2024\/03\/image-5.png\" alt=\"\" class=\"wp-image-30194\" width=\"840\" height=\"471\" srcset=\"https:\/\/locomociontv.org\/wp-content\/uploads\/2024\/03\/image-5.png 1024w, https:\/\/locomociontv.org\/wp-content\/uploads\/2024\/03\/image-5-300x168.png 300w, https:\/\/locomociontv.org\/wp-content\/uploads\/2024\/03\/image-5-768x431.png 768w\" sizes=\"auto, (max-width: 840px) 100vw, 840px\" \/><\/figure>\n\n\n\n<p>El Gobierno de Javier Milei es una tremenda usina de LAWFARE, consecuente con qui\u00e9nes pueden ver un pr\u00f3cer  en el ex-Presidente Carlos Sa\u00fal Menem y pretenden un modelo de democracia acotado, a aquellos puedan pagarla.<\/p>\n\n\n\n<p>Lo muestran como si fuera &#8220;lo nuevo&#8221; y no tiene nada de ello. Por el contrario, son las continuas &#8220;remakes&#8221; y reposiciones que hacen los conservadores de siempre, los que a\u00f1oran los a\u00f1os del fraude y las dictaduras.<\/p>\n\n\n\n<!--nextpage-->\n\n\n\n<figure class=\"wp-block-image size-full\"><img loading=\"lazy\" decoding=\"async\" width=\"1024\" height=\"573\" src=\"https:\/\/locomociontv.org\/wp-content\/uploads\/2024\/03\/image-6.png\" alt=\"\" class=\"wp-image-30195\" srcset=\"https:\/\/locomociontv.org\/wp-content\/uploads\/2024\/03\/image-6.png 1024w, https:\/\/locomociontv.org\/wp-content\/uploads\/2024\/03\/image-6-300x168.png 300w, https:\/\/locomociontv.org\/wp-content\/uploads\/2024\/03\/image-6-768x430.png 768w\" sizes=\"auto, (max-width: 1024px) 100vw, 1024px\" \/><\/figure>\n\n\n\n<p>Para el resto de la poblaci\u00f3n, que al parecer es la casta que Mil\u00e9i quer\u00eda eliminar, solamente les queda \u5b50\u5f39\u8d39  o la \u201cTarifa de la Bala\u201d, que era una suma de dinero que el Estado Chino percib\u00eda de los familiares de les condenades a muerte, en compensaci\u00f3n por la bala que se hab\u00eda tenido que usar en la ejecuci\u00f3n. Con los impuestos que el Estado impone a les trabajadores precarizados est\u00e1s pagando la bala de tu propia ejecuci\u00f3n<br>Ac\u00e1 lo que se hace es que si no ten\u00e9s plata para protestar, mejor te qued\u00e1s en la vereda y esper\u00e1s que alguien te escuche. Con un poco de suerte por ah\u00ed te convocan a asarte vivo, mojarte para negarte lo dicho el d\u00eda anterior.<br>Con ese sue\u00f1o de Monarca asi\u00e1tico: que se manifiesten los que lo puedan pagar y el resto que obedezca. Si quer\u00e9s hacerlo igual sin pagar, tienen tropa de sobra para aniquilar a qui\u00e9n sea, con un peligroso aval social que brinda el consentimiento, indicado la desidia de la mayor\u00eda del Pueblo mientras avanzan sobre sus derechos.<\/p>\n\n\n\n<!--nextpage-->\n\n\n\n<figure class=\"wp-block-image size-full\"><img loading=\"lazy\" decoding=\"async\" width=\"1024\" height=\"573\" src=\"https:\/\/locomociontv.org\/wp-content\/uploads\/2024\/03\/image-7.png\" alt=\"\" class=\"wp-image-30196\" srcset=\"https:\/\/locomociontv.org\/wp-content\/uploads\/2024\/03\/image-7.png 1024w, https:\/\/locomociontv.org\/wp-content\/uploads\/2024\/03\/image-7-300x168.png 300w, https:\/\/locomociontv.org\/wp-content\/uploads\/2024\/03\/image-7-768x430.png 768w\" sizes=\"auto, (max-width: 1024px) 100vw, 1024px\" \/><\/figure>\n\n\n\n<p>M\u00e1s all\u00e1 de sus fervientes deseos, les Chukys de la Ultra saben que no pueden imponer la pena de muerte, pero van garantizar todo lo posible un simil de ella. Lo har\u00e1n como hasta ahora lo vienen haciendo con las conquistas del feminismo, usando el mismo D\u00eda Internacional de la Mujer para bajar toda su misoginia, llegando a extremos de querer suprimir la diversidad hasta en el d\u00ed\u00e1logo, considerar innecesaria la femineidad y reforzando cada d\u00eda su odio hacia ellas. <\/p>\n\n\n\n<!--nextpage-->\n\n\n\n<figure class=\"wp-block-image size-full\"><img loading=\"lazy\" decoding=\"async\" width=\"1024\" height=\"574\" src=\"https:\/\/locomociontv.org\/wp-content\/uploads\/2024\/03\/image-8.png\" alt=\"\" class=\"wp-image-30197\" srcset=\"https:\/\/locomociontv.org\/wp-content\/uploads\/2024\/03\/image-8.png 1024w, https:\/\/locomociontv.org\/wp-content\/uploads\/2024\/03\/image-8-300x168.png 300w, https:\/\/locomociontv.org\/wp-content\/uploads\/2024\/03\/image-8-768x431.png 768w\" sizes=\"auto, (max-width: 1024px) 100vw, 1024px\" \/><\/figure>\n\n\n\n<p>M\u00e1s all\u00e1 de la opini\u00f3n que se pueda tener por los cr\u00edmenes cometidos por el kirchnerismo y su evidente corrupci\u00f3n, el Gobierno se preocupa, as\u00ed como intenta hacer con los feminismos, de aniquilar por todos los medios a su alcance a los Movimientos Sociales. Kirchnerismo, usado como ep\u00edteto y per se, tambi\u00e9n culpable de todos los males de este mundo, seg\u00fan la excusa actual de la Libertad Avanza para no hacer nada de nada.<br>Modifican leyes o se las pasan por las partes y si por ellos fuera tendr\u00edan sembrado todo el territorio nacional de milikos para imponer sus pol\u00edticas de ajuste y sometimiento del pueblo a los intereses de las oligark\u00edas y el imperialismo. No se sienten limitados por nada en su avance sobre los m\u00e1s pobres, que al parecer era la \u201ccasta\u201d que iba a pagar el ajuste.<\/p>\n\n\n\n<!--nextpage-->\n\n\n\n<figure class=\"wp-block-image size-full\"><img loading=\"lazy\" decoding=\"async\" width=\"1024\" height=\"574\" src=\"https:\/\/locomociontv.org\/wp-content\/uploads\/2024\/03\/image-9.png\" alt=\"\" class=\"wp-image-30198\" srcset=\"https:\/\/locomociontv.org\/wp-content\/uploads\/2024\/03\/image-9.png 1024w, https:\/\/locomociontv.org\/wp-content\/uploads\/2024\/03\/image-9-300x168.png 300w, https:\/\/locomociontv.org\/wp-content\/uploads\/2024\/03\/image-9-768x431.png 768w\" sizes=\"auto, (max-width: 1024px) 100vw, 1024px\" \/><\/figure>\n\n\n\n<p>El Gobierno, habilit\u00f3 para compilar delaciones seriales la l\u00ednea telef\u00f3nica 134, cuyos usos por parte del Estado ser\u00e1n m\u00faltiples y jugosos en su sacrosanto fin de negar la pobreza y la miseria existentes y persistentes. <\/p>\n\n\n\n<p>Ser\u00e1 la 134 una l\u00ednea de delaci\u00f3n para la criminalizaci\u00f3n de la protesta, defendiendo al mismo tiempo las granjer\u00edas y los privilegios de los que m\u00e1s tienen y como en el kirchnerismo tendr\u00e1n gente para acomodar en la burocracia del Estado, pero esta vez, seg\u00fan ellos mismos lo dicen ser\u00e1 una nueva casta de &#8220;gente de bien&#8221;. <\/p>\n\n\n\n<p>No conocemos nadie de bien que sea de ultraderecha, ser\u00eda una tremenda contradicci\u00f3n ideol\u00f3gica. <\/p>\n\n\n\n<!--nextpage-->\n\n\n\n<figure class=\"wp-block-image size-full\"><img loading=\"lazy\" decoding=\"async\" width=\"1024\" height=\"574\" src=\"https:\/\/locomociontv.org\/wp-content\/uploads\/2024\/03\/image-11.png\" alt=\"\" class=\"wp-image-30200\" srcset=\"https:\/\/locomociontv.org\/wp-content\/uploads\/2024\/03\/image-11.png 1024w, https:\/\/locomociontv.org\/wp-content\/uploads\/2024\/03\/image-11-300x168.png 300w, https:\/\/locomociontv.org\/wp-content\/uploads\/2024\/03\/image-11-768x431.png 768w\" sizes=\"auto, (max-width: 1024px) 100vw, 1024px\" \/><\/figure>\n\n\n\n<p>Surgen de entre la mugre de la prensa que siempre est\u00e1 en venta las nuevas camadas de les parapoliciales del r\u00e9gimen, muy parecidos a los anteriores, con un discurso distinto solamente, pretendiendo asegurarnos que son los nuevo, ya que como m\u00ednimo son una &#8220;remake&#8221; del menemismo. <\/p>\n\n\n\n<p>Hoy, imaginamos, que la inspiraci\u00f3n de los llamados &#8220;libertarios&#8221; es el Capit\u00e1n Ingeniero \u00c1lvaro Alsogaray, palad\u00edn del totalitarismo y de algo que llamaba &#8220;Centro&#8221; para simular su repugnante ultraderecha.<\/p>\n\n\n\n<p>Cambian los discursos y las caras pero los m\u00e9todos auxiliares del LAWFARE son exactamente los mismos que los del r\u00e9gimen anterior. <\/p>\n\n\n\n<p>El Presidente de la Naci\u00f3n, Dr. Javier Gerardo Milei, tiene LAWFARE para todos (los otros). Los propios gozan de la impunidad de la casta y lo seguir\u00e1n haciendo, como todo, mientras el pueblo se lo permita.<\/p>\n<p>Visits: 0<\/p>","protected":false},"excerpt":{"rendered":"<p>por El Heraldo Furioso Visits: 0<\/p>\n","protected":false},"author":1,"featured_media":30204,"comment_status":"open","ping_status":"open","sticky":false,"template":"","format":"video","meta":{"footnotes":""},"categories":[1],"tags":[],"class_list":["post-30075","post","type-post","status-publish","format-video","has-post-thumbnail","hentry","category-sin-categoria","post_format-post-format-video","post-dark","post-wide","has-post-thumb"],"_links":{"self":[{"href":"https:\/\/locomociontv.org\/index.php?rest_route=\/wp\/v2\/posts\/30075","targetHints":{"allow":["GET"]}}],"collection":[{"href":"https:\/\/locomociontv.org\/index.php?rest_route=\/wp\/v2\/posts"}],"about":[{"href":"https:\/\/locomociontv.org\/index.php?rest_route=\/wp\/v2\/types\/post"}],"author":[{"embeddable":true,"href":"https:\/\/locomociontv.org\/index.php?rest_route=\/wp\/v2\/users\/1"}],"replies":[{"embeddable":true,"href":"https:\/\/locomociontv.org\/index.php?rest_route=%2Fwp%2Fv2%2Fcomments&post=30075"}],"version-history":[{"count":11,"href":"https:\/\/locomociontv.org\/index.php?rest_route=\/wp\/v2\/posts\/30075\/revisions"}],"predecessor-version":[{"id":30208,"href":"https:\/\/locomociontv.org\/index.php?rest_route=\/wp\/v2\/posts\/30075\/revisions\/30208"}],"wp:featuredmedia":[{"embeddable":true,"href":"https:\/\/locomociontv.org\/index.php?rest_route=\/wp\/v2\/media\/30204"}],"wp:attachment":[{"href":"https:\/\/locomociontv.org\/index.php?rest_route=%2Fwp%2Fv2%2Fmedia&parent=30075"}],"wp:term":[{"taxonomy":"category","embeddable":true,"href":"https:\/\/locomociontv.org\/index.php?rest_route=%2Fwp%2Fv2%2Fcategories&post=30075"},{"taxonomy":"post_tag","embeddable":true,"href":"https:\/\/locomociontv.org\/index.php?rest_route=%2Fwp%2Fv2%2Ftags&post=30075"}],"curies":[{"name":"wp","href":"https:\/\/api.w.org\/{rel}","templated":true}]}}