{"id":29880,"date":"2024-03-15T15:34:50","date_gmt":"2024-03-15T18:34:50","guid":{"rendered":"https:\/\/locomociontv.org\/?p=29880"},"modified":"2024-03-15T22:35:59","modified_gmt":"2024-03-16T01:35:59","slug":"el-camino-al-pacto-de-mayo-informe-1","status":"publish","type":"post","link":"https:\/\/locomociontv.org\/?p=29880","title":{"rendered":"El Camino al Pacto de Mayo (Informe #1)"},"content":{"rendered":"\n<figure class=\"wp-block-embed is-type-video is-provider-youtube wp-block-embed-youtube wp-embed-aspect-16-9 wp-has-aspect-ratio\"><div class=\"wp-block-embed__wrapper\">\n<iframe loading=\"lazy\" title=\"El Camino al Pacto de Mayo (Informe #1)\" width=\"818\" height=\"460\" src=\"https:\/\/www.youtube.com\/embed\/1eJH3XoPY_4?feature=oembed\" frameborder=\"0\" allow=\"accelerometer; autoplay; clipboard-write; encrypted-media; gyroscope; picture-in-picture; web-share\" allowfullscreen><\/iframe>\n<\/div><\/figure>\n\n\n\n<!--nextpage-->\n\n\n\n<h3 class=\"wp-block-heading\">Los primeros pasos:<\/h3>\n\n\n\n<figure class=\"wp-block-image size-large\"><img loading=\"lazy\" decoding=\"async\" width=\"1024\" height=\"574\" src=\"https:\/\/locomociontv.org\/wp-content\/uploads\/2024\/03\/wp-17105378600018720635856750981079-1024x574.jpg\" alt=\"\" class=\"wp-image-30011\" srcset=\"https:\/\/locomociontv.org\/wp-content\/uploads\/2024\/03\/wp-17105378600018720635856750981079-1024x574.jpg 1024w, https:\/\/locomociontv.org\/wp-content\/uploads\/2024\/03\/wp-17105378600018720635856750981079-300x168.jpg 300w, https:\/\/locomociontv.org\/wp-content\/uploads\/2024\/03\/wp-17105378600018720635856750981079-768x430.jpg 768w, https:\/\/locomociontv.org\/wp-content\/uploads\/2024\/03\/wp-17105378600018720635856750981079-1536x861.jpg 1536w, https:\/\/locomociontv.org\/wp-content\/uploads\/2024\/03\/wp-17105378600018720635856750981079.jpg 2000w\" sizes=\"auto, (max-width: 1024px) 100vw, 1024px\" \/><\/figure>\n\n\n\n<p>El 1\u00b0 de marzo, cuando inauguraba las Sesiones Ordinarias del Congreso de la Naci\u00f3n, el Presidente de la Rep\u00fablica, Javier Gerardo Milei lanz\u00f3 su convocatoria a un acuerdo con los gobiernos provinciales de 10 puntos b\u00e1sicos al que denomin\u00f3 &#8220;Pacto de Mayo&#8221;, el que pretende suscribir este pr\u00f3ximo 25 de mayo en la Ciudad de C\u00f3rdoba.<\/p>\n\n\n\n<p>Refr\u00e9squenos la Memoria, Heraldo<\/p>\n\n\n\n<p>Los Diez &#8220;Principios&#8221; del Pacto de Mayo<\/p>\n\n\n\n<ol class=\"wp-block-list\"><li>La inviolabilidad de la propiedad privada.<\/li><li>El equilibrio fiscal innegociable.<\/li><li>La reducci\u00f3n del gasto p\u00fablico a niveles hist\u00f3ricos, en torno al 25% del Producto Bruto Interno.<\/li><li>Una reforma tributaria que reduzca la presi\u00f3n impositiva, simplifique la vida de los argentinos y promueva el comercio.<\/li><li>La rediscusi\u00f3n de la coparticipaci\u00f3n federal de impuestos para terminar para siempre con el modelo extorsivo actual.<\/li><li>Un compromiso de las provincias de avanzar en la explotaci\u00f3n de los recursos naturales del pa\u00eds.<\/li><li>Una reforma laboral moderna que promueva el trabajo formal.<\/li><li>Una reforma previsional que le d\u00e9 sustentabilidad al sistema, respete a quienes aportaron y permita, a quienes prefieran, suscribirse a un sistema privado de jubilaci\u00f3n.<\/li><li>Una reforma pol\u00edtica estructural que modifique el sistema actual y vuelva a alinear los intereses de los representantes y los representados.<\/li><li>La apertura al comercio internacional, de manera que la Argentina vuelva a ser una protagonista del mercado global.<\/li><\/ol>\n\n\n\n<p>Fijada la primera cita para el d\u00eda 8 de marzo, las dos terceras partes de los Gobernadores se expresaron a favor del Pacto, ellos son:<\/p>\n\n\n\n<ul class=\"wp-block-list\"><li>Gustavo S\u00e1enz (Salta)<\/li><li>Carlos Sadir (Jujuy)<\/li><li>Hugo Passalaqua (Misiones)<\/li><li>Ra\u00fal Jalil (Catamarca)<\/li><li>Osvaldo Jaldo (Tucum\u00e1n)<\/li><li>Rogelio Frigerio (Entre R\u00edos)<\/li><li>Maximiliano Pullaro (Santa Fe)<\/li><li>Mart\u00edn Llaryora (C\u00f3rdoba)<\/li><li>Jorge Macri (CABA)<\/li><li>Ignacio Torres (Chubut)<\/li><li>Marcelo Orrego (San Juan)<\/li><li>Alfredo Cornejo (Mendoza)<\/li><li>Leandro Zdero (Chaco)<\/li><li>Claudio Poggi (San Luis)<\/li><li>Rolando Figueroa (Neuqu\u00e9n)<\/li><li>Gustavo Vald\u00e9s (Corrientes)<\/li><\/ul>\n\n\n\n<p>Decididamente en contra se expresaron tres gobernadores:<\/p>\n\n\n\n<ul class=\"wp-block-list\"><li>Axel Kicillof (Buenos Aires)<\/li><li>Sergio Ziliotto (La Pampa)<\/li><li>Ricardo Quintela (La Rioja)<\/li><\/ul>\n\n\n\n<p>A\u00fan indecisos se encuentran cinco gobernadores;<\/p>\n\n\n\n<ul class=\"wp-block-list\"><li>Gildo Insfr\u00e1n (Formosa)<\/li><li>Alberto Weretilneck (R\u00edo Negro)<\/li><li>Claudio Vidal (Santa Cruz)<\/li><li>Gerardo Zamora (Santiago del Estero)<\/li><li>Gustavo Melella (Tierra del Fuego)<\/li><\/ul>\n\n\n\n<!--nextpage-->\n\n\n\n<h3 class=\"wp-block-heading\">08\/03\/2024 &#8211; Primera reuni\u00f3n en la Casa Rosada<\/h3>\n\n\n\n<figure class=\"wp-block-image size-large\"><img loading=\"lazy\" decoding=\"async\" width=\"1024\" height=\"574\" src=\"https:\/\/locomociontv.org\/wp-content\/uploads\/2024\/03\/wp-17105384779092179312413190474610-1024x574.jpg\" alt=\"\" class=\"wp-image-30014\" srcset=\"https:\/\/locomociontv.org\/wp-content\/uploads\/2024\/03\/wp-17105384779092179312413190474610-1024x574.jpg 1024w, https:\/\/locomociontv.org\/wp-content\/uploads\/2024\/03\/wp-17105384779092179312413190474610-300x168.jpg 300w, https:\/\/locomociontv.org\/wp-content\/uploads\/2024\/03\/wp-17105384779092179312413190474610-768x430.jpg 768w, https:\/\/locomociontv.org\/wp-content\/uploads\/2024\/03\/wp-17105384779092179312413190474610-1536x861.jpg 1536w, https:\/\/locomociontv.org\/wp-content\/uploads\/2024\/03\/wp-17105384779092179312413190474610.jpg 2000w\" sizes=\"auto, (max-width: 1024px) 100vw, 1024px\" \/><\/figure>\n\n\n\n<p>Las Gobiernos de las 23 provincias y el de la Ciudad Aut\u00f3noma de Buenos Aires participaron el viernes 8 de marzo de la reuni\u00f3n con vistas al llamado Pacto de Mayo a la que fueron convocados por el Gobierno Nacional.<\/p>\n\n\n\n<p>La reuni\u00f3n (que dur\u00f3 cuatro horas) fue definida por el propio gobierno como &#8220;extensa y productiva y en ella los gobernadores plantearon sus posicionamientos y que sobre todo, y ante todo, su inter\u00e9s es que les &#8220;devuelvan&#8221; el dinero que cada uno exige y acusa que le ha sido birlado.<\/p>\n\n\n\n<p>Es decir un primer avance hacia la nada misma. Al momento solamente parece ser una zanahoria del Gobierno de Milei para ganar tiempo, al menos hasta mayo. <\/p>\n\n\n\n<!--nextpage-->\n\n\n\n<h3 class=\"wp-block-heading\">14\/03\/2024 &#8211; Se cae el DNU en el Senado y el Presidente amenaza acabar con el Pacto de Mayo <\/h3>\n\n\n\n<figure class=\"wp-block-image size-large\"><img loading=\"lazy\" decoding=\"async\" width=\"1024\" height=\"574\" src=\"https:\/\/locomociontv.org\/wp-content\/uploads\/2024\/03\/wp-17105428401273522358907277188752-1024x574.jpg\" alt=\"\" class=\"wp-image-30015\" srcset=\"https:\/\/locomociontv.org\/wp-content\/uploads\/2024\/03\/wp-17105428401273522358907277188752-1024x574.jpg 1024w, https:\/\/locomociontv.org\/wp-content\/uploads\/2024\/03\/wp-17105428401273522358907277188752-300x168.jpg 300w, https:\/\/locomociontv.org\/wp-content\/uploads\/2024\/03\/wp-17105428401273522358907277188752-768x430.jpg 768w, https:\/\/locomociontv.org\/wp-content\/uploads\/2024\/03\/wp-17105428401273522358907277188752-1536x861.jpg 1536w, https:\/\/locomociontv.org\/wp-content\/uploads\/2024\/03\/wp-17105428401273522358907277188752.jpg 2000w\" sizes=\"auto, (max-width: 1024px) 100vw, 1024px\" \/><\/figure>\n\n\n\n<p>En el Senado de la Naci\u00f3n la oposici\u00f3n logra sesionar y rechazar el Mega DNU de Javier Milei , algo que sabemos nuestro Presidente no tolera ni lo har\u00e1 nunca. El ni\u00f1o caprichoso recibi\u00f3 un NO como respuesta al DNU que quiso colar como fuera y ahora amenaza con hacer caer el &#8220;Pacto de Mayo&#8221; que a dos semanas de lanzado ya huele mal. <\/p>\n\n\n\n<p>El Heraldo Furioso dar\u00e1 lectura a la comunicaci\u00f3n que sac\u00f3 el Presidente, que ratifica en todos sus t\u00e9rminos lo que dijimos antes.<\/p>\n\n\n\n<p>\u00a1Adelante, Heraldo!<\/p>\n\n\n\n<figure class=\"wp-block-image size-large\"><img loading=\"lazy\" decoding=\"async\" width=\"1024\" height=\"573\" src=\"https:\/\/locomociontv.org\/wp-content\/uploads\/2024\/03\/Imagen-de-WhatsApp-2024-03-15-a-las-20.15.42_85c29664-1024x573.jpg\" alt=\"\" class=\"wp-image-30018\" srcset=\"https:\/\/locomociontv.org\/wp-content\/uploads\/2024\/03\/Imagen-de-WhatsApp-2024-03-15-a-las-20.15.42_85c29664-1024x573.jpg 1024w, https:\/\/locomociontv.org\/wp-content\/uploads\/2024\/03\/Imagen-de-WhatsApp-2024-03-15-a-las-20.15.42_85c29664-300x168.jpg 300w, https:\/\/locomociontv.org\/wp-content\/uploads\/2024\/03\/Imagen-de-WhatsApp-2024-03-15-a-las-20.15.42_85c29664-768x430.jpg 768w, https:\/\/locomociontv.org\/wp-content\/uploads\/2024\/03\/Imagen-de-WhatsApp-2024-03-15-a-las-20.15.42_85c29664-1536x860.jpg 1536w, https:\/\/locomociontv.org\/wp-content\/uploads\/2024\/03\/Imagen-de-WhatsApp-2024-03-15-a-las-20.15.42_85c29664.jpg 1600w\" sizes=\"auto, (max-width: 1024px) 100vw, 1024px\" \/><\/figure>\n\n\n\n<p><strong><em>&#8220;El d\u00eda primero de marzo de 2024, el Presidente de la Naci\u00f3n extendi\u00f3 una invitaci\u00f3n, en un acontecimiento hist\u00f3rico sin precedentes, a todos los integrantes de la dirigencia pol\u00edtica, sin distinci\u00f3n partidaria, para firmar el Pacto de Mayo. Este pacto constituye un acuerdo fundacional destinado a establecer diez pol\u00edticas de Estado que permitan edificar un nuevo orden econ\u00f3mico, rescatando a Argentina de la senda del fracaso y reinsert\u00e1ndola en el camino necesario para volver a ser una potencia mundial.<br>Este acuerdo, largamente demandado por la clase pol\u00edtica durante d\u00e9cadas pero que nadie ha osado convocar, requiere necesariamente de la buena voluntad de todos los sectores de la vida pol\u00edtica nacional.<br>Lo acontecido hoy en la C\u00e1mara de Senadores de la Naci\u00f3n atenta contra la convocatoria del Presidente. La misma C\u00e1mara que ha habilitado casi 500 Decretos de Necesidad y Urgencia del kirchnerismo, se ha encargado de rechazar el DNU del Presidente Javier Milei a solo 3 meses de su asunci\u00f3n. Resulta imposible interpretar esta decisi\u00f3n de otra manera que como un intento de socavar el Pacto de Mayo, el Gobierno Nacional y el cambio elegido por los argentinos.<br>En su discurso acerca del estado de la Naci\u00f3n, el Presidente plante\u00f3 dos alternativas: el acuerdo o la confrontaci\u00f3n. Ha llegado el momento de que la clase pol\u00edtica decida de qu\u00e9 lado de la historia quiere quedar&#8221;.<\/em><\/strong><\/p>\n\n\n\n<p>Se lo vienen advirtiendo, pero no entiende. No siempre se puede hacer lo que se quiere, ni a\u00fan en la farsa  que es nuestro sistema presidencialista, el que es cuasi mon\u00e1rquico. Est\u00e1 equivocando la v\u00eda o quiso tomar por imb\u00e9ciles a les gobernadores y ambas teor\u00edas son posibles. Por ahora, depende de que les gobernadores no se cansen de sus \u00ednfulas y patoteadas y ya viene abusando de eso con sus berrinches. <\/p>\n<p>Visits: 0<\/p>","protected":false},"excerpt":{"rendered":"<p>Visits: 0<\/p>\n","protected":false},"author":1,"featured_media":30011,"comment_status":"open","ping_status":"open","sticky":false,"template":"","format":"video","meta":{"footnotes":""},"categories":[1],"tags":[],"class_list":["post-29880","post","type-post","status-publish","format-video","has-post-thumbnail","hentry","category-sin-categoria","post_format-post-format-video","post-dark","post-wide","has-post-thumb"],"_links":{"self":[{"href":"https:\/\/locomociontv.org\/index.php?rest_route=\/wp\/v2\/posts\/29880","targetHints":{"allow":["GET"]}}],"collection":[{"href":"https:\/\/locomociontv.org\/index.php?rest_route=\/wp\/v2\/posts"}],"about":[{"href":"https:\/\/locomociontv.org\/index.php?rest_route=\/wp\/v2\/types\/post"}],"author":[{"embeddable":true,"href":"https:\/\/locomociontv.org\/index.php?rest_route=\/wp\/v2\/users\/1"}],"replies":[{"embeddable":true,"href":"https:\/\/locomociontv.org\/index.php?rest_route=%2Fwp%2Fv2%2Fcomments&post=29880"}],"version-history":[{"count":12,"href":"https:\/\/locomociontv.org\/index.php?rest_route=\/wp\/v2\/posts\/29880\/revisions"}],"predecessor-version":[{"id":30021,"href":"https:\/\/locomociontv.org\/index.php?rest_route=\/wp\/v2\/posts\/29880\/revisions\/30021"}],"wp:featuredmedia":[{"embeddable":true,"href":"https:\/\/locomociontv.org\/index.php?rest_route=\/wp\/v2\/media\/30011"}],"wp:attachment":[{"href":"https:\/\/locomociontv.org\/index.php?rest_route=%2Fwp%2Fv2%2Fmedia&parent=29880"}],"wp:term":[{"taxonomy":"category","embeddable":true,"href":"https:\/\/locomociontv.org\/index.php?rest_route=%2Fwp%2Fv2%2Fcategories&post=29880"},{"taxonomy":"post_tag","embeddable":true,"href":"https:\/\/locomociontv.org\/index.php?rest_route=%2Fwp%2Fv2%2Ftags&post=29880"}],"curies":[{"name":"wp","href":"https:\/\/api.w.org\/{rel}","templated":true}]}}