{"id":29869,"date":"2024-03-16T14:15:00","date_gmt":"2024-03-16T17:15:00","guid":{"rendered":"https:\/\/locomociontv.org\/?p=29869"},"modified":"2024-03-17T01:03:06","modified_gmt":"2024-03-17T04:03:06","slug":"narcos-vs-el-estado-en-rosario-negocios-que-siempre-paga-el-pueblo-con-su-vida","status":"publish","type":"post","link":"https:\/\/locomociontv.org\/?p=29869","title":{"rendered":"Narcos vs. el Estado en Rosario: negocios que siempre paga el pueblo con su vida"},"content":{"rendered":"\n<figure class=\"wp-block-embed is-type-video is-provider-youtube wp-block-embed-youtube wp-embed-aspect-16-9 wp-has-aspect-ratio\"><div class=\"wp-block-embed__wrapper\">\n<iframe loading=\"lazy\" title=\"Narcos vs. el Estado en Rosario: negocios que siempre paga el pueblo con su vida\" width=\"818\" height=\"460\" src=\"https:\/\/www.youtube.com\/embed\/3gAzDcuGrbo?feature=oembed\" frameborder=\"0\" allow=\"accelerometer; autoplay; clipboard-write; encrypted-media; gyroscope; picture-in-picture; web-share\" allowfullscreen><\/iframe>\n<\/div><\/figure>\n\n\n\n<!--nextpage-->\n\n\n\n<figure class=\"wp-block-image size-large\"><img loading=\"lazy\" decoding=\"async\" width=\"1024\" height=\"574\" src=\"https:\/\/locomociontv.org\/wp-content\/uploads\/2024\/03\/wp-17106313569902464531392179618090-1024x574.png\" alt=\"\" class=\"wp-image-30034\" srcset=\"https:\/\/locomociontv.org\/wp-content\/uploads\/2024\/03\/wp-17106313569902464531392179618090-1024x574.png 1024w, https:\/\/locomociontv.org\/wp-content\/uploads\/2024\/03\/wp-17106313569902464531392179618090-300x168.png 300w, https:\/\/locomociontv.org\/wp-content\/uploads\/2024\/03\/wp-17106313569902464531392179618090-768x430.png 768w, https:\/\/locomociontv.org\/wp-content\/uploads\/2024\/03\/wp-17106313569902464531392179618090-1536x861.png 1536w, https:\/\/locomociontv.org\/wp-content\/uploads\/2024\/03\/wp-17106313569902464531392179618090.png 2000w\" sizes=\"auto, (max-width: 1024px) 100vw, 1024px\" \/><\/figure>\n\n\n\n<p>Durante la jornada del D\u00eda Internacional de la Mujer, el Gobierno anunci\u00f3 un Comit\u00e9 de Crisis por la violencia del narco en Rosario. En los \u00faltimos d\u00edas creci\u00f3 a niveles insoportables, a trav\u00e9s de asesinatos al azar, cobr\u00e1ndose la vida de trabajadores nocturnos e imponiendo a la sociedad civil un aut\u00e9ntico Estado de Sitio por el terror. El Comit\u00e9 ser\u00e1 presidido por la Ministra de Seguridad de la Naci\u00f3n, Patricia Bullrich, y por el Gobernador de la Provincia de Santa Fe, Maximiliano Pullaro.<\/p>\n\n\n\n<p>Seg\u00fan aseguran las amenazas, dejadas junto a los cuerpos de los asesinados, aseguraban que mientras Pullaro siguiera con las medidas de endurecer la prisi\u00f3n de los narcos, ellos seguir\u00edan con la violencia criminal hasta que pare. Como en todo conflicto entre bandas criminales como el Estado y el Narco, todas las v\u00edctimas ser\u00e1n inocentes, ya que entre bueyes no hay cornadas. Sintetizando, los conflictos de negocios del Kapital los paga siempre el pueblo y lo de Rosario no es ni ser\u00e1 la excepci\u00f3n.<\/p>\n\n\n\n<!--nextpage-->\n\n\n\n<h3 class=\"wp-block-heading\">05\/03\/2024 &#8211; El Or\u00edgen: requisas de Pullaro jugando a ser Bukele<\/h3>\n\n\n\n<figure class=\"wp-block-image size-large\"><img loading=\"lazy\" decoding=\"async\" width=\"1024\" height=\"574\" src=\"https:\/\/locomociontv.org\/wp-content\/uploads\/2024\/03\/wp-17106302557298861962530489879521-1024x574.jpg\" alt=\"\" class=\"wp-image-30033\" srcset=\"https:\/\/locomociontv.org\/wp-content\/uploads\/2024\/03\/wp-17106302557298861962530489879521-1024x574.jpg 1024w, https:\/\/locomociontv.org\/wp-content\/uploads\/2024\/03\/wp-17106302557298861962530489879521-300x168.jpg 300w, https:\/\/locomociontv.org\/wp-content\/uploads\/2024\/03\/wp-17106302557298861962530489879521-768x430.jpg 768w, https:\/\/locomociontv.org\/wp-content\/uploads\/2024\/03\/wp-17106302557298861962530489879521-1536x861.jpg 1536w, https:\/\/locomociontv.org\/wp-content\/uploads\/2024\/03\/wp-17106302557298861962530489879521.jpg 2000w\" sizes=\"auto, (max-width: 1024px) 100vw, 1024px\" \/><\/figure>\n\n\n\n<p>Lo que explot\u00f3 o deton\u00f3 la actual crisis de violencia narco en Rosario fue el propagandazo del Gobernador Maximiliano Pullaro a hacer requisas sorpresivas en medio de la madrugada en las c\u00e1rceles de Rosario, sac\u00e1ndose fotitos en medio de esa actividad impresentable y jugando a ser Bukele. La barbaridad es una constante que tienen tanto el PRO como La Libertad Avanza, van a seguir haciendo de la violencia del Estado un estandarte y el actual Presidente de El Salvador es su modelo. Al parecer para esta gente es popular ese tipo de conductas inhumanas como si las consecuencias de las mismas las pagaran qui\u00e9nes resuelven tenerlas. No, siempre termina pagando el Pueblo, que deber\u00e1 soportar una ola de inusitada violencia de los narcos en las noches y contra los trabajadores, nunca contra el Estado directamente que es su socio. <\/p>\n\n\n\n<p>Simplemente hablamos de la irresponsabilidad de les pol\u00edtiques tomando medidas para la tribuna, de ninguna manera creemos que el narco (que no es m\u00e1s que el Kapital por otros medios) est\u00e9 habilitado a tomar ning\u00fan tipo de represalia y mucho menos de la salvajada de matar civiles inocentes. No son santos, no son benefactores, son un Estado paralelo y, por lo tanto, son una asociaci\u00f3n il\u00edcita con fines de lucro, enemigues y verdugues del pueblo. El Narco es otra m\u00e1s de las unidades de negocio del kapitalismo y poco tienen que ver con el Socialismo al que los se\u00f1ores detentadores de la fuerza p\u00fablica acusan de todo en su af\u00e1n de justificar la desverg\u00fcenza e hipocres\u00eda del mismo Estado capitalista.<\/p>\n\n\n\n<!--nextpage-->\n\n\n\n<h2 class=\"wp-block-heading\">Respuestas Narco y Operativo Clamor por las Fuerzas Armadas<\/h2>\n\n\n\n<figure class=\"wp-block-image size-large\"><img loading=\"lazy\" decoding=\"async\" width=\"1024\" height=\"574\" src=\"https:\/\/locomociontv.org\/wp-content\/uploads\/2024\/03\/wp-17106329711483923350051368177078-1024x574.jpg\" alt=\"\" class=\"wp-image-30036\" srcset=\"https:\/\/locomociontv.org\/wp-content\/uploads\/2024\/03\/wp-17106329711483923350051368177078-1024x574.jpg 1024w, https:\/\/locomociontv.org\/wp-content\/uploads\/2024\/03\/wp-17106329711483923350051368177078-300x168.jpg 300w, https:\/\/locomociontv.org\/wp-content\/uploads\/2024\/03\/wp-17106329711483923350051368177078-768x430.jpg 768w, https:\/\/locomociontv.org\/wp-content\/uploads\/2024\/03\/wp-17106329711483923350051368177078-1536x861.jpg 1536w, https:\/\/locomociontv.org\/wp-content\/uploads\/2024\/03\/wp-17106329711483923350051368177078.jpg 2000w\" sizes=\"auto, (max-width: 1024px) 100vw, 1024px\" \/><\/figure>\n\n\n\n<p>La respuesta de los Narcos a la burrada del Gobernador Maximiliano Pullaro no se hizo esperar y comenzaron los asesinatos a diversos trabajadores nocturnos rosarinos con inusual desidia y desparpajo criminales. En cada caso, al lado del cuerpo dejaban una nota en papel en la que aseguraban que seguir\u00edan matando inocentes mientras sigan hostigando a los llamados presos de &#8220;alto perfil&#8221;.<\/p>\n\n\n\n<p>En especial, en el caso del asesinato del playero, adem\u00e1s de la ferocidad y desinter\u00e9s con el que acaban con su vida, dejaron una nota escalofriante que aseguraba futuros de m\u00e1s violencia a\u00fan.<\/p>\n\n\n\n<p>El Heraldo dar\u00e1 lectura al texto de la nota:<\/p>\n\n\n\n<p><strong><em>\u201cEsta guerra no es por territorio. Es contra Pullaro y Cococcioni. As\u00ed como nosotros llegamos a 300 muertos, estando unidos vamos a matar m\u00e1s inocentes por a\u00f1o. <\/em><\/strong><\/p>\n\n\n\n<p><strong><em>No queremos celulares, queremos nuestros derechos, ver a nuestros hijos y familias y que se respeten. No queremos negociar nada, queremos nuestros derechos. \u00c9sto para todos los presos, pabellones y c\u00e1rcel. <\/em><\/strong><\/p>\n\n\n\n<p><strong><em>Basta de seguir humillando con la familia. <\/em><\/strong><\/p>\n\n\n\n<p><strong><em>Pullaro y Cococcioni, carguen con muertes inocentes\u201d<\/em><\/strong>.<\/p>\n\n\n\n<p>La gente comienza a tomar partido, sus vidas militarizadas por el Estado, cuyos referentes siguen exigiendo que las Fuerzas Armadas intervengan en este conflicto a como d\u00e9 lugar. Pullaro, en vez de explicar su accionar claramente violatorio de los Derechos Humanos que, aunque ni \u00e9l ni Patricia Bullrich lo sepan tienen rango constitucional, se dedica junto con su por unos d\u00edas socia a fogonear un Operativo Clamor para que el Ej\u00e9rcito tambi\u00e9n pueda invadir Rosario, haciendo a\u00fan m\u00e1s miserable las vida de sus ya muy sufrides ciudadanes.<\/p>\n\n\n\n<!--nextpage-->\n\n\n\n<h3 class=\"wp-block-heading\">11\/03\/2024 &#8211; Llegan las tropas federales a Rosario<\/h3>\n\n\n\n<figure class=\"wp-block-image size-large\"><img loading=\"lazy\" decoding=\"async\" width=\"1024\" height=\"574\" src=\"https:\/\/locomociontv.org\/wp-content\/uploads\/2024\/03\/wp-17106348139424888798452730888092-1024x574.jpg\" alt=\"\" class=\"wp-image-30037\" srcset=\"https:\/\/locomociontv.org\/wp-content\/uploads\/2024\/03\/wp-17106348139424888798452730888092-1024x574.jpg 1024w, https:\/\/locomociontv.org\/wp-content\/uploads\/2024\/03\/wp-17106348139424888798452730888092-300x168.jpg 300w, https:\/\/locomociontv.org\/wp-content\/uploads\/2024\/03\/wp-17106348139424888798452730888092-768x430.jpg 768w, https:\/\/locomociontv.org\/wp-content\/uploads\/2024\/03\/wp-17106348139424888798452730888092-1536x861.jpg 1536w, https:\/\/locomociontv.org\/wp-content\/uploads\/2024\/03\/wp-17106348139424888798452730888092.jpg 2000w\" sizes=\"auto, (max-width: 1024px) 100vw, 1024px\" \/><\/figure>\n\n\n\n<p>Mientras Pullaro y Bullrich insisten en que con m\u00e1s violencia y haciendo actuar al Ej\u00e9rcito en la cuesti\u00f3n vencer\u00e1n al Narco, no se ve que tengan un m\u00ednimo plan de acci\u00f3n, que no sea saturar de fuerzas de seguridad la Ciudad de Rosario y, a la vez, saturar de vigilancia y violencia a la inmensa mayor\u00eda de honestes y laborioses ciudadanes. \u00bfC\u00f3mo van a golpear al Narco? No lo sabemos, ya que sospechamos que no es ese el plan del poder pol\u00edtico. <\/p>\n\n\n\n<p>La ministra de Seguridad de la Naci\u00f3n  confirm\u00f3 en la ocasi\u00f3n que el Presidente de la Naci\u00f3n, Javier Gerardo Milei, visitar\u00e1 la Ciudad de Rosario en &#8220;las pr\u00f3ximas dos semanas&#8221; y&nbsp;que la presencia del mismo &#8220;busca imprimir la atenci\u00f3n necesaria para abordar la seguridad y combatir el narcotr\u00e1fico&#8221;.<\/p>\n\n\n\n<!--nextpage-->\n\n\n\n<h3 class=\"wp-block-heading\">12\/03\/2024 &#8211; Los Gobernadores apoyan a Santa Fe y Naci\u00f3n contra el Narco<\/h3>\n\n\n\n<figure class=\"wp-block-image size-large\"><img loading=\"lazy\" decoding=\"async\" width=\"1024\" height=\"574\" src=\"https:\/\/locomociontv.org\/wp-content\/uploads\/2024\/03\/wp-17106370755382290919720960245625-1024x574.jpg\" alt=\"\" class=\"wp-image-30040\" srcset=\"https:\/\/locomociontv.org\/wp-content\/uploads\/2024\/03\/wp-17106370755382290919720960245625-1024x574.jpg 1024w, https:\/\/locomociontv.org\/wp-content\/uploads\/2024\/03\/wp-17106370755382290919720960245625-300x168.jpg 300w, https:\/\/locomociontv.org\/wp-content\/uploads\/2024\/03\/wp-17106370755382290919720960245625-768x430.jpg 768w, https:\/\/locomociontv.org\/wp-content\/uploads\/2024\/03\/wp-17106370755382290919720960245625-1536x861.jpg 1536w, https:\/\/locomociontv.org\/wp-content\/uploads\/2024\/03\/wp-17106370755382290919720960245625.jpg 2000w\" sizes=\"auto, (max-width: 1024px) 100vw, 1024px\" \/><\/figure>\n\n\n\n<p>El martes 12 de marzo, a trav\u00e9s de un Comunicado conjunto los Gobernadores de todo el pa\u00eds y el Jefe de Gobierno de la CABA se solidarizaron con Santa Fe en su lucha contra el narco y se comprometieron a hacer efectivas medidas de apoyo m\u00e1s concretas en ese disputa. <\/p>\n\n\n\n<p>A continuaci\u00f3n, el Heraldo Furioso le dar\u00e1 lectura:<\/p>\n\n\n<a href=\"https:\/\/locomociontv.org\/wp-content\/uploads\/2024\/03\/64347.pdf\" class=\"pdfemb-viewer\" style=\"\" data-width=\"max\" data-height=\"max\" data-toolbar=\"bottom\" data-toolbar-fixed=\"off\">64347<\/a>\n\n\n<h3 class=\"has-text-align-center wp-block-heading\">COMUNICADO OFICIAL  <\/h3>\n\n\n\n<h3 class=\"has-text-align-center wp-block-heading\">GOBERNADORES DE LAS PROVINCIAS DE LA REP\u00daBLICA ARGENTINA<\/h3>\n\n\n\n<p class=\"has-text-align-left\"><br>El narcotr\u00e1fico es un problema federal, no porque no corresponda a una jurisdicci\u00f3n provincial sino<br>porque es un problema de todos.<br>En mayor o en menor medida, la Naci\u00f3n en su conjunto est\u00e1 afectada por este fen\u00f3meno que est\u00e1<br>mostrando en Rosario su faceta de violencia y terrorismo y que no reconoce de l\u00edmites ni fronteras,<br>constituy\u00e9ndose en una problem\u00e1tica que -con distintas formas- afecta a todas las jurisdicciones.<br>La gravedad y complejidad de lo que sucede requiere decisiones a la altura de lo que est\u00e1 en juego,<br>que es la disputa por parte de nuestra soberan\u00eda: deciden el Estado y la sociedad o deciden las<br>mafias.<br>Los Gobernadores de las provincias argentinas y el Jefe de Gobierno de la Ciudad Aut\u00f3noma de<br>Buenos Aires expresamos nuestro acompa\u00f1amiento al Gobierno y Pueblo de la provincia de Santa Fe,<br>apoyamos las acciones destinadas a fortalecer tanto la operatividad de las fuerzas de seguridad<br>como la persecusi\u00f3n penal del narcotr\u00e1fico y el terrorismo que vienen llevando adelante los gobiernos<br>provincial y nacional.<br>A su vez, manifestamos nuestra firme decisi\u00f3n de cooperar activamente con Santa Fe en esta<br>emergencia.<br>Todos somos Santa Fe.<br>Alfredo Cornejo (Mendoza)<br>Rolando Figueroa (Neuqu\u00e9n)<br>Rogelio Frigerio (Entre R\u00edos)<br>Gildo Insfran (Formosa)<br>Osvaldo Jaldo (Tucum\u00e1n)<br>Ra\u00fal Jalil (Catamarca)<br>Axel Kicilloff (Buenos Aires)<br>Mart\u00edn Llaryora (C\u00f3rdoba)<br>Jorge Macri (Ciudad Aut\u00f3noma de Buenos Aires)<br>Gustavo Melella (Tierra del Fuego)<br>Marcelo Orrego (San Juan)<br>Hugo Passalacqua (Misiones)<br>Maximiliano Pullaro (Santa Fe)<br>Claudio Poggi (San Luis)<br>Ricardo Qu\u00edntela (La Rioja)<br>Carlos Sadir (Jujuy)<br>Gustavo Saenz (Salta)<br>Ignacio Torres (Chubut)<br>Gustavo Vald\u00e9s (Corrientes)<br>Claudio Vidal (Santa Cruz)<br>Alberto Weretilneck (Rio Negro)<br>Gerardo Zamora (Santiago del Estero)<br>Leandro Zdero (Chaco)<br>Sergio Ziliotto (La Pampa)<\/p>\n\n\n\n<!--nextpage-->\n\n\n\n<p>12\/03\/2024 &#8211; MILEI QUIERE MILIKOS Y CULPA DE LA ACTUALIDAD A &#8220;LOS SOCIALISTAS&#8221;<\/p>\n\n\n\n<figure class=\"wp-block-image size-large\"><img loading=\"lazy\" decoding=\"async\" width=\"1024\" height=\"580\" src=\"https:\/\/locomociontv.org\/wp-content\/uploads\/2024\/03\/screenshot_20240312_075258_video-maker3643882562947403506.-1024x580.jpg\" alt=\"\" class=\"wp-image-29924\" srcset=\"https:\/\/locomociontv.org\/wp-content\/uploads\/2024\/03\/screenshot_20240312_075258_video-maker3643882562947403506.-1024x580.jpg 1024w, https:\/\/locomociontv.org\/wp-content\/uploads\/2024\/03\/screenshot_20240312_075258_video-maker3643882562947403506.-300x170.jpg 300w, https:\/\/locomociontv.org\/wp-content\/uploads\/2024\/03\/screenshot_20240312_075258_video-maker3643882562947403506.-768x435.jpg 768w, https:\/\/locomociontv.org\/wp-content\/uploads\/2024\/03\/screenshot_20240312_075258_video-maker3643882562947403506..jpg 1056w\" sizes=\"auto, (max-width: 1024px) 100vw, 1024px\" \/><\/figure>\n\n\n\n<p>El Presidente de la Naci\u00f3n, mientras tanto se dedic\u00f3 en el d\u00eda a dar entrevistas y asegurar que el problema de todo es el &#8220;Demonio Socialista&#8221;, ya lleg\u00f3 a los principios del capitalismo fordista y en cualquier momento se muestra tan feudal como es. En cuanto medio pudo colar, insisti\u00f3 con este clich\u00e9 muy suyo y en ver c\u00f3mo hacer entrar en la pelea a las Fuerzas Armadas sin que despu\u00e9s ning\u00fan progre persiga a qui\u00e9n te hizo un favor. <\/p>\n\n\n\n<p>Milei no se esconde detr\u00e1s si no delante de su deseo de que se use impunemente fuerza bruta. <\/p>\n\n\n\n<p>\u00a1Vamos al Informe sobre esta particular y siniestra burrada presidencial! <\/p>\n\n\n\n<figure class=\"wp-block-embed is-type-wp-embed is-provider-locomocion-tv wp-block-embed-locomocion-tv\"><div class=\"wp-block-embed__wrapper\">\n<blockquote class=\"wp-embedded-content\" data-secret=\"h9LVsRkebW\"><a href=\"https:\/\/locomociontv.org\/?p=29923\">La vuelta del eterno &#8220;Demonio Socialista&#8221;<\/a><\/blockquote><iframe loading=\"lazy\" class=\"wp-embedded-content\" sandbox=\"allow-scripts\" security=\"restricted\" style=\"position: absolute; clip: rect(1px, 1px, 1px, 1px);\" title=\"&#8220;La vuelta del eterno &#8220;Demonio Socialista&#8221;&#8221; &#8212; Locomoci\u00f3n TV\" src=\"https:\/\/locomociontv.org\/?p=29923&#038;embed=true#?secret=h9LVsRkebW\" data-secret=\"h9LVsRkebW\" width=\"600\" height=\"338\" frameborder=\"0\" marginwidth=\"0\" marginheight=\"0\" scrolling=\"no\"><\/iframe>\n<\/div><\/figure>\n\n\n\n<!--nextpage-->\n\n\n\n<h3 class=\"wp-block-heading\">14\/03\/2024 &#8211; Crean la Unidad Antimafia<\/h3>\n\n\n\n<figure class=\"wp-block-image size-large\"><img loading=\"lazy\" decoding=\"async\" width=\"1024\" height=\"574\" src=\"https:\/\/locomociontv.org\/wp-content\/uploads\/2024\/03\/wp-17106400046134662037481755337822-1024x574.png\" alt=\"\" class=\"wp-image-30046\" srcset=\"https:\/\/locomociontv.org\/wp-content\/uploads\/2024\/03\/wp-17106400046134662037481755337822-1024x574.png 1024w, https:\/\/locomociontv.org\/wp-content\/uploads\/2024\/03\/wp-17106400046134662037481755337822-300x168.png 300w, https:\/\/locomociontv.org\/wp-content\/uploads\/2024\/03\/wp-17106400046134662037481755337822-768x430.png 768w, https:\/\/locomociontv.org\/wp-content\/uploads\/2024\/03\/wp-17106400046134662037481755337822-1536x861.png 1536w, https:\/\/locomociontv.org\/wp-content\/uploads\/2024\/03\/wp-17106400046134662037481755337822.png 2000w\" sizes=\"auto, (max-width: 1024px) 100vw, 1024px\" \/><figcaption>La Ministra de Seguridad de la Naci\u00f3n, Patricia Bullrich, anunci\u00f3 el jueves 14 de marzo la creaci\u00f3n de una Unidad Antimafia que estar\u00e1 bajo la \u00f3rbita de la Secretar\u00eda de Lucha Contra el Narco y la Criminalidad Organizada. <br>Seg\u00fan dice el comunicado del Ministerio, \u201cSe crea la \u2018UNIDAD ANTIMAFIA\u2019 con el objeto de promover un abordaje integral y multiagencial en el combate del crimen organizado mafioso\u201d, y agrega: \u201cDicha UNIDAD contar\u00e1 con un Grupo Especial de Investigaciones Antimafia (GEIA) y una Mesa De Evaluaci\u00f3n de la Criminalidad Organizada de la Acci\u00f3n Mafiosa (MECOAM) con la finalidad de fortalecer las acciones y estrategias de prevenci\u00f3n e investigaci\u00f3n\u201d.<\/figcaption><\/figure>\n\n\n\n<p>La <a rel=\"noreferrer noopener\" href=\"https:\/\/www.boletinoficial.gob.ar\/detalleAviso\/primera\/304792\/20240315\" target=\"_blank\">Resoluci\u00f3n 134\/2024<\/a>, publicada en el Bolet\u00edn Oficial el d\u00eda 15 de marzo, nos huele m\u00e1s a una burocracia de la Crisis que a una propuesta seria para combatir al Narco. <\/p>\n\n\n\n<p>Al parecer, todes quieren aparecer en la foto de esta pelea, tanto que hasta el mismo Axel Kicillof que vive reclam\u00e1ndole al pa\u00eds plata para sus propias fuerzas represivas le envi\u00f3 a Rosario 80 patrulleros para lo que sea menester. <\/p>\n\n\n\n<p>Nunca somos optimistas, Estado y Narco siempre terminan acordando y la Justicia para los muertos del Pueblo jam\u00e1s llega. <\/p>\n<p>Visits: 5<\/p>","protected":false},"excerpt":{"rendered":"<p>Visits: 5<\/p>\n","protected":false},"author":1,"featured_media":30034,"comment_status":"open","ping_status":"open","sticky":false,"template":"","format":"video","meta":{"footnotes":""},"categories":[1],"tags":[],"class_list":["post-29869","post","type-post","status-publish","format-video","has-post-thumbnail","hentry","category-sin-categoria","post_format-post-format-video","post-dark","post-wide","has-post-thumb"],"_links":{"self":[{"href":"https:\/\/locomociontv.org\/index.php?rest_route=\/wp\/v2\/posts\/29869","targetHints":{"allow":["GET"]}}],"collection":[{"href":"https:\/\/locomociontv.org\/index.php?rest_route=\/wp\/v2\/posts"}],"about":[{"href":"https:\/\/locomociontv.org\/index.php?rest_route=\/wp\/v2\/types\/post"}],"author":[{"embeddable":true,"href":"https:\/\/locomociontv.org\/index.php?rest_route=\/wp\/v2\/users\/1"}],"replies":[{"embeddable":true,"href":"https:\/\/locomociontv.org\/index.php?rest_route=%2Fwp%2Fv2%2Fcomments&post=29869"}],"version-history":[{"count":28,"href":"https:\/\/locomociontv.org\/index.php?rest_route=\/wp\/v2\/posts\/29869\/revisions"}],"predecessor-version":[{"id":30052,"href":"https:\/\/locomociontv.org\/index.php?rest_route=\/wp\/v2\/posts\/29869\/revisions\/30052"}],"wp:featuredmedia":[{"embeddable":true,"href":"https:\/\/locomociontv.org\/index.php?rest_route=\/wp\/v2\/media\/30034"}],"wp:attachment":[{"href":"https:\/\/locomociontv.org\/index.php?rest_route=%2Fwp%2Fv2%2Fmedia&parent=29869"}],"wp:term":[{"taxonomy":"category","embeddable":true,"href":"https:\/\/locomociontv.org\/index.php?rest_route=%2Fwp%2Fv2%2Fcategories&post=29869"},{"taxonomy":"post_tag","embeddable":true,"href":"https:\/\/locomociontv.org\/index.php?rest_route=%2Fwp%2Fv2%2Ftags&post=29869"}],"curies":[{"name":"wp","href":"https:\/\/api.w.org\/{rel}","templated":true}]}}