{"id":29840,"date":"2024-03-07T15:19:38","date_gmt":"2024-03-07T18:19:38","guid":{"rendered":"https:\/\/locomociontv.org\/?p=29840"},"modified":"2024-03-12T01:34:03","modified_gmt":"2024-03-12T04:34:03","slug":"alberto-fernandez-tengo-la-tranquilidad-de-que-no-he-cometido-ningun-hecho-indebido","status":"publish","type":"post","link":"https:\/\/locomociontv.org\/?p=29840","title":{"rendered":"Alberto Fern\u00e1ndez: \u201cTengo la tranquilidad de que no he cometido ning\u00fan hecho indebido\u201d"},"content":{"rendered":"\n<figure class=\"wp-block-embed is-type-video is-provider-youtube wp-block-embed-youtube wp-embed-aspect-16-9 wp-has-aspect-ratio\"><div class=\"wp-block-embed__wrapper\">\n<iframe loading=\"lazy\" title=\"Alberto Fern\u00e1ndez: \u201cTengo la tranquilidad de que no he cometido ning\u00fan hecho indebido\u201d\" width=\"818\" height=\"460\" src=\"https:\/\/www.youtube.com\/embed\/FPuMJZdbCrI?feature=oembed\" frameborder=\"0\" allow=\"accelerometer; autoplay; clipboard-write; encrypted-media; gyroscope; picture-in-picture; web-share\" allowfullscreen><\/iframe>\n<\/div><\/figure>\n\n\n\n<!--nextpage-->\n\n\n\n<p>El Ex-Presidente de la Naci\u00f3n, Dr. Alberto \u00c1ngel Fern\u00e1ndez, en una entrevista con el medio mexicano Milenio sali\u00f3 a defenderse de las denuncias que pesan por el esc\u00e1ndalo de los seguros. Habl\u00f3 de miserias de la pol\u00edtica, justo \u00e9l que andaba de fiesta mientras encerraba, reprim\u00eda arbitrariamente y desaparec\u00eda gente siguiendo sus estrictas \u00f3rdenes. <\/p>\n\n\n\n<p>El ex mandatario dijo \u201cTengo la tranquilidad de que no he cometido ning\u00fan hecho indebido\u201d. Imposible creerle, pero lo intenta siempre. <\/p>\n\n\n\n<p>\u00a1Vamos a las im\u00e1genes!<\/p>\n\n\n\n<figure class=\"wp-block-video\"><video height=\"360\" style=\"aspect-ratio: 640 \/ 360;\" width=\"640\" controls poster=\"https:\/\/locomociontv.org\/wp-content\/uploads\/2024\/03\/wp-17102164565272517608504372607734.jpg\" src=\"https:\/\/locomociontv.org\/wp-content\/uploads\/2024\/03\/wSlJ88vL-34105381.mp4\"><\/video><\/figure>\n<p>Visits: 2<\/p>","protected":false},"excerpt":{"rendered":"<p>Visits: 2<\/p>\n","protected":false},"author":1,"featured_media":29911,"comment_status":"open","ping_status":"open","sticky":false,"template":"","format":"video","meta":{"footnotes":""},"categories":[1],"tags":[],"class_list":["post-29840","post","type-post","status-publish","format-video","has-post-thumbnail","hentry","category-sin-categoria","post_format-post-format-video","post-dark","post-wide","has-post-thumb"],"_links":{"self":[{"href":"https:\/\/locomociontv.org\/index.php?rest_route=\/wp\/v2\/posts\/29840","targetHints":{"allow":["GET"]}}],"collection":[{"href":"https:\/\/locomociontv.org\/index.php?rest_route=\/wp\/v2\/posts"}],"about":[{"href":"https:\/\/locomociontv.org\/index.php?rest_route=\/wp\/v2\/types\/post"}],"author":[{"embeddable":true,"href":"https:\/\/locomociontv.org\/index.php?rest_route=\/wp\/v2\/users\/1"}],"replies":[{"embeddable":true,"href":"https:\/\/locomociontv.org\/index.php?rest_route=%2Fwp%2Fv2%2Fcomments&post=29840"}],"version-history":[{"count":4,"href":"https:\/\/locomociontv.org\/index.php?rest_route=\/wp\/v2\/posts\/29840\/revisions"}],"predecessor-version":[{"id":29914,"href":"https:\/\/locomociontv.org\/index.php?rest_route=\/wp\/v2\/posts\/29840\/revisions\/29914"}],"wp:featuredmedia":[{"embeddable":true,"href":"https:\/\/locomociontv.org\/index.php?rest_route=\/wp\/v2\/media\/29911"}],"wp:attachment":[{"href":"https:\/\/locomociontv.org\/index.php?rest_route=%2Fwp%2Fv2%2Fmedia&parent=29840"}],"wp:term":[{"taxonomy":"category","embeddable":true,"href":"https:\/\/locomociontv.org\/index.php?rest_route=%2Fwp%2Fv2%2Fcategories&post=29840"},{"taxonomy":"post_tag","embeddable":true,"href":"https:\/\/locomociontv.org\/index.php?rest_route=%2Fwp%2Fv2%2Ftags&post=29840"}],"curies":[{"name":"wp","href":"https:\/\/api.w.org\/{rel}","templated":true}]}}