{"id":29783,"date":"2024-03-01T18:49:06","date_gmt":"2024-03-01T21:49:06","guid":{"rendered":"https:\/\/locomociontv.org\/?p=29783"},"modified":"2024-03-01T18:49:08","modified_gmt":"2024-03-01T21:49:08","slug":"tu-querido-nombre-javier-milei","status":"publish","type":"post","link":"https:\/\/locomociontv.org\/?p=29783","title":{"rendered":"Tu querido nombre, Javier Milei"},"content":{"rendered":"\n<figure class=\"wp-block-embed is-type-video is-provider-youtube wp-block-embed-youtube wp-embed-aspect-16-9 wp-has-aspect-ratio\"><div class=\"wp-block-embed__wrapper\">\n<iframe loading=\"lazy\" title=\"Tu querido nombre, Javier Milei\" width=\"818\" height=\"460\" src=\"https:\/\/www.youtube.com\/embed\/GMp8gq7S0uw?feature=oembed\" frameborder=\"0\" allow=\"accelerometer; autoplay; clipboard-write; encrypted-media; gyroscope; picture-in-picture; web-share\" allowfullscreen><\/iframe>\n<\/div><figcaption>El NK-POP como se le da a llamar en el mundo a les musiques modernes de Kim Jong Un, que no dejan de ser t\u00edteres de los de arriba, aunque sean talentos\u00edsimos. Sus similitudes con el r\u00e9gimen argentino de Les Chukys de Corea del Norte cada vez se parecen m\u00e1s.<\/figcaption><\/figure>\n<p>Visits: 0<\/p>","protected":false},"excerpt":{"rendered":"<p>Visits: 0<\/p>\n","protected":false},"author":732,"featured_media":29785,"comment_status":"open","ping_status":"open","sticky":false,"template":"","format":"video","meta":{"footnotes":""},"categories":[1],"tags":[],"class_list":["post-29783","post","type-post","status-publish","format-video","has-post-thumbnail","hentry","category-sin-categoria","post_format-post-format-video","post-dark","post-wide","has-post-thumb"],"_links":{"self":[{"href":"https:\/\/locomociontv.org\/index.php?rest_route=\/wp\/v2\/posts\/29783","targetHints":{"allow":["GET"]}}],"collection":[{"href":"https:\/\/locomociontv.org\/index.php?rest_route=\/wp\/v2\/posts"}],"about":[{"href":"https:\/\/locomociontv.org\/index.php?rest_route=\/wp\/v2\/types\/post"}],"author":[{"embeddable":true,"href":"https:\/\/locomociontv.org\/index.php?rest_route=\/wp\/v2\/users\/732"}],"replies":[{"embeddable":true,"href":"https:\/\/locomociontv.org\/index.php?rest_route=%2Fwp%2Fv2%2Fcomments&post=29783"}],"version-history":[{"count":1,"href":"https:\/\/locomociontv.org\/index.php?rest_route=\/wp\/v2\/posts\/29783\/revisions"}],"predecessor-version":[{"id":29784,"href":"https:\/\/locomociontv.org\/index.php?rest_route=\/wp\/v2\/posts\/29783\/revisions\/29784"}],"wp:featuredmedia":[{"embeddable":true,"href":"https:\/\/locomociontv.org\/index.php?rest_route=\/wp\/v2\/media\/29785"}],"wp:attachment":[{"href":"https:\/\/locomociontv.org\/index.php?rest_route=%2Fwp%2Fv2%2Fmedia&parent=29783"}],"wp:term":[{"taxonomy":"category","embeddable":true,"href":"https:\/\/locomociontv.org\/index.php?rest_route=%2Fwp%2Fv2%2Fcategories&post=29783"},{"taxonomy":"post_tag","embeddable":true,"href":"https:\/\/locomociontv.org\/index.php?rest_route=%2Fwp%2Fv2%2Ftags&post=29783"}],"curies":[{"name":"wp","href":"https:\/\/api.w.org\/{rel}","templated":true}]}}