{"id":29757,"date":"2024-02-28T17:31:22","date_gmt":"2024-02-28T20:31:22","guid":{"rendered":"https:\/\/locomociontv.org\/?p=29757"},"modified":"2024-02-28T18:31:11","modified_gmt":"2024-02-28T21:31:11","slug":"el-lider-supremo-prohibe-el-lenguaje-inclusivo","status":"publish","type":"post","link":"https:\/\/locomociontv.org\/?p=29757","title":{"rendered":"El L\u00edder Supremo proh\u00edbe el &#8220;lenguaje inclusivo&#8221;"},"content":{"rendered":"\n<p><iframe loading=\"lazy\" title=\"El L\u00edder Supremo proh\u00edbe el &quot;lenguaje inclusivo&quot;\" width=\"818\" height=\"460\" src=\"https:\/\/www.youtube.com\/embed\/_nyfXLToe70?feature=oembed\" frameborder=\"0\" allow=\"accelerometer; autoplay; clipboard-write; encrypted-media; gyroscope; picture-in-picture; web-share\" allowfullscreen><\/iframe><\/p>\n\n\n\n<!--nextpage-->\n\n\n\n<figure class=\"wp-block-image size-large\"><img loading=\"lazy\" decoding=\"async\" width=\"1024\" height=\"574\" src=\"https:\/\/locomociontv.org\/wp-content\/uploads\/2024\/02\/wp-17091521895104642271966143838259-1024x574.png\" alt=\"\" class=\"wp-image-29762\" srcset=\"https:\/\/locomociontv.org\/wp-content\/uploads\/2024\/02\/wp-17091521895104642271966143838259-1024x574.png 1024w, https:\/\/locomociontv.org\/wp-content\/uploads\/2024\/02\/wp-17091521895104642271966143838259-300x168.png 300w, https:\/\/locomociontv.org\/wp-content\/uploads\/2024\/02\/wp-17091521895104642271966143838259-768x430.png 768w, https:\/\/locomociontv.org\/wp-content\/uploads\/2024\/02\/wp-17091521895104642271966143838259-1536x861.png 1536w, https:\/\/locomociontv.org\/wp-content\/uploads\/2024\/02\/wp-17091521895104642271966143838259.png 2000w\" sizes=\"auto, (max-width: 1024px) 100vw, 1024px\" \/><\/figure>\n\n\n\n<p>El Presidente de la Naci\u00f3n, Javier Milei orden\u00f3 prohibir la utilizaci\u00f3n del lenguaje inclusivo en la administraci\u00f3n p\u00fablica. As\u00ed lo comunic\u00f3 el martes 27 el Vocero Presidencial, Manuel Adorni, en el encuentro diario con periodistas en Casa Rosada.<\/p>\n\n\n\n<p>Con una vaguedad sin precedentes el Vocero afirm\u00f3 que &#8220;Se va a proceder a iniciar las actuaciones para prohibir el lenguaje inclusivo y todo lo referente a la perspectiva de g\u00e9nero&#8221;. <\/p>\n\n\n\n<p>De entrada, el hecho de PROHIBIR, s\u00edmbolo de la hipocres\u00eda suprema de la ultraderecha argentina, prometer sanciones a todo aquel que no use un lenguaje discriminatorio: eso es PROHIBIR. And\u00e1 al INADI a reclamar por ello. No, cierto, que estos tipos lo cerraron, por el mismo motivo que aducen ahora para re\u00edrse de la perspectiva de g\u00e9nero: no tienen plata para derechos, s\u00f3lo hay para quien quiera pisotearlos en beneficio personal. Cosa bonita el liberalismo. <\/p>\n\n\n\n<p>Nuevamente unos inmorales consuetudinarios, que ni siquiera saben hablar bien, nos pretenden ense\u00f1ar la moral y las buenas costumbres. Este buen se\u00f1or dice defender la lengua castellana, cuando se ve que de la misma no conoce mucho, algo de lo que adolecen estos mu\u00f1ecos fascistas que sufren de puntuacionitis y abreviaciones inventadas que no figuran la siempre citada y nunca le\u00edda Gram\u00e1tica de la Real Academia Espa\u00f1ola. Otro punto para esto salvajes que no tienen idea de qu\u00e9 hablan y dicen defender. <\/p>\n\n\n\n<p>Lo \u00fanico cierto es que mientras la casta no ha perdido uno solo de sus privilegios, el pueblo debe padecer que este Gobierno diga y haga con ese latiguillo de no pagues los derechos con la m\u00eda. Ellos tienen un negocio detr\u00e1s de cada derecho que cercenan y te lo enmascaran diciendo que los derechos son kioskos de la pol\u00edtica.  <\/p>\n\n\n\n<p>En el colmo de las incongruencias, presentan la cosa como problemas del uso de la E, la X y la arroba. Esperemos que Don Javier Milei lo aclare mejor, pero no s\u00e9 c\u00f3mo van a hacer para terminar con la letra E, con la X y tampoco sabemos que van a poner en las direcciones electr\u00f3nicas del Estado. Hablan de reglamentar lenguajes mientras no saben comunicar nada en lo m\u00e1s m\u00ednimo. \u00bfO ser\u00e1 que lo que comunican es odio y lo est\u00e1n haciendo muy bien?<\/p>\n\n\n\n<p>Lo importante para el Estado argentino es caerle encima a la &#8220;perspectiva de g\u00e9nero&#8221;, m\u00e1s a\u00fan cuando el Vocero &#8220;evitar la innecesaria inclusi\u00f3n de lo femenino en todos los documentos de la administraci\u00f3n p\u00fablica&#8221;. Tienen un problema serio con la inclusi\u00f3n de lo femenino la gente de &#8220;La Libertad Avanza&#8221;.<\/p>\n\n\n\n<p>No nos crean a nosotres, escuchen por ustedes mismes al Vocero Presidencial<\/p>\n\n\n\n<p>\u00a1Vamos a las im\u00e1genes!<\/p>\n\n\n\n<figure class=\"wp-block-video\"><video height=\"478\" style=\"aspect-ratio: 848 \/ 478;\" width=\"848\" controls src=\"https:\/\/locomociontv.org\/wp-content\/uploads\/2024\/02\/manueladorni.mp4\"><\/video><\/figure>\n<p>Visits: 2<\/p>","protected":false},"excerpt":{"rendered":"<p>Visits: 2<\/p>\n","protected":false},"author":732,"featured_media":29762,"comment_status":"open","ping_status":"open","sticky":false,"template":"","format":"video","meta":{"footnotes":""},"categories":[1],"tags":[],"class_list":["post-29757","post","type-post","status-publish","format-video","has-post-thumbnail","hentry","category-sin-categoria","post_format-post-format-video","post-dark","post-wide","has-post-thumb"],"_links":{"self":[{"href":"https:\/\/locomociontv.org\/index.php?rest_route=\/wp\/v2\/posts\/29757","targetHints":{"allow":["GET"]}}],"collection":[{"href":"https:\/\/locomociontv.org\/index.php?rest_route=\/wp\/v2\/posts"}],"about":[{"href":"https:\/\/locomociontv.org\/index.php?rest_route=\/wp\/v2\/types\/post"}],"author":[{"embeddable":true,"href":"https:\/\/locomociontv.org\/index.php?rest_route=\/wp\/v2\/users\/732"}],"replies":[{"embeddable":true,"href":"https:\/\/locomociontv.org\/index.php?rest_route=%2Fwp%2Fv2%2Fcomments&post=29757"}],"version-history":[{"count":5,"href":"https:\/\/locomociontv.org\/index.php?rest_route=\/wp\/v2\/posts\/29757\/revisions"}],"predecessor-version":[{"id":29764,"href":"https:\/\/locomociontv.org\/index.php?rest_route=\/wp\/v2\/posts\/29757\/revisions\/29764"}],"wp:featuredmedia":[{"embeddable":true,"href":"https:\/\/locomociontv.org\/index.php?rest_route=\/wp\/v2\/media\/29762"}],"wp:attachment":[{"href":"https:\/\/locomociontv.org\/index.php?rest_route=%2Fwp%2Fv2%2Fmedia&parent=29757"}],"wp:term":[{"taxonomy":"category","embeddable":true,"href":"https:\/\/locomociontv.org\/index.php?rest_route=%2Fwp%2Fv2%2Fcategories&post=29757"},{"taxonomy":"post_tag","embeddable":true,"href":"https:\/\/locomociontv.org\/index.php?rest_route=%2Fwp%2Fv2%2Ftags&post=29757"}],"curies":[{"name":"wp","href":"https:\/\/api.w.org\/{rel}","templated":true}]}}