{"id":29755,"date":"2024-03-03T15:15:32","date_gmt":"2024-03-03T18:15:32","guid":{"rendered":"https:\/\/locomociontv.org\/?p=29755"},"modified":"2024-03-03T18:19:56","modified_gmt":"2024-03-03T21:19:56","slug":"denuncian-al-ex-presidente-alberto-fernandez-por-malversacion-de-fondos-publicos","status":"publish","type":"post","link":"https:\/\/locomociontv.org\/?p=29755","title":{"rendered":"Imputan al ex-Presidente Alberto Fern\u00e1ndez por malversaci\u00f3n de fondos p\u00fablicos"},"content":{"rendered":"\n<figure class=\"wp-block-embed is-type-video is-provider-youtube wp-block-embed-youtube wp-embed-aspect-16-9 wp-has-aspect-ratio\"><div class=\"wp-block-embed__wrapper\">\n<iframe loading=\"lazy\" title=\"Imputan al Ex-Presidente Alberto Fern\u00e1ndez por malversaci\u00f3n de fondos.\" width=\"818\" height=\"460\" src=\"https:\/\/www.youtube.com\/embed\/TdJQ1OGvJUw?feature=oembed\" frameborder=\"0\" allow=\"accelerometer; autoplay; clipboard-write; encrypted-media; gyroscope; picture-in-picture; web-share\" allowfullscreen><\/iframe>\n<\/div><\/figure>\n\n\n\n<!--nextpage-->\n\n\n\n<figure class=\"wp-block-image size-large\"><img loading=\"lazy\" decoding=\"async\" width=\"1024\" height=\"574\" src=\"https:\/\/locomociontv.org\/wp-content\/uploads\/2024\/03\/wp-17094891911635192101728259977598-1024x574.jpg\" alt=\"\" class=\"wp-image-29802\" srcset=\"https:\/\/locomociontv.org\/wp-content\/uploads\/2024\/03\/wp-17094891911635192101728259977598-1024x574.jpg 1024w, https:\/\/locomociontv.org\/wp-content\/uploads\/2024\/03\/wp-17094891911635192101728259977598-300x168.jpg 300w, https:\/\/locomociontv.org\/wp-content\/uploads\/2024\/03\/wp-17094891911635192101728259977598-768x430.jpg 768w, https:\/\/locomociontv.org\/wp-content\/uploads\/2024\/03\/wp-17094891911635192101728259977598-1536x861.jpg 1536w, https:\/\/locomociontv.org\/wp-content\/uploads\/2024\/03\/wp-17094891911635192101728259977598.jpg 2000w\" sizes=\"auto, (max-width: 1024px) 100vw, 1024px\" \/><\/figure>\n\n\n\n<p>La abogada Silvia Mart\u00ednez denunci\u00f3 al martes 27 de febrero pasado el ex-Presidente de la Naci\u00f3n, Alberto Fern\u00e1ndez por malversaci\u00f3n de caudales p\u00fablicos, junto a al exfuncionario Alberto Pagliano, ex titular de Naci\u00f3n Seguros. Tambi\u00e9n los acusa de violaci\u00f3n a los deberes de funcionario p\u00fablico y abuso de autoridad.<\/p>\n\n\n\n<p>En virtud de ello, el Fiscal Federal Ramiro Gonz\u00e1lez, el jueves 29 de febrero imput\u00f3 al ex-Presidente de la Rep\u00fablica, Alberto Fern\u00e1ndez, al ex Titular de Naci\u00f3n Seguros, Alberto Pagliano, y a H\u00e9ctor Mart\u00ednez Sosa, por el presunto delito de administraci\u00f3n fraudulenta en el caso de los siempre sospechados negociados en la ANSES con la contrataci\u00f3n de seguros para los jubilados que tomaban cr\u00e9ditos y las millonarias comisiones que se pagaron a adl\u00e1teres por la cuesti\u00f3n.<\/p>\n\n\n\n<p>En di\u00e1logo con Radio La Red, Alberto Fern\u00e1ndez denunci\u00f3 que se trata de \u201cuna operaci\u00f3n pol\u00edtica porque me doy cuenta de d\u00f3nde viene\u201d, aunque evit\u00f3 pronunciarse sobre qui\u00e9nes podr\u00edan ser los responsables. \u201cTengo muchas ganas de aclarar esto porque no soy corrupto. Si alg\u00fan funcionario hizo algo que no deb\u00eda que responda, pero el caso de ANSES es un disparate\u201d. <\/p>\n\n\n\n<p>\u201cInventan que yo estoy beneficiando a Mart\u00ednez Sosa. Yo no me qued\u00e9 una goma de borrar del Estado, les pido a todos que entren y miren mi declaraci\u00f3n jurada, si cambi\u00f3 algo y si alguien se benefici\u00f3. Esto no es un acto de corrupci\u00f3n, es todo falso\u201d. <\/p>\n\n\n\n<p>Desde Locomoci\u00f3n TV nos negamos a creerle y creemos que m\u00e1s que exculpatorias estas declaraciones del Fiestero de Olivos no hacen m\u00e1s que condenarlo ante la opini\u00f3n p\u00fablica del pa\u00eds.<\/p>\n<p>Visits: 1<\/p>","protected":false},"excerpt":{"rendered":"<p>Visits: 1<\/p>\n","protected":false},"author":732,"featured_media":29802,"comment_status":"open","ping_status":"open","sticky":false,"template":"","format":"video","meta":{"footnotes":""},"categories":[1],"tags":[],"class_list":["post-29755","post","type-post","status-publish","format-video","has-post-thumbnail","hentry","category-sin-categoria","post_format-post-format-video","post-dark","post-wide","has-post-thumb"],"_links":{"self":[{"href":"https:\/\/locomociontv.org\/index.php?rest_route=\/wp\/v2\/posts\/29755","targetHints":{"allow":["GET"]}}],"collection":[{"href":"https:\/\/locomociontv.org\/index.php?rest_route=\/wp\/v2\/posts"}],"about":[{"href":"https:\/\/locomociontv.org\/index.php?rest_route=\/wp\/v2\/types\/post"}],"author":[{"embeddable":true,"href":"https:\/\/locomociontv.org\/index.php?rest_route=\/wp\/v2\/users\/732"}],"replies":[{"embeddable":true,"href":"https:\/\/locomociontv.org\/index.php?rest_route=%2Fwp%2Fv2%2Fcomments&post=29755"}],"version-history":[{"count":9,"href":"https:\/\/locomociontv.org\/index.php?rest_route=\/wp\/v2\/posts\/29755\/revisions"}],"predecessor-version":[{"id":29812,"href":"https:\/\/locomociontv.org\/index.php?rest_route=\/wp\/v2\/posts\/29755\/revisions\/29812"}],"wp:featuredmedia":[{"embeddable":true,"href":"https:\/\/locomociontv.org\/index.php?rest_route=\/wp\/v2\/media\/29802"}],"wp:attachment":[{"href":"https:\/\/locomociontv.org\/index.php?rest_route=%2Fwp%2Fv2%2Fmedia&parent=29755"}],"wp:term":[{"taxonomy":"category","embeddable":true,"href":"https:\/\/locomociontv.org\/index.php?rest_route=%2Fwp%2Fv2%2Fcategories&post=29755"},{"taxonomy":"post_tag","embeddable":true,"href":"https:\/\/locomociontv.org\/index.php?rest_route=%2Fwp%2Fv2%2Ftags&post=29755"}],"curies":[{"name":"wp","href":"https:\/\/api.w.org\/{rel}","templated":true}]}}