{"id":29581,"date":"2024-02-22T18:38:33","date_gmt":"2024-02-22T21:38:33","guid":{"rendered":"https:\/\/locomociontv.org\/?p=29581"},"modified":"2024-02-22T18:51:54","modified_gmt":"2024-02-22T21:51:54","slug":"javier-milei-se-reunio-en-casa-rosada-con-gina-gopinath-la-numero-dos-del-fmi","status":"publish","type":"post","link":"https:\/\/locomociontv.org\/?p=29581","title":{"rendered":"Javier Milei se reuni\u00f3 en la Casa Rosada con representante del FMI"},"content":{"rendered":"\n<p><iframe loading=\"lazy\" title=\"Javier Milei se reuni\u00f3 en la Casa Rosada con representante del FMI\" width=\"818\" height=\"460\" src=\"https:\/\/www.youtube.com\/embed\/w-OGeL7313o?feature=oembed\" frameborder=\"0\" allow=\"accelerometer; autoplay; clipboard-write; encrypted-media; gyroscope; picture-in-picture; web-share\" allowfullscreen><\/iframe><\/p>\n\n\n\n<!--nextpage-->\n\n\n\n<p>El Presidente de la Naci\u00f3n, Javier Gerardo Milei recibi\u00f3 hoy a la n\u00famero dos del FMI, Gita Gopinath en la Casa Rosada. Obviamente, la visita de Gopinath al Gobierno no es coloquial de ninguna manera, su tarea es advertir al Estado argentino sobre la continuidad del brutal ajuste en pos de un superavit fiscal que le ahorre al organismo internacional de expoliaci\u00f3n nuevos desembolsos con destino a Buenos Aires.<\/p>\n\n\n\n<p>Como tantas cosas que no cambian con el cambio de Gobierno, la sumisi\u00f3n al FMI y sus mandatos es la m\u00e1s permanente y estable.<\/p>\n<p>Visits: 0<\/p>","protected":false},"excerpt":{"rendered":"<p>Visits: 0<\/p>\n","protected":false},"author":1,"featured_media":29601,"comment_status":"open","ping_status":"open","sticky":false,"template":"","format":"video","meta":{"footnotes":""},"categories":[1],"tags":[],"class_list":["post-29581","post","type-post","status-publish","format-video","has-post-thumbnail","hentry","category-sin-categoria","post_format-post-format-video","post-dark","post-wide","has-post-thumb"],"_links":{"self":[{"href":"https:\/\/locomociontv.org\/index.php?rest_route=\/wp\/v2\/posts\/29581","targetHints":{"allow":["GET"]}}],"collection":[{"href":"https:\/\/locomociontv.org\/index.php?rest_route=\/wp\/v2\/posts"}],"about":[{"href":"https:\/\/locomociontv.org\/index.php?rest_route=\/wp\/v2\/types\/post"}],"author":[{"embeddable":true,"href":"https:\/\/locomociontv.org\/index.php?rest_route=\/wp\/v2\/users\/1"}],"replies":[{"embeddable":true,"href":"https:\/\/locomociontv.org\/index.php?rest_route=%2Fwp%2Fv2%2Fcomments&post=29581"}],"version-history":[{"count":7,"href":"https:\/\/locomociontv.org\/index.php?rest_route=\/wp\/v2\/posts\/29581\/revisions"}],"predecessor-version":[{"id":29609,"href":"https:\/\/locomociontv.org\/index.php?rest_route=\/wp\/v2\/posts\/29581\/revisions\/29609"}],"wp:featuredmedia":[{"embeddable":true,"href":"https:\/\/locomociontv.org\/index.php?rest_route=\/wp\/v2\/media\/29601"}],"wp:attachment":[{"href":"https:\/\/locomociontv.org\/index.php?rest_route=%2Fwp%2Fv2%2Fmedia&parent=29581"}],"wp:term":[{"taxonomy":"category","embeddable":true,"href":"https:\/\/locomociontv.org\/index.php?rest_route=%2Fwp%2Fv2%2Fcategories&post=29581"},{"taxonomy":"post_tag","embeddable":true,"href":"https:\/\/locomociontv.org\/index.php?rest_route=%2Fwp%2Fv2%2Ftags&post=29581"}],"curies":[{"name":"wp","href":"https:\/\/api.w.org\/{rel}","templated":true}]}}