{"id":29579,"date":"2024-02-26T18:27:42","date_gmt":"2024-02-26T21:27:42","guid":{"rendered":"https:\/\/locomociontv.org\/?p=29579"},"modified":"2024-02-26T21:38:03","modified_gmt":"2024-02-27T00:38:03","slug":"morales-se-temio-peor-y-liberan-a-los-presos-por-tuitear-nahuel-morandini-y-roque-villegas","status":"publish","type":"post","link":"https:\/\/locomociontv.org\/?p=29579","title":{"rendered":"Morales se temi\u00f3 peor y liberan a los &#8220;Presos por Tuitear&#8221; (Nahuel Morandini y Roque Villegas)"},"content":{"rendered":"\n<p><iframe loading=\"lazy\" title=\"Morales se temi\u00f3 peor y liberan a los \u201cPresos por Tuitear\u201d (Nahuel Morandini y Roque Villegas)\" width=\"818\" height=\"460\" src=\"https:\/\/www.youtube.com\/embed\/68SUvSHcxy8?feature=oembed\" frameborder=\"0\" allow=\"accelerometer; autoplay; clipboard-write; encrypted-media; gyroscope; picture-in-picture; web-share\" allowfullscreen><\/iframe><\/p>\n\n\n\n<!--nextpage-->\n\n\n\n<p>La imbecilidad del Emperador y ex-Gobernador del Jujuy, Gerardo Morales, es tal que pretende que sus acciones pueden contar con hipocres\u00edas prominentes, como la de mandar en cana a dos personas por casi dos meses por decirle algo as\u00ed como &#8220;cornudo&#8221;. <\/p>\n\n\n\n<p>Un pedazo de cornudo hay que ser y que vergonzante su posici\u00f3n tan eg\u00f3latra cuando no creemos que haya muchos dirigentes que puedan generar la na\u00fasea como lo hace Gerardo Morales.<\/p>\n\n\n\n<p>Tal el descaro de este se\u00f1or, que cuando se temi\u00f3 un &#8220;perejilazo&#8221; como el de 2007 en R\u00edo Cuarto, de repente los tiempos procesales se aceleraron como nunca en la lenta justicia juje\u00f1a y hoy (luego de un pedido del Carcelero General de la Naci\u00f3n, Javier Gerardo Milei) esta tarde liberaron a Nahuel Morandini y Roque Villegas, los conocidos y reales &#8220;PRESOS POR TUITEAR&#8221;, que pasar\u00e1n a la Historia por haberle producido una derrota m\u00e1s al desvergonzado Emperador del Jujuy cuyo tent\u00e1culo judicial sufri\u00f3 un corte: un corte de manga.<\/p>\n\n\n\n<p>Celebramos la liberaci\u00f3n de Morandini y Villegas y el cese de la persecuci\u00f3n a Luc\u00eda Gonz\u00e1lez y le exigimos, el fin del uso del Lawfare en todo sus accionares pol\u00edticos futuros.<\/p>\n<p>Visits: 4<\/p>","protected":false},"excerpt":{"rendered":"<p>Visits: 4<\/p>\n","protected":false},"author":1,"featured_media":29727,"comment_status":"open","ping_status":"open","sticky":false,"template":"","format":"video","meta":{"footnotes":""},"categories":[1],"tags":[],"class_list":["post-29579","post","type-post","status-publish","format-video","has-post-thumbnail","hentry","category-sin-categoria","post_format-post-format-video","post-dark","post-wide","has-post-thumb"],"_links":{"self":[{"href":"https:\/\/locomociontv.org\/index.php?rest_route=\/wp\/v2\/posts\/29579","targetHints":{"allow":["GET"]}}],"collection":[{"href":"https:\/\/locomociontv.org\/index.php?rest_route=\/wp\/v2\/posts"}],"about":[{"href":"https:\/\/locomociontv.org\/index.php?rest_route=\/wp\/v2\/types\/post"}],"author":[{"embeddable":true,"href":"https:\/\/locomociontv.org\/index.php?rest_route=\/wp\/v2\/users\/1"}],"replies":[{"embeddable":true,"href":"https:\/\/locomociontv.org\/index.php?rest_route=%2Fwp%2Fv2%2Fcomments&post=29579"}],"version-history":[{"count":10,"href":"https:\/\/locomociontv.org\/index.php?rest_route=\/wp\/v2\/posts\/29579\/revisions"}],"predecessor-version":[{"id":29731,"href":"https:\/\/locomociontv.org\/index.php?rest_route=\/wp\/v2\/posts\/29579\/revisions\/29731"}],"wp:featuredmedia":[{"embeddable":true,"href":"https:\/\/locomociontv.org\/index.php?rest_route=\/wp\/v2\/media\/29727"}],"wp:attachment":[{"href":"https:\/\/locomociontv.org\/index.php?rest_route=%2Fwp%2Fv2%2Fmedia&parent=29579"}],"wp:term":[{"taxonomy":"category","embeddable":true,"href":"https:\/\/locomociontv.org\/index.php?rest_route=%2Fwp%2Fv2%2Fcategories&post=29579"},{"taxonomy":"post_tag","embeddable":true,"href":"https:\/\/locomociontv.org\/index.php?rest_route=%2Fwp%2Fv2%2Ftags&post=29579"}],"curies":[{"name":"wp","href":"https:\/\/api.w.org\/{rel}","templated":true}]}}