{"id":29446,"date":"2024-02-09T13:18:09","date_gmt":"2024-02-09T16:18:09","guid":{"rendered":"https:\/\/locomociontv.org\/?p=29446"},"modified":"2024-02-09T13:18:09","modified_gmt":"2024-02-09T16:18:09","slug":"ahora-mismo-islenos-del-delta-reclaman-por-55-dias-de-criminales-cortes-de-edenor","status":"publish","type":"post","link":"https:\/\/locomociontv.org\/?p=29446","title":{"rendered":"Ahora mismo: Isle\u00f1os del Delta reclaman por 55 d\u00edas de criminales cortes de Edenor"},"content":{"rendered":"\n<p>En estos momentos, un grupo de pobladores isle\u00f1os del Delta se manifiestan ante la sede del Ente Regulador de la Energ\u00eda, tras 55 d\u00edas de cortes de suministro criminales por parte de la empresa Edenor. En ese lapso, se conoce del fallecimiento de un ciudadano isle\u00f1o a causa de los cortes y un incidente de un trabajador de la empresa Edenor que debi\u00f3 ser amputado. <\/p>\n\n\n\n<p>Ah\u00ed, frente a las oficinas del Ente, en Suipacha al 600 de esta Ciudad Aut\u00f3noma, rodeades de una nutrida concurrencias de tropa federal, que nadie sabe bien que tienen que estar haciendo ah\u00ed. Obviamente, no desentona, ya que este desprop\u00f3sito represivo del Estado no es nuevo, ya que solamente atienden las requisitorias las funcionarios de quienes pueden pagarle o de quienes necesiten para el sometimiento y opresi\u00f3n del Estado sobre la sociedad civil que parece ser la f\u00f3rmula de este Gobierno. Democracia para quien tenga la plata y la casta contenta cosechando privilegios del trabajo y la subsistencia ajena.<\/p>\n\n\n\n<p>Al parecer los reclamantes la van a tener dif\u00edcil ya que el Estado ha venido demostrando en los \u00faltimos d\u00edas que la gente no tiene derecho de protestar y que todo disentimiento civil ser\u00e1 reprimido primero y penado despu\u00e9s. <\/p>\n\n\n\n<p>Seguiremos informando sobre la evoluci\u00f3n de este reclamo m\u00e1s que fundado de los isle\u00f1os.<\/p>\n\n\n\n<figure class=\"wp-block-image size-full is-resized\"><img loading=\"lazy\" decoding=\"async\" src=\"https:\/\/locomociontv.org\/wp-content\/uploads\/2024\/02\/image-4.png\" alt=\"\" class=\"wp-image-29447\" width=\"841\" height=\"404\" srcset=\"https:\/\/locomociontv.org\/wp-content\/uploads\/2024\/02\/image-4.png 648w, https:\/\/locomociontv.org\/wp-content\/uploads\/2024\/02\/image-4-300x144.png 300w\" sizes=\"auto, (max-width: 841px) 100vw, 841px\" \/><\/figure>\n\n\n\n<p> <\/p>\n<p>Visits: 2<\/p>","protected":false},"excerpt":{"rendered":"<p>En estos momentos, un grupo de pobladores isle\u00f1os del Delta se manifiestan ante la sede del Ente Regulador de la Energ\u00eda, tras 55 d\u00edas de cortes de suministro criminales por parte de la empresa Edenor. En ese lapso, se conoce del fallecimiento de un ciudadano isle\u00f1o a causa de los cortes y un incidente de &hellip;<\/p>\n","protected":false},"author":732,"featured_media":29447,"comment_status":"open","ping_status":"open","sticky":false,"template":"","format":"video","meta":{"footnotes":""},"categories":[1],"tags":[],"class_list":["post-29446","post","type-post","status-publish","format-video","has-post-thumbnail","hentry","category-sin-categoria","post_format-post-format-video","post-dark","post-wide","has-post-thumb","small-thumb"],"_links":{"self":[{"href":"https:\/\/locomociontv.org\/index.php?rest_route=\/wp\/v2\/posts\/29446","targetHints":{"allow":["GET"]}}],"collection":[{"href":"https:\/\/locomociontv.org\/index.php?rest_route=\/wp\/v2\/posts"}],"about":[{"href":"https:\/\/locomociontv.org\/index.php?rest_route=\/wp\/v2\/types\/post"}],"author":[{"embeddable":true,"href":"https:\/\/locomociontv.org\/index.php?rest_route=\/wp\/v2\/users\/732"}],"replies":[{"embeddable":true,"href":"https:\/\/locomociontv.org\/index.php?rest_route=%2Fwp%2Fv2%2Fcomments&post=29446"}],"version-history":[{"count":1,"href":"https:\/\/locomociontv.org\/index.php?rest_route=\/wp\/v2\/posts\/29446\/revisions"}],"predecessor-version":[{"id":29448,"href":"https:\/\/locomociontv.org\/index.php?rest_route=\/wp\/v2\/posts\/29446\/revisions\/29448"}],"wp:featuredmedia":[{"embeddable":true,"href":"https:\/\/locomociontv.org\/index.php?rest_route=\/wp\/v2\/media\/29447"}],"wp:attachment":[{"href":"https:\/\/locomociontv.org\/index.php?rest_route=%2Fwp%2Fv2%2Fmedia&parent=29446"}],"wp:term":[{"taxonomy":"category","embeddable":true,"href":"https:\/\/locomociontv.org\/index.php?rest_route=%2Fwp%2Fv2%2Fcategories&post=29446"},{"taxonomy":"post_tag","embeddable":true,"href":"https:\/\/locomociontv.org\/index.php?rest_route=%2Fwp%2Fv2%2Ftags&post=29446"}],"curies":[{"name":"wp","href":"https:\/\/api.w.org\/{rel}","templated":true}]}}