{"id":29400,"date":"2024-02-04T19:22:00","date_gmt":"2024-02-04T22:22:00","guid":{"rendered":"https:\/\/locomociontv.org\/?p=29400"},"modified":"2024-02-06T02:18:19","modified_gmt":"2024-02-06T05:18:19","slug":"el-kirchnerismo-a-meta-pescado-tapar-escandalos-de-abusos-de-sus-referentes-antiderechos","status":"publish","type":"post","link":"https:\/\/locomociontv.org\/?p=29400","title":{"rendered":"El Kirchnerismo a puro pescado podrido tapando juicios de abusos a sus referentes y antiderechos"},"content":{"rendered":"\n<figure class=\"wp-block-embed is-type-video is-provider-youtube wp-block-embed-youtube wp-embed-aspect-16-9 wp-has-aspect-ratio\"><div class=\"wp-block-embed__wrapper\">\n<iframe loading=\"lazy\" title=\"El Kirchnerismo a puro pescado podrido tapando juicios de abusos a sus referentes y antiderechos\" width=\"818\" height=\"460\" src=\"https:\/\/www.youtube.com\/embed\/ZsFk5zm8fXA?feature=oembed\" frameborder=\"0\" allow=\"accelerometer; autoplay; clipboard-write; encrypted-media; gyroscope; picture-in-picture; web-share\" allowfullscreen><\/iframe>\n<\/div><\/figure>\n\n\n\n<!--nextpage-->\n\n\n\n<figure class=\"wp-block-image size-full\"><img loading=\"lazy\" decoding=\"async\" width=\"604\" height=\"838\" src=\"https:\/\/locomociontv.org\/wp-content\/uploads\/2024\/02\/image.png\" alt=\"\" class=\"wp-image-29401\" srcset=\"https:\/\/locomociontv.org\/wp-content\/uploads\/2024\/02\/image.png 604w, https:\/\/locomociontv.org\/wp-content\/uploads\/2024\/02\/image-216x300.png 216w\" sizes=\"auto, (max-width: 604px) 100vw, 604px\" \/><\/figure>\n\n\n\n<p>La abogada que hace poco estaba al lado de Cristina las 24 horas del d\u00eda, sali\u00f3 a denunciar un hecho grav\u00edsimo y cito textual: &#8220;Estoy en shock!!!! jodeme que Manuel Adorni cobra a trav\u00e9s de de su esposa Bettina Julieta Angeletti, DOS AUH, esto es asignaci\u00f3n universal por hijo!!!! PLANERO VIP . Fin&#8221;. Ser\u00eda tajante y definitivo si no fuera que la gravedad del hecho solamente sea producto de su imaginaci\u00f3n lawferiana de otro alkahuete estatal desempleado. <\/p>\n\n\n\n<figure class=\"wp-block-embed is-type-wp-embed is-provider-el-cohete-a-la-luna wp-block-embed-el-cohete-a-la-luna\"><div class=\"wp-block-embed__wrapper\">\n<blockquote class=\"wp-embedded-content\" data-secret=\"f9rh8CSKMj\"><a href=\"https:\/\/www.elcohetealaluna.com\/el-planero-y-la-industria-del-juicio\/\">El planero y la industria del juicio<\/a><\/blockquote><iframe loading=\"lazy\" class=\"wp-embedded-content\" sandbox=\"allow-scripts\" security=\"restricted\" style=\"position: absolute; clip: rect(1px, 1px, 1px, 1px);\" title=\"\u00abEl planero y la industria del juicio\u00bb \u2014 El Cohete a la Luna\" src=\"https:\/\/www.elcohetealaluna.com\/el-planero-y-la-industria-del-juicio\/embed\/#?secret=7DrnPdxQAR#?secret=f9rh8CSKMj\" data-secret=\"f9rh8CSKMj\" width=\"600\" height=\"338\" frameborder=\"0\" marginwidth=\"0\" marginheight=\"0\" scrolling=\"no\"><\/iframe>\n<\/div><figcaption>La farsante nota de uno de los medios sumisos y devotos del r\u00e9gimen anterior<\/figcaption><\/figure>\n\n\n\n<p>Es m\u00e1s, cita un medio que a\u00fan pone propaganda pol\u00edtica del Gobierno anterior pagada por todes nosotres como es el paraKo &#8220;Cohete a la Luna&#8221;. Y s\u00ed, estaba en shock ella y el medio ultraK que sali\u00f3 a difundir esta payasada justo un d\u00eda antes del juicio a Alperovich por abuso sexual de su sobrina. Otra tremenda cortina de humo propia de la mano de obra desocupada del r\u00e9gimen capitalista anterior el de Javier Milei.<\/p>\n\n\n\n<figure class=\"wp-block-embed is-type-rich is-provider-twitter wp-block-embed-twitter\"><div class=\"wp-block-embed__wrapper\">\n<blockquote class=\"twitter-tweet\" data-width=\"550\" data-dnt=\"true\"><p lang=\"es\" dir=\"ltr\">me pareci\u00f3 tan escandaloso que me puse a ver de que se trataba y resulta que no es AUH como dice la nota sino la asignaci\u00f3n familiar que cobra toda persona en relaci\u00f3n de dependencia que cobra hasta 1.900.000 y que es irrenunciable. Va en consecuencia la pertinente aclaraci\u00f3n <a href=\"https:\/\/t.co\/KS9ZgIgkop\">https:\/\/t.co\/KS9ZgIgkop<\/a> <a href=\"https:\/\/t.co\/gSWF8xT8Z5\">pic.twitter.com\/gSWF8xT8Z5<\/a><\/p>&mdash; Graciana Pe\u00f1afort (@gracepenafort) <a href=\"https:\/\/twitter.com\/gracepenafort\/status\/1754236124929687614?ref_src=twsrc%5Etfw\">February 4, 2024<\/a><\/blockquote><script async src=\"https:\/\/platform.twitter.com\/widgets.js\" charset=\"utf-8\"><\/script>\n<\/div><figcaption>La desmentida del invento de Graciana Pe\u00f1afort, cuya alkahueter\u00eda la evidenci\u00f3 mal.<\/figcaption><\/figure>\n\n\n\n<p>Avisada, vaya a saber por qui\u00e9n de su soberana estupidez causada por el odio, sali\u00f3 a &#8220;aclarar&#8221; la cuesti\u00f3n con un, y volvemos a citar textualmente: &#8220;me pareci\u00f3 tan escandaloso que me puse a ver de que se trataba y resulta que no es AUH como dice la nota sino la asignaci\u00f3n familiar que cobra toda persona en relaci\u00f3n de dependencia que cobra hasta 1.900.000 y que es irrenunciable. Va en consecuencia la pertinente aclaraci\u00f3n&#8221;. Nuevamente, quien es abogada y estuvo al lado de la Vicepresidenta de la Naci\u00f3n sale &#8220;a aclarar&#8221; sin disculparse por haber demostrado fehacientemente o que el t\u00edtulo lo recibi\u00f3 en pase y revuelva o que su \u00e1nimo parapolicial es mayor, mucho mayor que su conocimiento jur\u00eddico, el que usa solamente para tirar alquitr\u00e1n sobre aquelles a los que por razones (que podemos compartir o no) odia y ese odio no le permite razonar adecuadamente. <\/p>\n<p>Visits: 1<\/p>","protected":false},"excerpt":{"rendered":"<p>Visits: 1<\/p>\n","protected":false},"author":732,"featured_media":29403,"comment_status":"open","ping_status":"open","sticky":false,"template":"","format":"video","meta":{"footnotes":""},"categories":[1],"tags":[],"class_list":["post-29400","post","type-post","status-publish","format-video","has-post-thumbnail","hentry","category-sin-categoria","post_format-post-format-video","post-dark","post-wide","has-post-thumb","small-thumb"],"_links":{"self":[{"href":"https:\/\/locomociontv.org\/index.php?rest_route=\/wp\/v2\/posts\/29400","targetHints":{"allow":["GET"]}}],"collection":[{"href":"https:\/\/locomociontv.org\/index.php?rest_route=\/wp\/v2\/posts"}],"about":[{"href":"https:\/\/locomociontv.org\/index.php?rest_route=\/wp\/v2\/types\/post"}],"author":[{"embeddable":true,"href":"https:\/\/locomociontv.org\/index.php?rest_route=\/wp\/v2\/users\/732"}],"replies":[{"embeddable":true,"href":"https:\/\/locomociontv.org\/index.php?rest_route=%2Fwp%2Fv2%2Fcomments&post=29400"}],"version-history":[{"count":8,"href":"https:\/\/locomociontv.org\/index.php?rest_route=\/wp\/v2\/posts\/29400\/revisions"}],"predecessor-version":[{"id":29414,"href":"https:\/\/locomociontv.org\/index.php?rest_route=\/wp\/v2\/posts\/29400\/revisions\/29414"}],"wp:featuredmedia":[{"embeddable":true,"href":"https:\/\/locomociontv.org\/index.php?rest_route=\/wp\/v2\/media\/29403"}],"wp:attachment":[{"href":"https:\/\/locomociontv.org\/index.php?rest_route=%2Fwp%2Fv2%2Fmedia&parent=29400"}],"wp:term":[{"taxonomy":"category","embeddable":true,"href":"https:\/\/locomociontv.org\/index.php?rest_route=%2Fwp%2Fv2%2Fcategories&post=29400"},{"taxonomy":"post_tag","embeddable":true,"href":"https:\/\/locomociontv.org\/index.php?rest_route=%2Fwp%2Fv2%2Ftags&post=29400"}],"curies":[{"name":"wp","href":"https:\/\/api.w.org\/{rel}","templated":true}]}}