{"id":27906,"date":"2023-09-14T22:52:21","date_gmt":"2023-09-15T01:52:21","guid":{"rendered":"https:\/\/locomociontv.org\/?p=27906"},"modified":"2023-09-24T18:50:57","modified_gmt":"2023-09-24T21:50:57","slug":"berni-y-kicillof-se-gastan-7-000-000-de-us-en-drones-de-vigilancia","status":"publish","type":"post","link":"https:\/\/locomociontv.org\/?p=27906","title":{"rendered":"Berni y Kicillof se gastan 7.000.000 de U$S en drones de vigilancia"},"content":{"rendered":"\n<figure class=\"wp-block-video\"><video height=\"1078\" style=\"aspect-ratio: 1920 \/ 1078;\" width=\"1920\" controls src=\"https:\/\/locomociontv.org\/wp-content\/uploads\/2023\/09\/wp-1694948974708.mp4\"><\/video><\/figure>\n\n\n\n<!--nextpage-->\n\n\n\n<figure class=\"wp-block-image size-large\"><img loading=\"lazy\" decoding=\"async\" width=\"1024\" height=\"573\" src=\"https:\/\/locomociontv.org\/wp-content\/uploads\/2023\/09\/Imagen-de-WhatsApp-2023-09-14-a-las-22.50.49-1024x573.jpg\" alt=\"\" class=\"wp-image-27921\" srcset=\"https:\/\/locomociontv.org\/wp-content\/uploads\/2023\/09\/Imagen-de-WhatsApp-2023-09-14-a-las-22.50.49-1024x573.jpg 1024w, https:\/\/locomociontv.org\/wp-content\/uploads\/2023\/09\/Imagen-de-WhatsApp-2023-09-14-a-las-22.50.49-300x168.jpg 300w, https:\/\/locomociontv.org\/wp-content\/uploads\/2023\/09\/Imagen-de-WhatsApp-2023-09-14-a-las-22.50.49-768x430.jpg 768w, https:\/\/locomociontv.org\/wp-content\/uploads\/2023\/09\/Imagen-de-WhatsApp-2023-09-14-a-las-22.50.49-1536x860.jpg 1536w, https:\/\/locomociontv.org\/wp-content\/uploads\/2023\/09\/Imagen-de-WhatsApp-2023-09-14-a-las-22.50.49.jpg 1600w\" sizes=\"auto, (max-width: 1024px) 100vw, 1024px\" \/><\/figure>\n\n\n\n<p>La farsa de Kicillof y Berni, sostenidas a tiros y vigilancia a la sociedad civil, se profundiza, ahora mientras te preguntan de qu\u00e9 lado de la mecha est\u00e1s. La desfachatez de esta gente es inigualable y su cinismo es ilimitado. Viven controlando, patrullando, vigilando y se ofenden si se los mostr\u00e1s, tal el estado de descomposici\u00f3n pol\u00edtica del kirchnerismo. La verdad, no los ayuda, por eso MIENTEN.<\/p>\n\n\n\n<p>El 12 de septiembre Axel Kicillof, junto a su Ministro de Seguridad, Sergio Berni, presentaron en Punta Indio 10 drones para vigilar y patrullar las \u00e1reas rurales, haciendo de Gobernador de la Provincia de Buenos Aires, el mayor colaborador con el bienestar y armamento de los aparatos represivos del Estado Provincial. Carente de una pol\u00edtica siquiera progresista, como siempre, le brinda m\u00e1s servicios a los sojeros para proteger sus cosechas, al fin y al cabo, es solamente otro politiquero extractivista.<\/p>\n\n\n\n<p>El mandatario provincial asegur\u00f3: \u201cPara poder abordar el delito en zonas rurales, necesit\u00e1bamos desarrollar nuevos m\u00e9todos, adquirir tecnolog\u00eda y formar al personal policial para dar una respuesta inmediata pese a las largos desplazamientos y las zonas que muchas veces resultan intransitables\u201d. Insisti\u00f3 con \u201cEstos equipos que hemos adquirido marcar\u00e1n un antes y un despu\u00e9s, ya que funcionar\u00e1n para tareas de apoyo, vigilancia y prevenci\u00f3n, facilitando las acciones policiales de manera inmediata\u201d. Una vez m\u00e1s el Estado Policial se arma como para una guerra contra la civilidad, ese mismo Estado que siniestramente nos quisieron vender como Materno. La &#8220;Polic\u00eda del Cuidado&#8221; de P\u00e1gina\/12, que hac\u00eda desaparecer a Facundo Astudillo Castro, como m\u00ednimo cada vez cuenta con m\u00e1s armamento. <\/p>\n\n\n\n<p>Los ajustes no pasan solitos si no es a fuerza de palos, vigilancia y balas y eso Axel Kicillof lo sabe. <\/p>\n<div class=\"pdfprnt-buttons pdfprnt-buttons-post pdfprnt-bottom-right\"><a href=\"https:\/\/locomociontv.org\/index.php?rest_route=%2Fwp%2Fv2%2Fposts%2F27906&print=pdf\" class=\"pdfprnt-button pdfprnt-button-pdf\" target=\"_blank\" ><img decoding=\"async\" src=\"https:\/\/locomociontv.org\/wp-content\/plugins\/pdf-print\/images\/pdf.png\" alt=\"image_pdf\" title=\"View PDF\" \/><span class=\"pdfprnt-button-title pdfprnt-button-pdf-title\">Hacer PDF<\/span><\/a><a href=\"https:\/\/locomociontv.org\/index.php?rest_route=%2Fwp%2Fv2%2Fposts%2F27906&print=print\" class=\"pdfprnt-button pdfprnt-button-print\" target=\"_blank\" ><img decoding=\"async\" src=\"https:\/\/locomociontv.org\/wp-content\/plugins\/pdf-print\/images\/print.png\" alt=\"image_print\" title=\"Print Content\" \/><span class=\"pdfprnt-button-title pdfprnt-button-print-title\">Imprimir<\/span><\/a><\/div><p>Views: 2<\/p>","protected":false},"excerpt":{"rendered":"<p> Views: 2<\/p>\n","protected":false},"author":1,"featured_media":27921,"comment_status":"open","ping_status":"open","sticky":false,"template":"","format":"video","meta":{"footnotes":""},"categories":[1],"tags":[],"class_list":["post-27906","post","type-post","status-publish","format-video","has-post-thumbnail","hentry","category-sin-categoria","post_format-post-format-video","post-dark","post-wide","has-post-thumb"],"_links":{"self":[{"href":"https:\/\/locomociontv.org\/index.php?rest_route=\/wp\/v2\/posts\/27906","targetHints":{"allow":["GET"]}}],"collection":[{"href":"https:\/\/locomociontv.org\/index.php?rest_route=\/wp\/v2\/posts"}],"about":[{"href":"https:\/\/locomociontv.org\/index.php?rest_route=\/wp\/v2\/types\/post"}],"author":[{"embeddable":true,"href":"https:\/\/locomociontv.org\/index.php?rest_route=\/wp\/v2\/users\/1"}],"replies":[{"embeddable":true,"href":"https:\/\/locomociontv.org\/index.php?rest_route=%2Fwp%2Fv2%2Fcomments&post=27906"}],"version-history":[{"count":8,"href":"https:\/\/locomociontv.org\/index.php?rest_route=\/wp\/v2\/posts\/27906\/revisions"}],"predecessor-version":[{"id":27962,"href":"https:\/\/locomociontv.org\/index.php?rest_route=\/wp\/v2\/posts\/27906\/revisions\/27962"}],"wp:featuredmedia":[{"embeddable":true,"href":"https:\/\/locomociontv.org\/index.php?rest_route=\/wp\/v2\/media\/27921"}],"wp:attachment":[{"href":"https:\/\/locomociontv.org\/index.php?rest_route=%2Fwp%2Fv2%2Fmedia&parent=27906"}],"wp:term":[{"taxonomy":"category","embeddable":true,"href":"https:\/\/locomociontv.org\/index.php?rest_route=%2Fwp%2Fv2%2Fcategories&post=27906"},{"taxonomy":"post_tag","embeddable":true,"href":"https:\/\/locomociontv.org\/index.php?rest_route=%2Fwp%2Fv2%2Ftags&post=27906"}],"curies":[{"name":"wp","href":"https:\/\/api.w.org\/{rel}","templated":true}]}}