{"id":27904,"date":"2023-09-13T00:59:00","date_gmt":"2023-09-13T03:59:00","guid":{"rendered":"https:\/\/locomociontv.org\/?p=27904"},"modified":"2023-09-24T17:00:33","modified_gmt":"2023-09-24T20:00:33","slug":"pato-y-los-curas-villeros-siempre-fieles-a-roma","status":"publish","type":"post","link":"https:\/\/locomociontv.org\/?p=27904","title":{"rendered":"Pato y los &#8220;Curas Villeros&#8221;: siempre fieles a Roma"},"content":{"rendered":"\n<figure class=\"wp-block-embed is-type-video is-provider-youtube wp-block-embed-youtube wp-embed-aspect-4-3 wp-has-aspect-ratio\"><div class=\"wp-block-embed__wrapper\">\n<iframe loading=\"lazy\" title=\"Pato y los \u201cCuras Villeros\u201d: siempre fieles a Roma y a su obispo\" width=\"613\" height=\"460\" src=\"https:\/\/www.youtube.com\/embed\/jaIkjwZuoZE?feature=oembed\" frameborder=\"0\" allow=\"accelerometer; autoplay; clipboard-write; encrypted-media; gyroscope; picture-in-picture; web-share\" allowfullscreen><\/iframe>\n<\/div><\/figure>\n\n\n\n<!--nextpage-->\n\n\n\n<figure class=\"wp-block-image size-large\"><img loading=\"lazy\" decoding=\"async\" width=\"1024\" height=\"681\" src=\"https:\/\/locomociontv.org\/wp-content\/uploads\/2023\/09\/wp-1695182251139-1024x681.jpg\" alt=\"\" class=\"wp-image-28041\" srcset=\"https:\/\/locomociontv.org\/wp-content\/uploads\/2023\/09\/wp-1695182251139-1024x681.jpg 1024w, https:\/\/locomociontv.org\/wp-content\/uploads\/2023\/09\/wp-1695182251139-300x199.jpg 300w, https:\/\/locomociontv.org\/wp-content\/uploads\/2023\/09\/wp-1695182251139-768x511.jpg 768w, https:\/\/locomociontv.org\/wp-content\/uploads\/2023\/09\/wp-1695182251139-1536x1021.jpg 1536w, https:\/\/locomociontv.org\/wp-content\/uploads\/2023\/09\/wp-1695182251139-2048x1362.jpg 2048w\" sizes=\"auto, (max-width: 1024px) 100vw, 1024px\" \/><\/figure>\n\n\n\n<p><\/p>\n\n\n\n<p>El martes 12 de septiembre, la Candidata a Presidenta de la Naci\u00f3n de Juntos por el Cambio, Patricia Bullrich, sum\u00f3 un hito m\u00e1s de nausea hacia les politiques, reuni\u00e9ndose con los curas villeros a los que les pidi\u00f3 que hagan lo posible para que el Papa visite el pa\u00eds. Hablaron adem\u00e1s de temas habitacionales de inter\u00e9s com\u00fan o intereses superlativos tanto del PRO como de la Iglesia Cat\u00f3lica Apost\u00f3lica Romana. <\/p>\n\n\n\n<p>As\u00ed, el Vaticano, suma a sus simpat\u00edas al dignatario extranjero de Roma, la otra es la promesa de Sergio Massa, la cual sabemos que carece de todo valor y no por que la de Bullrich valga mucho tampoco, por el contrario. <\/p>\n<div class=\"pdfprnt-buttons pdfprnt-buttons-post pdfprnt-bottom-right\"><a href=\"https:\/\/locomociontv.org\/index.php?rest_route=%2Fwp%2Fv2%2Fposts%2F27904&print=pdf\" class=\"pdfprnt-button pdfprnt-button-pdf\" target=\"_blank\" ><img decoding=\"async\" src=\"https:\/\/locomociontv.org\/wp-content\/plugins\/pdf-print\/images\/pdf.png\" alt=\"image_pdf\" title=\"View PDF\" \/><span class=\"pdfprnt-button-title pdfprnt-button-pdf-title\">Hacer PDF<\/span><\/a><a href=\"https:\/\/locomociontv.org\/index.php?rest_route=%2Fwp%2Fv2%2Fposts%2F27904&print=print\" class=\"pdfprnt-button pdfprnt-button-print\" target=\"_blank\" ><img decoding=\"async\" src=\"https:\/\/locomociontv.org\/wp-content\/plugins\/pdf-print\/images\/print.png\" alt=\"image_print\" title=\"Print Content\" \/><span class=\"pdfprnt-button-title pdfprnt-button-print-title\">Imprimir<\/span><\/a><\/div><p>Views: 3<\/p>","protected":false},"excerpt":{"rendered":"<p> Views: 3<\/p>\n","protected":false},"author":1,"featured_media":28041,"comment_status":"open","ping_status":"open","sticky":false,"template":"","format":"video","meta":{"footnotes":""},"categories":[1],"tags":[],"class_list":["post-27904","post","type-post","status-publish","format-video","has-post-thumbnail","hentry","category-sin-categoria","post_format-post-format-video","post-dark","post-wide","has-post-thumb"],"_links":{"self":[{"href":"https:\/\/locomociontv.org\/index.php?rest_route=\/wp\/v2\/posts\/27904","targetHints":{"allow":["GET"]}}],"collection":[{"href":"https:\/\/locomociontv.org\/index.php?rest_route=\/wp\/v2\/posts"}],"about":[{"href":"https:\/\/locomociontv.org\/index.php?rest_route=\/wp\/v2\/types\/post"}],"author":[{"embeddable":true,"href":"https:\/\/locomociontv.org\/index.php?rest_route=\/wp\/v2\/users\/1"}],"replies":[{"embeddable":true,"href":"https:\/\/locomociontv.org\/index.php?rest_route=%2Fwp%2Fv2%2Fcomments&post=27904"}],"version-history":[{"count":5,"href":"https:\/\/locomociontv.org\/index.php?rest_route=\/wp\/v2\/posts\/27904\/revisions"}],"predecessor-version":[{"id":28154,"href":"https:\/\/locomociontv.org\/index.php?rest_route=\/wp\/v2\/posts\/27904\/revisions\/28154"}],"wp:featuredmedia":[{"embeddable":true,"href":"https:\/\/locomociontv.org\/index.php?rest_route=\/wp\/v2\/media\/28041"}],"wp:attachment":[{"href":"https:\/\/locomociontv.org\/index.php?rest_route=%2Fwp%2Fv2%2Fmedia&parent=27904"}],"wp:term":[{"taxonomy":"category","embeddable":true,"href":"https:\/\/locomociontv.org\/index.php?rest_route=%2Fwp%2Fv2%2Fcategories&post=27904"},{"taxonomy":"post_tag","embeddable":true,"href":"https:\/\/locomociontv.org\/index.php?rest_route=%2Fwp%2Fv2%2Ftags&post=27904"}],"curies":[{"name":"wp","href":"https:\/\/api.w.org\/{rel}","templated":true}]}}