{"id":27739,"date":"2023-09-05T22:26:22","date_gmt":"2023-09-06T01:26:22","guid":{"rendered":"https:\/\/locomociontv.org\/?p=27739"},"modified":"2023-09-05T23:33:02","modified_gmt":"2023-09-06T02:33:02","slug":"los-curas-del-estado-desagravian-al-dignatario-religioso-vaticano-francisco-por-dichos-de-milei","status":"publish","type":"post","link":"https:\/\/locomociontv.org\/?p=27739","title":{"rendered":"Los curas del Estado desagravian al dignatario religioso vaticano Francisco por dichos de Milei"},"content":{"rendered":"\n<figure class=\"wp-block-embed is-type-video is-provider-youtube wp-block-embed-youtube wp-embed-aspect-16-9 wp-has-aspect-ratio\"><div class=\"wp-block-embed__wrapper\">\n<iframe loading=\"lazy\" title=\"Los curas del Estado desagravian al dignatario religioso vaticano Francisco por dichos de Milei\" width=\"818\" height=\"460\" src=\"https:\/\/www.youtube.com\/embed\/WjP30juDvh4?feature=oembed\" frameborder=\"0\" allow=\"accelerometer; autoplay; clipboard-write; encrypted-media; gyroscope; picture-in-picture; web-share\" allowfullscreen><\/iframe>\n<\/div><\/figure>\n\n\n\n<!--nextpage-->\n\n\n\n<figure class=\"wp-block-image size-large\"><img loading=\"lazy\" decoding=\"async\" width=\"1024\" height=\"574\" src=\"https:\/\/locomociontv.org\/wp-content\/uploads\/2023\/09\/wp-1693960989395-1024x574.jpg\" alt=\"\" class=\"wp-image-27742\" srcset=\"https:\/\/locomociontv.org\/wp-content\/uploads\/2023\/09\/wp-1693960989395-1024x574.jpg 1024w, https:\/\/locomociontv.org\/wp-content\/uploads\/2023\/09\/wp-1693960989395-300x168.jpg 300w, https:\/\/locomociontv.org\/wp-content\/uploads\/2023\/09\/wp-1693960989395-768x431.jpg 768w, https:\/\/locomociontv.org\/wp-content\/uploads\/2023\/09\/wp-1693960989395-1536x861.jpg 1536w, https:\/\/locomociontv.org\/wp-content\/uploads\/2023\/09\/wp-1693960989395-2048x1148.jpg 2048w\" sizes=\"auto, (max-width: 1024px) 100vw, 1024px\" \/><\/figure>\n\n\n\n<p>En este pa\u00eds corrido a la derecha como nunca, la Iglesia siempre puede sentirse c\u00f3moda con el Peronismo, ya que ambos son v\u00e1lvulas de escape de un sistema opresivo. Como dijera Marx en la &#8220;Introducci\u00f3n a la Cr\u00edtica de la Filosof\u00eda de Derecho&#8221; de Hegel: &#8220;La miseria religiosa es, al mismo tiempo, la expresi\u00f3n de la miseria real y la protesta contra ella. La religi\u00f3n es el sollozo de la criatura oprimida, es el significado real del mundo sin coraz\u00f3n, as\u00ed como es el esp\u00edritu de una \u00e9poca privada de esp\u00edritu. Es el opio&nbsp;del&nbsp;pueblo.&#8221;  En esta frase hist\u00f3rica de Karl Marx, si reemplaz\u00e1ramos las palabras religi\u00f3n y religiosa por peronista y peronismo, la oraci\u00f3n ser\u00eda tan adecuada como la original sin mucho esfuerzo intelectual de parte de nadie. <\/p>\n\n\n\n<p>Cuando la derecha del sistema necesita aplicar ajustes, masacrar ciudadanes o someter a las masas en general, el Peronismo y la Iglesia toman forma de pensamiento popular justificador de todas las atrocidades que se preparan a ejecutar. <\/p>\n\n\n\n<p>Sabemos que el Estado se trasviste de Patria y la Iglesia de Dios para llevar a cabo las mayores tropel\u00edas y servir as\u00ed al Capital cuando sea menester.<\/p>\n\n\n\n<p>Hoy la Iglesia ocupa un lugar fundamental en el sostenimiento del r\u00e9gimen y no solamente la cat\u00f3lica, tambi\u00e9n las iglesias evang\u00e9licas que est\u00e1n panchas recibiendo fondos del estado matancero para mantener a la gente sumisa en la militarizaci\u00f3n de sus barrios y la aplicaci\u00f3n de las pol\u00edticas de ajuste que el FMI exige.<\/p>\n\n\n\n<!--nextpage-->\n\n\n\n<figure class=\"wp-block-image size-large\"><img loading=\"lazy\" decoding=\"async\" width=\"1024\" height=\"574\" src=\"https:\/\/locomociontv.org\/wp-content\/uploads\/2023\/09\/wp-1693961875567-1024x574.jpg\" alt=\"\" class=\"wp-image-27744\" srcset=\"https:\/\/locomociontv.org\/wp-content\/uploads\/2023\/09\/wp-1693961875567-1024x574.jpg 1024w, https:\/\/locomociontv.org\/wp-content\/uploads\/2023\/09\/wp-1693961875567-300x168.jpg 300w, https:\/\/locomociontv.org\/wp-content\/uploads\/2023\/09\/wp-1693961875567-768x431.jpg 768w, https:\/\/locomociontv.org\/wp-content\/uploads\/2023\/09\/wp-1693961875567-1536x861.jpg 1536w, https:\/\/locomociontv.org\/wp-content\/uploads\/2023\/09\/wp-1693961875567-2048x1148.jpg 2048w\" sizes=\"auto, (max-width: 1024px) 100vw, 1024px\" \/><\/figure>\n\n\n\n<p>Hace unos d\u00edas, al siniestro candidato de la ultraderecha Javier Milei se le ocurri\u00f3 decir que el Papa entre otras cosas es un imb\u00e9cil y un &#8220;representante del maligno en la tierra&#8221;. Pero el mismo Milei no se atreve a negar la religi\u00f3n como esa sustancia que se usa para darle saz\u00f3n a la nauseabunda comida a la que llaman capitalismo. Son las dos caras de una misma moneda para preservar lo m\u00e1s sagrado para los Milei, los Kirchner, los Massa, las Bullrich y tantes otres: el imperio del dinero. <\/p>\n\n\n\n<p>Vayamos pues a las expresiones de Milei que generaron este esc\u00e1ndalo proselitista por el que la Iglesia ratifica su alianza con el Estado en defensa del dinero.  Pero Milei, como buen derechista dizque libertario debe depender del Estado y la Iglesia para masacrar a quienes no se adapten a su sistema de opresi\u00f3n capitalista o bien tenerlos controlados espiritualmente.<\/p>\n\n\n\n<p>Milei insiste en sus delirios de llamar comunistas a quienes osen ocupar su lugar de gendarme del dinero que el Capital le quita al Trabajo a trav\u00e9s de la explotaci\u00f3n.<\/p>\n\n\n\n<p>Pero vayamos a los dichos de Milei. \u00a1Vamos a las im\u00e1genes!<\/p>\n\n\n\n<figure class=\"wp-block-video\"><video height=\"1080\" style=\"aspect-ratio: 1920 \/ 1080;\" width=\"1920\" controls src=\"https:\/\/locomociontv.org\/wp-content\/uploads\/2023\/09\/Milei-contra-el-papa-Francisco.mp4\"><\/video><\/figure>\n\n\n\n<!--nextpage-->\n\n\n\n<figure class=\"wp-block-image size-large\"><img loading=\"lazy\" decoding=\"async\" width=\"1024\" height=\"574\" src=\"https:\/\/locomociontv.org\/wp-content\/uploads\/2023\/09\/wp-1693962098140-1024x574.jpg\" alt=\"\" class=\"wp-image-27746\" srcset=\"https:\/\/locomociontv.org\/wp-content\/uploads\/2023\/09\/wp-1693962098140-1024x574.jpg 1024w, https:\/\/locomociontv.org\/wp-content\/uploads\/2023\/09\/wp-1693962098140-300x168.jpg 300w, https:\/\/locomociontv.org\/wp-content\/uploads\/2023\/09\/wp-1693962098140-768x431.jpg 768w, https:\/\/locomociontv.org\/wp-content\/uploads\/2023\/09\/wp-1693962098140-1536x861.jpg 1536w, https:\/\/locomociontv.org\/wp-content\/uploads\/2023\/09\/wp-1693962098140-2048x1148.jpg 2048w\" sizes=\"auto, (max-width: 1024px) 100vw, 1024px\" \/><\/figure>\n\n\n\n<p>Luego de estas declaraciones estridentes de Milei, los aparatos ideol\u00f3gicos del Estado salieron en defensa del Papa Francisco a trav\u00e9s de sus agentes que convencen a les pobres que est\u00e1 todo bien: los llamados &#8220;curas villeros&#8221;, que ataviados con los ropajes del Padre Mugica sostienen la farsa del servicio al Estado burgu\u00e9s, present\u00e1ndolo como nacional y popular. Bien peronista lo de estos chicos, llevar la farsa de la tragedia a los barrios populares y usar como claque a unos chupacirios que juegan a ser parte del movimiento villero y que los medios hegem\u00f3nicos como P\u00e1gina\/12 llaman multitud.<\/p>\n\n\n\n<p>A continuaci\u00f3n les brindamos el video de la Agencia de Propaganda Estatal T\u00e9lam hablando de la importancia del Estado y poniendo como sus publicistas a la llamada &#8220;opci\u00f3n por los pobres&#8221;, que no es m\u00e1s que otra mentira en la que la Iglesia y el Estado se hacen el amor para seguir estafando a les pobres.<\/p>\n\n\n\n<p>\u00a1Vamos a las im\u00e1genes de la imaginaci\u00f3n capitalista al poder!<\/p>\n\n\n\n<figure class=\"wp-block-video\"><video height=\"1080\" style=\"aspect-ratio: 1920 \/ 1080;\" width=\"1920\" controls src=\"https:\/\/locomociontv.org\/wp-content\/uploads\/2023\/09\/La-Iglesia-hizo-una-misa-en-desagravio-al-Papa-y-remarco-la-importancia-del-Estado.mp4\"><\/video><\/figure>\n<div class=\"pdfprnt-buttons pdfprnt-buttons-post pdfprnt-bottom-right\"><a href=\"https:\/\/locomociontv.org\/index.php?rest_route=%2Fwp%2Fv2%2Fposts%2F27739&print=pdf\" class=\"pdfprnt-button pdfprnt-button-pdf\" target=\"_blank\" ><img decoding=\"async\" src=\"https:\/\/locomociontv.org\/wp-content\/plugins\/pdf-print\/images\/pdf.png\" alt=\"image_pdf\" title=\"View PDF\" \/><span class=\"pdfprnt-button-title pdfprnt-button-pdf-title\">Hacer PDF<\/span><\/a><a href=\"https:\/\/locomociontv.org\/index.php?rest_route=%2Fwp%2Fv2%2Fposts%2F27739&print=print\" class=\"pdfprnt-button pdfprnt-button-print\" target=\"_blank\" ><img decoding=\"async\" src=\"https:\/\/locomociontv.org\/wp-content\/plugins\/pdf-print\/images\/print.png\" alt=\"image_print\" title=\"Print Content\" \/><span class=\"pdfprnt-button-title pdfprnt-button-print-title\">Imprimir<\/span><\/a><\/div><p>Views: 2<\/p>","protected":false},"excerpt":{"rendered":"<p> Views: 2<\/p>\n","protected":false},"author":1,"featured_media":27742,"comment_status":"open","ping_status":"open","sticky":false,"template":"","format":"video","meta":{"footnotes":""},"categories":[20,1],"tags":[],"class_list":["post-27739","post","type-post","status-publish","format-video","has-post-thumbnail","hentry","category-aparatos-de-represion-de-estado","category-sin-categoria","post_format-post-format-video","post-dark","post-wide","has-post-thumb"],"_links":{"self":[{"href":"https:\/\/locomociontv.org\/index.php?rest_route=\/wp\/v2\/posts\/27739","targetHints":{"allow":["GET"]}}],"collection":[{"href":"https:\/\/locomociontv.org\/index.php?rest_route=\/wp\/v2\/posts"}],"about":[{"href":"https:\/\/locomociontv.org\/index.php?rest_route=\/wp\/v2\/types\/post"}],"author":[{"embeddable":true,"href":"https:\/\/locomociontv.org\/index.php?rest_route=\/wp\/v2\/users\/1"}],"replies":[{"embeddable":true,"href":"https:\/\/locomociontv.org\/index.php?rest_route=%2Fwp%2Fv2%2Fcomments&post=27739"}],"version-history":[{"count":9,"href":"https:\/\/locomociontv.org\/index.php?rest_route=\/wp\/v2\/posts\/27739\/revisions"}],"predecessor-version":[{"id":27756,"href":"https:\/\/locomociontv.org\/index.php?rest_route=\/wp\/v2\/posts\/27739\/revisions\/27756"}],"wp:featuredmedia":[{"embeddable":true,"href":"https:\/\/locomociontv.org\/index.php?rest_route=\/wp\/v2\/media\/27742"}],"wp:attachment":[{"href":"https:\/\/locomociontv.org\/index.php?rest_route=%2Fwp%2Fv2%2Fmedia&parent=27739"}],"wp:term":[{"taxonomy":"category","embeddable":true,"href":"https:\/\/locomociontv.org\/index.php?rest_route=%2Fwp%2Fv2%2Fcategories&post=27739"},{"taxonomy":"post_tag","embeddable":true,"href":"https:\/\/locomociontv.org\/index.php?rest_route=%2Fwp%2Fv2%2Ftags&post=27739"}],"curies":[{"name":"wp","href":"https:\/\/api.w.org\/{rel}","templated":true}]}}