{"id":27356,"date":"2023-08-21T18:20:00","date_gmt":"2023-08-21T21:20:00","guid":{"rendered":"https:\/\/locomociontv.org\/?p=27356"},"modified":"2023-08-27T19:48:28","modified_gmt":"2023-08-27T22:48:28","slug":"el-irreverente-p-a-s-o-al-infierno-2023","status":"publish","type":"post","link":"https:\/\/locomociontv.org\/?p=27356","title":{"rendered":"EL IRREVERENTE &#8211; P.A.S.O. AL INFIERNO 2023"},"content":{"rendered":"\n<h3 class=\"wp-block-heading\">Emisi\u00f3n Completa:<\/h3>\n\n\n\n<figure class=\"wp-block-embed is-type-video is-provider-youtube wp-block-embed-youtube wp-embed-aspect-16-9 wp-has-aspect-ratio\"><div class=\"wp-block-embed__wrapper\">\n<iframe loading=\"lazy\" title=\"P.A.S.O. AL INFIERNO 2023 - LA PREVIA\" width=\"818\" height=\"460\" src=\"https:\/\/www.youtube.com\/embed\/videoseries?list=PL8Vh50wrvniyiPIvj76R8B0GV6ZORg7KF\" frameborder=\"0\" allow=\"accelerometer; autoplay; clipboard-write; encrypted-media; gyroscope; picture-in-picture; web-share\" allowfullscreen><\/iframe>\n<\/div><\/figure>\n\n\n\n<!--nextpage-->\n\n\n\n<h3 class=\"wp-block-heading\"><a href=\"https:\/\/youtu.be\/MeZzTPIt_zE\" target=\"_blank\" rel=\"noreferrer noopener\">Emisi\u00f3n Especial P.A.S.O. al Infierno 2023 &#8211; Res\u00famen Nacional:<\/a><\/h3>\n\n\n\n<figure class=\"wp-block-embed is-type-video is-provider-youtube wp-block-embed-youtube wp-embed-aspect-16-9 wp-has-aspect-ratio\"><div class=\"wp-block-embed__wrapper\">\n<iframe loading=\"lazy\" title=\"Emisi\u00f3n Especial P.A.S.O. al Infierno 2023 - Res\u00famen Nacional\" width=\"818\" height=\"460\" src=\"https:\/\/www.youtube.com\/embed\/MeZzTPIt_zE?feature=oembed\" frameborder=\"0\" allow=\"accelerometer; autoplay; clipboard-write; encrypted-media; gyroscope; picture-in-picture; web-share\" allowfullscreen><\/iframe>\n<\/div><\/figure>\n\n\n\n<!--nextpage-->\n\n\n\n<h3 class=\"wp-block-heading\"><a rel=\"noreferrer noopener\" href=\"https:\/\/www.youtube.com\/watch?v=Rqx3U9bNm4s\" target=\"_blank\">P.A.S.O. AL INFIERNO 2023 EN LA AUT\u00d3NOMA<\/a>:<\/h3>\n\n\n\n<figure class=\"wp-block-embed is-type-video is-provider-youtube wp-block-embed-youtube wp-embed-aspect-16-9 wp-has-aspect-ratio\"><div class=\"wp-block-embed__wrapper\">\n<iframe loading=\"lazy\" title=\"P.A S.O. AL INFIERNO 2023 EN LA AUT\u00d3NOMA\" width=\"818\" height=\"460\" src=\"https:\/\/www.youtube.com\/embed\/Rqx3U9bNm4s?feature=oembed\" frameborder=\"0\" allow=\"accelerometer; autoplay; clipboard-write; encrypted-media; gyroscope; picture-in-picture; web-share\" allowfullscreen><\/iframe>\n<\/div><\/figure>\n\n\n\n<!--nextpage-->\n\n\n\n<h3 class=\"wp-block-heading\">PRIMER AVANCE:<\/h3>\n\n\n\n<figure class=\"wp-block-embed is-type-video is-provider-youtube wp-block-embed-youtube wp-embed-aspect-16-9 wp-has-aspect-ratio\"><div class=\"wp-block-embed__wrapper\">\n<iframe loading=\"lazy\" title=\"Emisi\u00f3n Especial - P.A.S.O. AL INFIERNO 2023 (PRIMER AVANCE)\" width=\"818\" height=\"460\" src=\"https:\/\/www.youtube.com\/embed\/8pn93FiW68I?feature=oembed\" frameborder=\"0\" allow=\"accelerometer; autoplay; clipboard-write; encrypted-media; gyroscope; picture-in-picture; web-share\" allowfullscreen><\/iframe>\n<\/div><\/figure>\n\n\n\n<!--nextpage-->\n\n\n\n<h3 class=\"wp-block-heading\">Presentaci\u00f3n de la Emisi\u00f3n Especial:<\/h3>\n\n\n\n<figure class=\"wp-block-video\"><video height=\"1078\" style=\"aspect-ratio: 1920 \/ 1078;\" width=\"1920\" controls src=\"https:\/\/locomociontv.org\/wp-content\/uploads\/2023\/08\/wp-1691617253763.mp4\"><\/video><\/figure>\n\n\n\n<!--nextpage-->\n\n\n\n<p>Hola amigas y amigos:<\/p>\n\n\n\n<p>Sean bienvenides a esta Emisi\u00f3n Especial P.A.S.O. AL INFIERNO 2023 de El Irreverente.<\/p>\n\n\n\n<p>Este primer contacto es solamente para contarles que desde aqu\u00ed comienza la cobertura de estas elecciones nacionales P.A.S.O., que se estrenan con pisoteo de la Constituci\u00f3n en la Aut\u00f3noma y con Reforma a Punta de Pistola en Jujuy, para empezar a hablar. <\/p>\n\n\n\n<p>As\u00ed de livianito viene el men\u00fa de esto que hemos dado en llamar: &#8220;P.A.S.O. AL INFIERNO 2023&#8221;.<\/p>\n\n\n\n<!--nextpage-->\n\n\n\n<figure class=\"wp-block-embed is-type-wp-embed is-provider-locomocion-tv wp-block-embed-locomocion-tv\"><div class=\"wp-block-embed__wrapper\">\n<blockquote class=\"wp-embedded-content\" data-secret=\"c7CCBONE7r\"><a href=\"https:\/\/locomociontv.org\/?p=27232\">6 opciones presidenciales menos en la Aut\u00f3noma<\/a><\/blockquote><iframe loading=\"lazy\" class=\"wp-embedded-content\" sandbox=\"allow-scripts\" security=\"restricted\" style=\"position: absolute; clip: rect(1px, 1px, 1px, 1px);\" title=\"&#8220;6 opciones presidenciales menos en la Aut\u00f3noma&#8221; &#8212; Locomoci\u00f3n TV\" src=\"https:\/\/locomociontv.org\/?p=27232&#038;embed=true#?secret=c7CCBONE7r\" data-secret=\"c7CCBONE7r\" width=\"600\" height=\"338\" frameborder=\"0\" marginwidth=\"0\" marginheight=\"0\" scrolling=\"no\"><\/iframe>\n<\/div><\/figure>\n\n\n\n<!--nextpage-->\n\n\n\n<figure class=\"wp-block-embed is-type-wp-embed is-provider-locomocion-tv wp-block-embed-locomocion-tv\"><div class=\"wp-block-embed__wrapper\">\n<blockquote class=\"wp-embedded-content\" data-secret=\"JXVwUGfQcy\"><a href=\"https:\/\/locomociontv.org\/?p=27391\">Las 27 boletas presidenciales de estas P.A.S.O.<\/a><\/blockquote><iframe loading=\"lazy\" class=\"wp-embedded-content\" sandbox=\"allow-scripts\" security=\"restricted\" style=\"position: absolute; clip: rect(1px, 1px, 1px, 1px);\" title=\"&#8220;Las 27 boletas presidenciales de estas P.A.S.O.&#8221; &#8212; Locomoci\u00f3n TV\" src=\"https:\/\/locomociontv.org\/?p=27391&#038;embed=true#?secret=JXVwUGfQcy\" data-secret=\"JXVwUGfQcy\" width=\"600\" height=\"338\" frameborder=\"0\" marginwidth=\"0\" marginheight=\"0\" scrolling=\"no\"><\/iframe>\n<\/div><\/figure>\n<div class=\"pdfprnt-buttons pdfprnt-buttons-post pdfprnt-bottom-right\"><a href=\"https:\/\/locomociontv.org\/index.php?rest_route=%2Fwp%2Fv2%2Fposts%2F27356&print=pdf\" class=\"pdfprnt-button pdfprnt-button-pdf\" target=\"_blank\" ><img decoding=\"async\" src=\"https:\/\/locomociontv.org\/wp-content\/plugins\/pdf-print\/images\/pdf.png\" alt=\"image_pdf\" title=\"View PDF\" \/><span class=\"pdfprnt-button-title pdfprnt-button-pdf-title\">Hacer PDF<\/span><\/a><a href=\"https:\/\/locomociontv.org\/index.php?rest_route=%2Fwp%2Fv2%2Fposts%2F27356&print=print\" class=\"pdfprnt-button pdfprnt-button-print\" target=\"_blank\" ><img decoding=\"async\" src=\"https:\/\/locomociontv.org\/wp-content\/plugins\/pdf-print\/images\/print.png\" alt=\"image_print\" title=\"Print Content\" \/><span class=\"pdfprnt-button-title pdfprnt-button-print-title\">Imprimir<\/span><\/a><\/div><p>Views: 8<\/p>","protected":false},"excerpt":{"rendered":"<p> Views: 8<\/p>\n","protected":false},"author":1,"featured_media":27357,"comment_status":"open","ping_status":"open","sticky":false,"template":"","format":"video","meta":{"footnotes":""},"categories":[1],"tags":[],"class_list":["post-27356","post","type-post","status-publish","format-video","has-post-thumbnail","hentry","category-sin-categoria","post_format-post-format-video","post-dark","post-wide","has-post-thumb"],"_links":{"self":[{"href":"https:\/\/locomociontv.org\/index.php?rest_route=\/wp\/v2\/posts\/27356","targetHints":{"allow":["GET"]}}],"collection":[{"href":"https:\/\/locomociontv.org\/index.php?rest_route=\/wp\/v2\/posts"}],"about":[{"href":"https:\/\/locomociontv.org\/index.php?rest_route=\/wp\/v2\/types\/post"}],"author":[{"embeddable":true,"href":"https:\/\/locomociontv.org\/index.php?rest_route=\/wp\/v2\/users\/1"}],"replies":[{"embeddable":true,"href":"https:\/\/locomociontv.org\/index.php?rest_route=%2Fwp%2Fv2%2Fcomments&post=27356"}],"version-history":[{"count":13,"href":"https:\/\/locomociontv.org\/index.php?rest_route=\/wp\/v2\/posts\/27356\/revisions"}],"predecessor-version":[{"id":27495,"href":"https:\/\/locomociontv.org\/index.php?rest_route=\/wp\/v2\/posts\/27356\/revisions\/27495"}],"wp:featuredmedia":[{"embeddable":true,"href":"https:\/\/locomociontv.org\/index.php?rest_route=\/wp\/v2\/media\/27357"}],"wp:attachment":[{"href":"https:\/\/locomociontv.org\/index.php?rest_route=%2Fwp%2Fv2%2Fmedia&parent=27356"}],"wp:term":[{"taxonomy":"category","embeddable":true,"href":"https:\/\/locomociontv.org\/index.php?rest_route=%2Fwp%2Fv2%2Fcategories&post=27356"},{"taxonomy":"post_tag","embeddable":true,"href":"https:\/\/locomociontv.org\/index.php?rest_route=%2Fwp%2Fv2%2Ftags&post=27356"}],"curies":[{"name":"wp","href":"https:\/\/api.w.org\/{rel}","templated":true}]}}