{"id":27142,"date":"2023-08-02T22:12:00","date_gmt":"2023-08-03T01:12:00","guid":{"rendered":"https:\/\/locomociontv.org\/?p=27142"},"modified":"2023-08-07T21:53:15","modified_gmt":"2023-08-08T00:53:15","slug":"juan-grabois-se-reunio-con-el-embajador-de-estados-unidos-en-un-acto-patriotico-y-cristiano","status":"publish","type":"post","link":"https:\/\/locomociontv.org\/?p=27142","title":{"rendered":"Juan Grabois se reuni\u00f3 con el embajador de Estados Unidos en un acto patri\u00f3tico y cristiano"},"content":{"rendered":"\n<p class=\"has-text-align-right\"><strong><em>por El Heraldo Furioso<\/em><\/strong><\/p>\n\n\n\n<figure class=\"wp-block-video\"><video height=\"1078\" style=\"aspect-ratio: 1920 \/ 1078;\" width=\"1920\" controls src=\"https:\/\/locomociontv.org\/wp-content\/uploads\/2023\/08\/Video.Guru_20230807_211700647.mp4\"><\/video><\/figure>\n\n\n\n<!--nextpage-->\n\n\n\n<p>No imaginen que nadie se volvi\u00f3 loco no nada por el estilo, Grabois ya es militante de Grobo, de Monsanto, de la Barrick, de Chevron y lo que se le ponga delante y te habla de Dios y la Patria. Quiere debatir con la izquierda, quiz\u00e1s en ese rol macartista se sienta c\u00f3modo como cuando reventaban prost\u00edbulos y compart\u00edan cartelera con Prefectura. Ya se los ve\u00eda c\u00f3modos a poco de asumir Alberto Fern\u00e1ndez en reuniones con las fuerzas de seguridad federales o votando el ingreso de Marines en su primer experiencia parlamentaria.<\/p>\n\n\n\n<p>Grabois, termina de blanquear sus preferencias, ya no queda m\u00e1s que decir que ser\u00e1 y nunca dejar\u00e1 de ser un simple buf\u00f3n imperial, una fachada de negocios millonarios con la oligarK\u00eda y el imperialismo al reunirse el 2 de agosto con Marc Stanley, embajador de los Estados Unidos en la Argentina.<\/p>\n\n\n\n<p>No se reunieron en la Embajada, pero solamente para no salir en las foto de todes les traidores de la humanidad, aunque sean parte de elles, se reunieron en las oficinas de la UTEP en el Barrio de Constituci\u00f3n. <\/p>\n\n\n\n<p>Un maridaje imperialista m\u00e1s que explica la quita deliberada de apoyo de Grabois y su banda de Nac &amp; Popes a las luchas socioambientales en todo el pa\u00eds. Enhorabuena, que sigan blanqueando su rol de vasallos de segundo linaje del imperialismo.<\/p>\n<div class=\"pdfprnt-buttons pdfprnt-buttons-post pdfprnt-bottom-right\"><a href=\"https:\/\/locomociontv.org\/index.php?rest_route=%2Fwp%2Fv2%2Fposts%2F27142&print=pdf\" class=\"pdfprnt-button pdfprnt-button-pdf\" target=\"_blank\" ><img decoding=\"async\" src=\"https:\/\/locomociontv.org\/wp-content\/plugins\/pdf-print\/images\/pdf.png\" alt=\"image_pdf\" title=\"View PDF\" \/><span class=\"pdfprnt-button-title pdfprnt-button-pdf-title\">Hacer PDF<\/span><\/a><a href=\"https:\/\/locomociontv.org\/index.php?rest_route=%2Fwp%2Fv2%2Fposts%2F27142&print=print\" class=\"pdfprnt-button pdfprnt-button-print\" target=\"_blank\" ><img decoding=\"async\" src=\"https:\/\/locomociontv.org\/wp-content\/plugins\/pdf-print\/images\/print.png\" alt=\"image_print\" title=\"Print Content\" \/><span class=\"pdfprnt-button-title pdfprnt-button-print-title\">Imprimir<\/span><\/a><\/div><p>Views: 1<\/p>","protected":false},"excerpt":{"rendered":"<p> Views: 1<\/p>\n","protected":false},"author":1,"featured_media":27219,"comment_status":"open","ping_status":"open","sticky":false,"template":"","format":"video","meta":{"footnotes":""},"categories":[1],"tags":[],"class_list":["post-27142","post","type-post","status-publish","format-video","has-post-thumbnail","hentry","category-sin-categoria","post_format-post-format-video","post-dark","post-wide","has-post-thumb"],"_links":{"self":[{"href":"https:\/\/locomociontv.org\/index.php?rest_route=\/wp\/v2\/posts\/27142","targetHints":{"allow":["GET"]}}],"collection":[{"href":"https:\/\/locomociontv.org\/index.php?rest_route=\/wp\/v2\/posts"}],"about":[{"href":"https:\/\/locomociontv.org\/index.php?rest_route=\/wp\/v2\/types\/post"}],"author":[{"embeddable":true,"href":"https:\/\/locomociontv.org\/index.php?rest_route=\/wp\/v2\/users\/1"}],"replies":[{"embeddable":true,"href":"https:\/\/locomociontv.org\/index.php?rest_route=%2Fwp%2Fv2%2Fcomments&post=27142"}],"version-history":[{"count":6,"href":"https:\/\/locomociontv.org\/index.php?rest_route=\/wp\/v2\/posts\/27142\/revisions"}],"predecessor-version":[{"id":27224,"href":"https:\/\/locomociontv.org\/index.php?rest_route=\/wp\/v2\/posts\/27142\/revisions\/27224"}],"wp:featuredmedia":[{"embeddable":true,"href":"https:\/\/locomociontv.org\/index.php?rest_route=\/wp\/v2\/media\/27219"}],"wp:attachment":[{"href":"https:\/\/locomociontv.org\/index.php?rest_route=%2Fwp%2Fv2%2Fmedia&parent=27142"}],"wp:term":[{"taxonomy":"category","embeddable":true,"href":"https:\/\/locomociontv.org\/index.php?rest_route=%2Fwp%2Fv2%2Fcategories&post=27142"},{"taxonomy":"post_tag","embeddable":true,"href":"https:\/\/locomociontv.org\/index.php?rest_route=%2Fwp%2Fv2%2Ftags&post=27142"}],"curies":[{"name":"wp","href":"https:\/\/api.w.org\/{rel}","templated":true}]}}