{"id":25915,"date":"2023-05-12T16:06:09","date_gmt":"2023-05-12T19:06:09","guid":{"rendered":"https:\/\/locomociontv.org\/?p=25915"},"modified":"2023-05-13T07:48:22","modified_gmt":"2023-05-13T10:48:22","slug":"se-conocio-la-inflacion-de-abril-de-2023-8-4","status":"publish","type":"post","link":"https:\/\/locomociontv.org\/?p=25915","title":{"rendered":"Se conoci\u00f3 la inflaci\u00f3n de Abril de 2023: 8.4%"},"content":{"rendered":"\n<figure class=\"wp-block-video\"><video height=\"1076\" style=\"aspect-ratio: 1920 \/ 1076;\" width=\"1920\" controls src=\"https:\/\/locomociontv.org\/wp-content\/uploads\/2023\/05\/Video.Guru_20230513_074448562.mp4\"><\/video><\/figure>\n\n\n\n<!--nextpage-->\n\n\n\n<figure class=\"wp-block-image size-large\"><img loading=\"lazy\" decoding=\"async\" width=\"1024\" height=\"574\" src=\"https:\/\/locomociontv.org\/wp-content\/uploads\/2023\/05\/25915-00-1024x574.jpeg\" alt=\"\" class=\"wp-image-25921\" srcset=\"https:\/\/locomociontv.org\/wp-content\/uploads\/2023\/05\/25915-00-1024x574.jpeg 1024w, https:\/\/locomociontv.org\/wp-content\/uploads\/2023\/05\/25915-00-300x168.jpeg 300w, https:\/\/locomociontv.org\/wp-content\/uploads\/2023\/05\/25915-00-768x430.jpeg 768w, https:\/\/locomociontv.org\/wp-content\/uploads\/2023\/05\/25915-00-1536x861.jpeg 1536w, https:\/\/locomociontv.org\/wp-content\/uploads\/2023\/05\/25915-00.jpeg 1599w\" sizes=\"auto, (max-width: 1024px) 100vw, 1024px\" \/><\/figure>\n\n\n\n<p>A las 16 horas de hoy, puntuales como siempre, el INDEC public\u00f3 el \u00cdndice de Precios al Consumidor (IPC) del mes de abril de 2023, el que tuvo una variaci\u00f3n mensual del 8.4%. <\/p>\n\n\n\n<p>Este \u00edndice, adem\u00e1s de ser una tremenda ficci\u00f3n o la inflaci\u00f3n que el Estado est\u00e1 dispuesto a reconocer, es importante a la hora de celebrar contratos o temas muy importantes y que pueden comprometer seriamente las econom\u00edas de la familias argentinas.<\/p>\n\n\n\n<figure class=\"wp-block-image size-large\"><img loading=\"lazy\" decoding=\"async\" width=\"1024\" height=\"574\" src=\"https:\/\/locomociontv.org\/wp-content\/uploads\/2023\/05\/25915-01-1024x574.jpeg\" alt=\"\" class=\"wp-image-25920\" srcset=\"https:\/\/locomociontv.org\/wp-content\/uploads\/2023\/05\/25915-01-1024x574.jpeg 1024w, https:\/\/locomociontv.org\/wp-content\/uploads\/2023\/05\/25915-01-300x168.jpeg 300w, https:\/\/locomociontv.org\/wp-content\/uploads\/2023\/05\/25915-01-768x430.jpeg 768w, https:\/\/locomociontv.org\/wp-content\/uploads\/2023\/05\/25915-01-1536x861.jpeg 1536w, https:\/\/locomociontv.org\/wp-content\/uploads\/2023\/05\/25915-01.jpeg 1599w\" sizes=\"auto, (max-width: 1024px) 100vw, 1024px\" \/><\/figure>\n\n\n\n<p>As\u00ed las cosas, el IPC acumula una variaci\u00f3n para este 2023 del 32%, mientras que la variaci\u00f3n interanual llega al 108.8%. Y pensar que <a rel=\"noreferrer noopener\" href=\"https:\/\/twitter.com\/indignadoxd\/status\/1558049124028743689?lang=es\" target=\"_blank\">alguna se\u00f1ora oligarKa dec\u00eda que con un 25% el pa\u00eds estallar\u00eda por los aires<\/a>. <\/p>\n\n\n\n<p>Mutismo oficial, no se olvidaron de que prometi\u00f3 el Regente que en abril iban a llegar a una variaci\u00f3n mensual del 3%, a\u00fan considerando su propio dibujo el desastre econ\u00f3mico y social de este Gobierno ya es m\u00e1s que evidente. Solamente les queda tercerizar el desastre y buscar excusas para llegar a agosto m\u00e1s o menos bien parados, aunque a esta altura eso parece imposible.<\/p>\n<div class=\"pdfprnt-buttons pdfprnt-buttons-post pdfprnt-bottom-right\"><a href=\"https:\/\/locomociontv.org\/index.php?rest_route=%2Fwp%2Fv2%2Fposts%2F25915&print=pdf\" class=\"pdfprnt-button pdfprnt-button-pdf\" target=\"_blank\" ><img decoding=\"async\" src=\"https:\/\/locomociontv.org\/wp-content\/plugins\/pdf-print\/images\/pdf.png\" alt=\"image_pdf\" title=\"View PDF\" \/><span class=\"pdfprnt-button-title pdfprnt-button-pdf-title\">Hacer PDF<\/span><\/a><a href=\"https:\/\/locomociontv.org\/index.php?rest_route=%2Fwp%2Fv2%2Fposts%2F25915&print=print\" class=\"pdfprnt-button pdfprnt-button-print\" target=\"_blank\" ><img decoding=\"async\" src=\"https:\/\/locomociontv.org\/wp-content\/plugins\/pdf-print\/images\/print.png\" alt=\"image_print\" title=\"Print Content\" \/><span class=\"pdfprnt-button-title pdfprnt-button-print-title\">Imprimir<\/span><\/a><\/div><p>Views: 0<\/p>","protected":false},"excerpt":{"rendered":"<p> Views: 0<\/p>\n","protected":false},"author":1,"featured_media":25917,"comment_status":"open","ping_status":"open","sticky":false,"template":"","format":"video","meta":{"footnotes":""},"categories":[17,99,120,126,127,9,113],"tags":[],"class_list":["post-25915","post","type-post","status-publish","format-video","has-post-thumbnail","hentry","category-corruptelas-varias","category-el-cabaret-de-todos","category-elecciones-2023","category-esta-gestion-es-una-massa","category-la-inflacion-que-el-estado-reconoce","category-politica-nacional","category-un-queso-de-bola-en-la-rosada","post_format-post-format-video","post-dark","post-wide","has-post-thumb"],"_links":{"self":[{"href":"https:\/\/locomociontv.org\/index.php?rest_route=\/wp\/v2\/posts\/25915","targetHints":{"allow":["GET"]}}],"collection":[{"href":"https:\/\/locomociontv.org\/index.php?rest_route=\/wp\/v2\/posts"}],"about":[{"href":"https:\/\/locomociontv.org\/index.php?rest_route=\/wp\/v2\/types\/post"}],"author":[{"embeddable":true,"href":"https:\/\/locomociontv.org\/index.php?rest_route=\/wp\/v2\/users\/1"}],"replies":[{"embeddable":true,"href":"https:\/\/locomociontv.org\/index.php?rest_route=%2Fwp%2Fv2%2Fcomments&post=25915"}],"version-history":[{"count":6,"href":"https:\/\/locomociontv.org\/index.php?rest_route=\/wp\/v2\/posts\/25915\/revisions"}],"predecessor-version":[{"id":25947,"href":"https:\/\/locomociontv.org\/index.php?rest_route=\/wp\/v2\/posts\/25915\/revisions\/25947"}],"wp:featuredmedia":[{"embeddable":true,"href":"https:\/\/locomociontv.org\/index.php?rest_route=\/wp\/v2\/media\/25917"}],"wp:attachment":[{"href":"https:\/\/locomociontv.org\/index.php?rest_route=%2Fwp%2Fv2%2Fmedia&parent=25915"}],"wp:term":[{"taxonomy":"category","embeddable":true,"href":"https:\/\/locomociontv.org\/index.php?rest_route=%2Fwp%2Fv2%2Fcategories&post=25915"},{"taxonomy":"post_tag","embeddable":true,"href":"https:\/\/locomociontv.org\/index.php?rest_route=%2Fwp%2Fv2%2Ftags&post=25915"}],"curies":[{"name":"wp","href":"https:\/\/api.w.org\/{rel}","templated":true}]}}