{"id":25892,"date":"2023-05-11T13:22:00","date_gmt":"2023-05-11T16:22:00","guid":{"rendered":"https:\/\/locomociontv.org\/?p=25892"},"modified":"2023-05-11T22:04:13","modified_gmt":"2023-05-12T01:04:13","slug":"el-presidente-re-renuncio-a-la-reeleccion","status":"publish","type":"post","link":"https:\/\/locomociontv.org\/?p=25892","title":{"rendered":"El Presidente re-renunci\u00f3 a la reelecci\u00f3n"},"content":{"rendered":"\n<figure class=\"wp-block-video\"><video height=\"1076\" style=\"aspect-ratio: 1920 \/ 1076;\" width=\"1920\" controls src=\"https:\/\/locomociontv.org\/wp-content\/uploads\/2023\/05\/25892.mp4\"><\/video><\/figure>\n\n\n\n<!--nextpage-->\n\n\n\n<figure class=\"wp-block-image size-large\"><img loading=\"lazy\" decoding=\"async\" width=\"1024\" height=\"574\" src=\"https:\/\/locomociontv.org\/wp-content\/uploads\/2023\/05\/BackgroundEraser_20230511_191843634-1024x574.png\" alt=\"\" class=\"wp-image-25894\" srcset=\"https:\/\/locomociontv.org\/wp-content\/uploads\/2023\/05\/BackgroundEraser_20230511_191843634-1024x574.png 1024w, https:\/\/locomociontv.org\/wp-content\/uploads\/2023\/05\/BackgroundEraser_20230511_191843634-300x168.png 300w, https:\/\/locomociontv.org\/wp-content\/uploads\/2023\/05\/BackgroundEraser_20230511_191843634-768x430.png 768w, https:\/\/locomociontv.org\/wp-content\/uploads\/2023\/05\/BackgroundEraser_20230511_191843634-1536x861.png 1536w, https:\/\/locomociontv.org\/wp-content\/uploads\/2023\/05\/BackgroundEraser_20230511_191843634.png 1920w\" sizes=\"auto, (max-width: 1024px) 100vw, 1024px\" \/><\/figure>\n\n\n\n<p>El 11 de mayo el Presidente de la Naci\u00f3n, Dr. Alberto Angel Fern\u00e1ndez volvi\u00f3 a renunciar a la reelecci\u00f3n. Lo hizo en otra de sus inauguraciones proselitistas, esta vez entregando 57 casas en Ezeiza. Tenemos en claro hace tiempo que de salida en 6 meses de la Rosada, este se\u00f1or no piensa hacer nada que se parezca a gobernar y solamente ocupar\u00e1 su tiempo como prometi\u00f3 en que alguien del Frente de Todos lo suceda en la Presidencia a partir del 10 de diciembre.<\/p>\n\n\n\n<p>Un gobierno ultradebilitado del que se despegan todes, no resiste un &#8220;rumor&#8221; o un &#8220;run-run&#8221; que hagan circular. Esas fuentes bajas, sucias e impresentables nunca ser\u00e1n noticia aqu\u00ed en Locomoci\u00f3n TV, pero si esas especies merecen que el Presidente salga a desmentirlas, nosotros debemos ponerlas de nuevo en la din\u00e1mica pauta informativa de la hora. <\/p>\n\n\n\n<p>En alg\u00fan medio opositor surgi\u00f3 el chimento que el Presidente habr\u00eda dicho a un periodista allegado que \u00e9l en ning\u00fan momento dijo que renunciaba o se bajaba de la reelecci\u00f3n. Algo, que como les dijimos, dejamos de lado en Locomoci\u00f3n TV ya que nos parec\u00eda algo impublicable e irrelevante para las problem\u00e1ticas que trata este resumen de noticias. <\/p>\n\n\n\n<p>Tal cuesti\u00f3n pareci\u00f3 crispar al Primer Mandatario y cuando eso le pasa, comienza a pensar que los actos de gobierno y sobre todos los muy apedorrados como este, los usar\u00e1 para hacerse propaganda de si mismo, cosa que \u00faltimamente nadie quiere hacer por \u00e9l ni por todo el oro del mundo. Utilizar\u00e1 todos los pertrechos estatales a su alcance para que se hable de \u00e9l, aunque en los \u00faltimos tiempos como m\u00e1ximo mover\u00e1 a risa nuestro queso de bola en jefe.  No resiste un soplido su gesti\u00f3n y, teniendo claro que no piensa hacerse cargo de nada de su desgobierno, dir\u00e1 que se baja por que se ocupa del pa\u00eds. Siniestra hipocres\u00eda, bien del peronismo fuerte del Siglo 21, decir que se va a hacer cargo de los problemas del pa\u00eds cuando a esta altura les garantizamos que eso no va a ocurrir. <\/p>\n\n\n\n<p>Si el p\u00edloro les aguanta, oiganlo de su propio queso de bola. Les avisamos que es fuerte. <\/p>\n\n\n\n<p>\u00a1Vamos a la noticia!<\/p>\n\n\n\n<figure class=\"wp-block-video\"><video height=\"1080\" style=\"aspect-ratio: 1920 \/ 1080;\" width=\"1920\" controls src=\"https:\/\/locomociontv.org\/wp-content\/uploads\/2023\/05\/2589201-1.mp4\"><\/video><\/figure>\n<div class=\"pdfprnt-buttons pdfprnt-buttons-post pdfprnt-bottom-right\"><a href=\"https:\/\/locomociontv.org\/index.php?rest_route=%2Fwp%2Fv2%2Fposts%2F25892&print=pdf\" class=\"pdfprnt-button pdfprnt-button-pdf\" target=\"_blank\" ><img decoding=\"async\" src=\"https:\/\/locomociontv.org\/wp-content\/plugins\/pdf-print\/images\/pdf.png\" alt=\"image_pdf\" title=\"View PDF\" \/><span class=\"pdfprnt-button-title pdfprnt-button-pdf-title\">Hacer PDF<\/span><\/a><a href=\"https:\/\/locomociontv.org\/index.php?rest_route=%2Fwp%2Fv2%2Fposts%2F25892&print=print\" class=\"pdfprnt-button pdfprnt-button-print\" target=\"_blank\" ><img decoding=\"async\" src=\"https:\/\/locomociontv.org\/wp-content\/plugins\/pdf-print\/images\/print.png\" alt=\"image_print\" title=\"Print Content\" \/><span class=\"pdfprnt-button-title pdfprnt-button-print-title\">Imprimir<\/span><\/a><\/div><p>Views: 0<\/p>","protected":false},"excerpt":{"rendered":"<p> Views: 0<\/p>\n","protected":false},"author":732,"featured_media":25894,"comment_status":"open","ping_status":"open","sticky":false,"template":"","format":"video","meta":{"footnotes":""},"categories":[99,120,126,127,105,9,113],"tags":[],"class_list":["post-25892","post","type-post","status-publish","format-video","has-post-thumbnail","hentry","category-el-cabaret-de-todos","category-elecciones-2023","category-esta-gestion-es-una-massa","category-la-inflacion-que-el-estado-reconoce","category-locomocion-tv-noticias","category-politica-nacional","category-un-queso-de-bola-en-la-rosada","post_format-post-format-video","post-dark","post-wide","has-post-thumb"],"_links":{"self":[{"href":"https:\/\/locomociontv.org\/index.php?rest_route=\/wp\/v2\/posts\/25892","targetHints":{"allow":["GET"]}}],"collection":[{"href":"https:\/\/locomociontv.org\/index.php?rest_route=\/wp\/v2\/posts"}],"about":[{"href":"https:\/\/locomociontv.org\/index.php?rest_route=\/wp\/v2\/types\/post"}],"author":[{"embeddable":true,"href":"https:\/\/locomociontv.org\/index.php?rest_route=\/wp\/v2\/users\/732"}],"replies":[{"embeddable":true,"href":"https:\/\/locomociontv.org\/index.php?rest_route=%2Fwp%2Fv2%2Fcomments&post=25892"}],"version-history":[{"count":8,"href":"https:\/\/locomociontv.org\/index.php?rest_route=\/wp\/v2\/posts\/25892\/revisions"}],"predecessor-version":[{"id":25911,"href":"https:\/\/locomociontv.org\/index.php?rest_route=\/wp\/v2\/posts\/25892\/revisions\/25911"}],"wp:featuredmedia":[{"embeddable":true,"href":"https:\/\/locomociontv.org\/index.php?rest_route=\/wp\/v2\/media\/25894"}],"wp:attachment":[{"href":"https:\/\/locomociontv.org\/index.php?rest_route=%2Fwp%2Fv2%2Fmedia&parent=25892"}],"wp:term":[{"taxonomy":"category","embeddable":true,"href":"https:\/\/locomociontv.org\/index.php?rest_route=%2Fwp%2Fv2%2Fcategories&post=25892"},{"taxonomy":"post_tag","embeddable":true,"href":"https:\/\/locomociontv.org\/index.php?rest_route=%2Fwp%2Fv2%2Ftags&post=25892"}],"curies":[{"name":"wp","href":"https:\/\/api.w.org\/{rel}","templated":true}]}}