{"id":25856,"date":"2023-05-09T14:55:00","date_gmt":"2023-05-09T17:55:00","guid":{"rendered":"https:\/\/locomociontv.org\/?p=25856"},"modified":"2023-05-10T16:56:01","modified_gmt":"2023-05-10T19:56:01","slug":"la-corte-suprema-de-justicia-suspende-las-elecciones-en-tucuman-y-san-juan","status":"publish","type":"post","link":"https:\/\/locomociontv.org\/?p=25856","title":{"rendered":"La Corte Suprema de Justicia suspende las elecciones en Tucum\u00e1n y San Juan"},"content":{"rendered":"\n<figure class=\"wp-block-image size-large\"><img loading=\"lazy\" decoding=\"async\" width=\"1024\" height=\"696\" src=\"https:\/\/locomociontv.org\/wp-content\/uploads\/2023\/05\/25856-00-1024x696.jpeg\" alt=\"\" class=\"wp-image-25858\" srcset=\"https:\/\/locomociontv.org\/wp-content\/uploads\/2023\/05\/25856-00-1024x696.jpeg 1024w, https:\/\/locomociontv.org\/wp-content\/uploads\/2023\/05\/25856-00-300x204.jpeg 300w, https:\/\/locomociontv.org\/wp-content\/uploads\/2023\/05\/25856-00-768x522.jpeg 768w, https:\/\/locomociontv.org\/wp-content\/uploads\/2023\/05\/25856-00-1536x1044.jpeg 1536w, https:\/\/locomociontv.org\/wp-content\/uploads\/2023\/05\/25856-00.jpeg 1599w\" sizes=\"auto, (max-width: 1024px) 100vw, 1024px\" \/><\/figure>\n\n\n\n<p>La Corte Suprema de Justicia de la Naci\u00f3n suspendi\u00f3 las elecciones en Tucum\u00e1n y San Juan previstas para este domingo 14 de mayo. Fue por pedido de dirigentes opositores que impugnaban la postulaci\u00f3n de los actuales gobernadores, Juan Manzur y Sergio U\u00f1ac. El culto a la personalidad existente en las provincias de r\u00e9gimen feudal les lleva a pensar que pueden estar por encima de la ley, lo cual es cierto casi siempre.<\/p>\n\n\n\n<p>En su parte resolutiva la sentencia accede a las medidas cautelares presentadas por fuerzas opositoras de San Juan y Tucum\u00e1n, decidiendo:<\/p>\n\n\n\n<ul class=\"wp-block-list\"><li>&#8220;Hacer lugar a la medida cautelar solicitada y, en consecuencia, suspender la convocatoria a elecci\u00f3n de gobernador y vicegobernador de la Provincia de Tucum\u00e1n del pr\u00f3ximo 14 de mayo hasta tanto se dicte un pronunciamiento definitivo&#8221;.<\/li><li>&#8220;Hacer lugar a la medida cautelar solicitada y, en consecuencia, suspender la convocatoria a elecci\u00f3n de gobernador y vicegobernador de la Provincia de San Juan del pr\u00f3ximo 14 de mayo hasta tanto se dicte un pronunciamiento definitivo&#8221;.<\/li><\/ul>\n\n\n\n<!--nextpage-->\n\n\n\n<h3 class=\"wp-block-heading\">Las reacciones en el Frente de Todos<\/h3>\n\n\n\n<figure class=\"wp-block-image size-large\"><img loading=\"lazy\" decoding=\"async\" width=\"1024\" height=\"681\" src=\"https:\/\/locomociontv.org\/wp-content\/uploads\/2023\/05\/25856-A01-00-1024x681.jpeg\" alt=\"\" class=\"wp-image-25865\" srcset=\"https:\/\/locomociontv.org\/wp-content\/uploads\/2023\/05\/25856-A01-00-1024x681.jpeg 1024w, https:\/\/locomociontv.org\/wp-content\/uploads\/2023\/05\/25856-A01-00-300x200.jpeg 300w, https:\/\/locomociontv.org\/wp-content\/uploads\/2023\/05\/25856-A01-00-768x511.jpeg 768w, https:\/\/locomociontv.org\/wp-content\/uploads\/2023\/05\/25856-A01-00-1536x1022.jpeg 1536w, https:\/\/locomociontv.org\/wp-content\/uploads\/2023\/05\/25856-A01-00.jpeg 1599w\" sizes=\"auto, (max-width: 1024px) 100vw, 1024px\" \/><\/figure>\n\n\n\n<p>Las primeras horas despu\u00e9s del fallo de la Corte Suprema de Justicia, suspendiendo las elecciones en San Juan y Tucum\u00e1n, tuvieron un silencio raro de parte de las bandas oficialistas. El primer registro de la ruptura de ese silencio fue el de Juan Cabandi\u00e9, pregunt\u00e1ndose si se acab\u00f3 la democracia. Un poco m\u00e1s tarde, se expres\u00f3 el Dr. Eduardo Barcesat, que sigue tirando por un oficialismo barato el poco prestigio que le quedaba de otros tiempos, asegurando que este fallo representa un &#8220;golpe institucional&#8221;. Algo ten\u00eda que decir este buen hombre desde su lugar de abogado constitucionalista de Estado. Algo as\u00ed como Pietragalla defensor de los derechos humanos de los que mandan. <\/p>\n\n\n\n<hr class=\"wp-block-separator has-alpha-channel-opacity\"\/>\n\n\n\n<figure class=\"wp-block-image size-large\"><img loading=\"lazy\" decoding=\"async\" width=\"1024\" height=\"574\" src=\"https:\/\/locomociontv.org\/wp-content\/uploads\/2023\/05\/25856-A01-01-1024x574.jpeg\" alt=\"\" class=\"wp-image-25864\" srcset=\"https:\/\/locomociontv.org\/wp-content\/uploads\/2023\/05\/25856-A01-01-1024x574.jpeg 1024w, https:\/\/locomociontv.org\/wp-content\/uploads\/2023\/05\/25856-A01-01-300x168.jpeg 300w, https:\/\/locomociontv.org\/wp-content\/uploads\/2023\/05\/25856-A01-01-768x430.jpeg 768w, https:\/\/locomociontv.org\/wp-content\/uploads\/2023\/05\/25856-A01-01-1536x861.jpeg 1536w, https:\/\/locomociontv.org\/wp-content\/uploads\/2023\/05\/25856-A01-01.jpeg 1599w\" sizes=\"auto, (max-width: 1024px) 100vw, 1024px\" \/><\/figure>\n\n\n\n<p>Hacia las 17 horas lleg\u00f3 la hora en que el Presidente de la Rep\u00fablica se expres\u00f3 sobre el particular y lejos de enrutar a los desorientados del parapolicialaje, public\u00f3 unos tweets y un panfleto con formato de la Casa Rosada y sin firma. Un texto en el que no abandona su abuso de los espacios oficiales para difundir un miserable panfleto proselitista de victimizaci\u00f3n poco seria.<\/p>\n\n\n\n<p>Al menos ha dado se\u00f1ales de vida, ya nadie en este pa\u00eds sabe qu\u00e9 hace este se\u00f1or como Presidente, adem\u00e1s de tuitear provocaciones. Con el estilo policial que caracteriz\u00f3 su gesti\u00f3n, este se\u00f1or proyecta todas las miserias del espacio que lo llevo al Gobierno en los opositores, la Corte y todo lo que no sean ellos mismos. Ya no causa gracia lo poco serio de sus intervenciones y s\u00ed profunda repugnancia. El grado de informalidad de la respuesta presidencial es de un desinter\u00e9s tal que solamente evidencia que no tiene ninguna intenci\u00f3n de gobernar un pa\u00eds que dej\u00f3 a la miseria y se va a sostener polemizando desde una militancia proselitista pagada muy cara por todes. <\/p>\n\n\n\n<hr class=\"wp-block-separator has-alpha-channel-opacity\"\/>\n\n\n\n<figure class=\"wp-block-image size-large\"><img loading=\"lazy\" decoding=\"async\" width=\"1024\" height=\"574\" src=\"https:\/\/locomociontv.org\/wp-content\/uploads\/2023\/05\/25856-A01-02-1024x574.jpeg\" alt=\"\" class=\"wp-image-25866\" srcset=\"https:\/\/locomociontv.org\/wp-content\/uploads\/2023\/05\/25856-A01-02-1024x574.jpeg 1024w, https:\/\/locomociontv.org\/wp-content\/uploads\/2023\/05\/25856-A01-02-300x168.jpeg 300w, https:\/\/locomociontv.org\/wp-content\/uploads\/2023\/05\/25856-A01-02-768x430.jpeg 768w, https:\/\/locomociontv.org\/wp-content\/uploads\/2023\/05\/25856-A01-02-1536x861.jpeg 1536w, https:\/\/locomociontv.org\/wp-content\/uploads\/2023\/05\/25856-A01-02.jpeg 1599w\" sizes=\"auto, (max-width: 1024px) 100vw, 1024px\" \/><\/figure>\n\n\n\n<p>Al Presidente de la Naci\u00f3n le siguieron todos los subditos del Frente de Todos en un desbande sin par, que combin\u00f3 diversos tipos de insultos y acusaciones a la Corte Suprema como suelen reaccionar esta gente cuando se siente acorralada por la realidad. Al igual que el Presidente de la Naci\u00f3n, no dudaron en proyectar sus abyectas conductas en qui\u00e9n sea el enemigo \u00fatil y necesario al mismo tiempo. <\/p>\n\n\n\n<hr class=\"wp-block-separator has-alpha-channel-opacity\"\/>\n\n\n\n<figure class=\"wp-block-image size-large\"><img loading=\"lazy\" decoding=\"async\" width=\"1024\" height=\"574\" src=\"https:\/\/locomociontv.org\/wp-content\/uploads\/2023\/05\/25856-A01-03-1024x574.jpeg\" alt=\"\" class=\"wp-image-25867\" srcset=\"https:\/\/locomociontv.org\/wp-content\/uploads\/2023\/05\/25856-A01-03-1024x574.jpeg 1024w, https:\/\/locomociontv.org\/wp-content\/uploads\/2023\/05\/25856-A01-03-300x168.jpeg 300w, https:\/\/locomociontv.org\/wp-content\/uploads\/2023\/05\/25856-A01-03-768x430.jpeg 768w, https:\/\/locomociontv.org\/wp-content\/uploads\/2023\/05\/25856-A01-03-1536x861.jpeg 1536w, https:\/\/locomociontv.org\/wp-content\/uploads\/2023\/05\/25856-A01-03.jpeg 1599w\" sizes=\"auto, (max-width: 1024px) 100vw, 1024px\" \/><\/figure>\n\n\n\n<p>Entrada la noche qui\u00e9n sali\u00f3 a fijar posici\u00f3n sobre el tema fue la Casa Imperial de los Kirchner, a trav\u00e9s de su paje principal y Ministro del Interior de la Naci\u00f3n, Wado de Pedro. Sin ponerse colorado sali\u00f3 a decir, con video y todo, que &#8220;estamos frente a una virtual intervenci\u00f3n federal en dos provincias&#8221;. Una aut\u00e9ntica pedorrada propia de los siervos de los siervos de la Emperatriz de Tolosa, los cu\u00e1les al igual que su soberana, carecen de toda verg\u00fcenza.<\/p>\n\n\n\n<!--nextpage-->\n\n\n\n<h3 class=\"wp-block-heading\">Las reacciones en Juntos por los Cargos<\/h3>\n\n\n\n<figure class=\"wp-block-image size-large\"><img loading=\"lazy\" decoding=\"async\" width=\"1024\" height=\"574\" src=\"https:\/\/locomociontv.org\/wp-content\/uploads\/2023\/05\/25856-A02-00-1024x574.jpeg\" alt=\"\" class=\"wp-image-25872\" srcset=\"https:\/\/locomociontv.org\/wp-content\/uploads\/2023\/05\/25856-A02-00-1024x574.jpeg 1024w, https:\/\/locomociontv.org\/wp-content\/uploads\/2023\/05\/25856-A02-00-300x168.jpeg 300w, https:\/\/locomociontv.org\/wp-content\/uploads\/2023\/05\/25856-A02-00-768x430.jpeg 768w, https:\/\/locomociontv.org\/wp-content\/uploads\/2023\/05\/25856-A02-00-1536x861.jpeg 1536w, https:\/\/locomociontv.org\/wp-content\/uploads\/2023\/05\/25856-A02-00.jpeg 1599w\" sizes=\"auto, (max-width: 1024px) 100vw, 1024px\" \/><\/figure>\n\n\n\n<p>En Juntos por el Cambio todo fue alborozo por la decisi\u00f3n de la Corte, las celebraciones de esta gente, tan sospechosas como desmedidas, tanto que podr\u00edan caber en el delirio kirchnerista (tambi\u00e9n su sue\u00f1o desde la \u00e9poca de Menem) del &#8220;Partido Judicial&#8221;.<\/p>\n\n\n\n<p>Esta gente reaccion\u00f3 antes que el oficialismo, apoyando la decisi\u00f3n de la Corte de suspender las elecciones en dos provincias. &#8220;Hicieron propia&#8221; tal resoluci\u00f3n, tan es as\u00ed, que la Presidenta del PRO, Patricia Bullrich, asegur\u00f3 en su cuenta de Twitter que &#8220;les frenamos las re-reelecciones a Manzur y U\u00f1ac&#8221;. <\/p>\n\n\n\n<p>Si bien el PRO hizo una de las presentaciones o tuvo participaci\u00f3n en ella, no fue ni Juntos por el Cambio ni ning\u00fan partido el que fren\u00f3, menos el delirio de Bullrich de frenar ninguna re-reelecci\u00f3n de nadie, lo que no sabemos si en definitiva ocurrir\u00e1.<\/p>\n\n\n\n<p>El tweet de Bullrich sirvi\u00f3 de cazabobos, dejando el flanco del &#8220;Frenamos&#8221; para que los Brancatelli, los Brissio, los P\u00e1gina\/12 de la vida y dem\u00e1s mentecatos parapoliciales pusieran su poco preciso y da\u00f1ado ojo en ello. <\/p>\n\n\n\n<hr class=\"wp-block-separator has-alpha-channel-opacity\"\/>\n\n\n\n<figure class=\"wp-block-image size-large is-resized\"><img loading=\"lazy\" decoding=\"async\" src=\"https:\/\/locomociontv.org\/wp-content\/uploads\/2023\/05\/25856-A02-01-1024x574.jpeg\" alt=\"\" class=\"wp-image-25873\" width=\"840\" height=\"470\" srcset=\"https:\/\/locomociontv.org\/wp-content\/uploads\/2023\/05\/25856-A02-01-1024x574.jpeg 1024w, https:\/\/locomociontv.org\/wp-content\/uploads\/2023\/05\/25856-A02-01-300x168.jpeg 300w, https:\/\/locomociontv.org\/wp-content\/uploads\/2023\/05\/25856-A02-01-768x430.jpeg 768w, https:\/\/locomociontv.org\/wp-content\/uploads\/2023\/05\/25856-A02-01-1536x861.jpeg 1536w, https:\/\/locomociontv.org\/wp-content\/uploads\/2023\/05\/25856-A02-01.jpeg 1599w\" sizes=\"auto, (max-width: 840px) 100vw, 840px\" \/><\/figure>\n\n\n\n<p>Casi una hora despu\u00e9s de la posici\u00f3n de brutalidad ultra de Bullrich (tal el rol que se tomar\u00e1 en el presente y el futuro la Presidenta del PRO), fue el turno del Jefe de Gobierno Porte\u00f1o, Horacio Rodr\u00edguez Larreta, mostr\u00f3 un perfil m\u00e1s moderado, propio de las derechas europeas y con la hipocres\u00eda que conlleva inmersa ese discurso caracter\u00edstico asegur\u00f3 que: &#8220;Nadie est\u00e1 por sobre la Constituci\u00f3n, esa es la regla fundamental de nuestra rep\u00fablica. La decisi\u00f3n de la Corte es la que corresponde a un pa\u00eds que respeta la legalidad. Hay que abandonar para siempre los intentos de violentar las reglas electorales provinciales para perpetuarse en el poder.&#8221; Incre\u00edble leer estas palabras de Larreta que hace unos d\u00edas nom\u00e1s se pas\u00f3 por las partes la decisi\u00f3n del Poder Judicial de la Aut\u00f3noma de parar una construcci\u00f3n que expresamente se le solicit\u00f3. <\/p>\n\n\n\n<p>La diferencia entre Larreta y Bullrich sobre el particular es simplemente en las formas y responde a que ambos quieren llegar a los electorados por diversas v\u00edas y que al igual que sus rivales en el poder, obedecen y desobedecen las resoluciones judiciales a su completo y soberano antojo y atendiendo como de costumbre al negocio de los que menos necesitan que son los que financian sus c\u00f3modos e insultantes est\u00e1ndares de vida.<\/p>\n\n\n\n<!--nextpage-->\n\n\n\n<h3 class=\"wp-block-heading\">Las resoluciones de San Juan y Tucum\u00e1n respecto a las elecciones<\/h3>\n\n\n\n<figure class=\"wp-block-image size-large\"><img loading=\"lazy\" decoding=\"async\" width=\"1024\" height=\"676\" src=\"https:\/\/locomociontv.org\/wp-content\/uploads\/2023\/05\/image-22-1024x676.png\" alt=\"\" class=\"wp-image-25877\" srcset=\"https:\/\/locomociontv.org\/wp-content\/uploads\/2023\/05\/image-22-1024x676.png 1024w, https:\/\/locomociontv.org\/wp-content\/uploads\/2023\/05\/image-22-300x198.png 300w, https:\/\/locomociontv.org\/wp-content\/uploads\/2023\/05\/image-22-768x507.png 768w, https:\/\/locomociontv.org\/wp-content\/uploads\/2023\/05\/image-22-1536x1013.png 1536w, https:\/\/locomociontv.org\/wp-content\/uploads\/2023\/05\/image-22.png 1599w\" sizes=\"auto, (max-width: 1024px) 100vw, 1024px\" \/><\/figure>\n\n\n\n<p>M\u00e1s all\u00e1 del duelo de palabras entre los siervos del poder sobre la cuesti\u00f3n de la suspensi\u00f3n de las elecciones en San Juan y en Tucum\u00e1n, es importante saber la palabra oficial de ambos distritos y qu\u00e9 har\u00e1n con las elecciones que ya est\u00e1n convocadas para este domingo 14 de mayo.<\/p>\n\n\n\n<p>As\u00ed las cosas, en horas de la noche, el Tribunal Electoral de San Juan resolvi\u00f3 que los electores sanjuaninos, ir\u00e1n a las urnas para votar intedentes, diputados y concejales, mientras que la elecci\u00f3n de gobernador y vicegobernador  quedar\u00e1 para la fecha que se determine en su momento y superado el actual conflicto.<\/p>\n\n\n\n<figure class=\"wp-block-image\"><img decoding=\"async\" src=\"blob:https:\/\/locomociontv.org\/8ff9bbf7-dfad-4a9d-89c8-c07082b2309f\" alt=\"\"\/><\/figure>\n\n\n\n<p>En Tucum\u00e1n decidieron tomar otro camino, ya que la Junta Electoral Provincial dispuso a partir del fallo de la Corte Suprema la suspensi\u00f3n completa de las elecciones que se iban a realizar este domingo 14 de mayo. Confiaron tambi\u00e9n ese organismo provincial que no tendr\u00e1n fecha para ir a las urnas en tanto no se resuelva en la Corte Suprema las situaci\u00f3n de Manzur como candidato.<\/p>\n<div class=\"pdfprnt-buttons pdfprnt-buttons-post pdfprnt-bottom-right\"><a href=\"https:\/\/locomociontv.org\/index.php?rest_route=%2Fwp%2Fv2%2Fposts%2F25856&print=pdf\" class=\"pdfprnt-button pdfprnt-button-pdf\" target=\"_blank\" ><img decoding=\"async\" src=\"https:\/\/locomociontv.org\/wp-content\/plugins\/pdf-print\/images\/pdf.png\" alt=\"image_pdf\" title=\"View PDF\" \/><span class=\"pdfprnt-button-title pdfprnt-button-pdf-title\">Hacer PDF<\/span><\/a><a href=\"https:\/\/locomociontv.org\/index.php?rest_route=%2Fwp%2Fv2%2Fposts%2F25856&print=print\" class=\"pdfprnt-button pdfprnt-button-print\" target=\"_blank\" ><img decoding=\"async\" src=\"https:\/\/locomociontv.org\/wp-content\/plugins\/pdf-print\/images\/print.png\" alt=\"image_print\" title=\"Print Content\" \/><span class=\"pdfprnt-button-title pdfprnt-button-print-title\">Imprimir<\/span><\/a><\/div><p>Views: 4<\/p>","protected":false},"excerpt":{"rendered":"<p>La Corte Suprema de Justicia de la Naci\u00f3n suspendi\u00f3 las elecciones en Tucum\u00e1n y San Juan previstas para este domingo 14 de mayo. Fue por pedido de dirigentes opositores que impugnaban la postulaci\u00f3n de los actuales gobernadores, Juan Manzur y Sergio U\u00f1ac. El culto a la personalidad existente en las provincias de r\u00e9gimen feudal les &hellip;<\/p>\n","protected":false},"author":1,"featured_media":25858,"comment_status":"open","ping_status":"open","sticky":false,"template":"","format":"video","meta":{"footnotes":""},"categories":[120,9,94],"tags":[],"class_list":["post-25856","post","type-post","status-publish","format-video","has-post-thumbnail","hentry","category-elecciones-2023","category-politica-nacional","category-proseltitismo-extremo","post_format-post-format-video","post-dark","post-wide","has-post-thumb"],"_links":{"self":[{"href":"https:\/\/locomociontv.org\/index.php?rest_route=\/wp\/v2\/posts\/25856","targetHints":{"allow":["GET"]}}],"collection":[{"href":"https:\/\/locomociontv.org\/index.php?rest_route=\/wp\/v2\/posts"}],"about":[{"href":"https:\/\/locomociontv.org\/index.php?rest_route=\/wp\/v2\/types\/post"}],"author":[{"embeddable":true,"href":"https:\/\/locomociontv.org\/index.php?rest_route=\/wp\/v2\/users\/1"}],"replies":[{"embeddable":true,"href":"https:\/\/locomociontv.org\/index.php?rest_route=%2Fwp%2Fv2%2Fcomments&post=25856"}],"version-history":[{"count":7,"href":"https:\/\/locomociontv.org\/index.php?rest_route=\/wp\/v2\/posts\/25856\/revisions"}],"predecessor-version":[{"id":25879,"href":"https:\/\/locomociontv.org\/index.php?rest_route=\/wp\/v2\/posts\/25856\/revisions\/25879"}],"wp:featuredmedia":[{"embeddable":true,"href":"https:\/\/locomociontv.org\/index.php?rest_route=\/wp\/v2\/media\/25858"}],"wp:attachment":[{"href":"https:\/\/locomociontv.org\/index.php?rest_route=%2Fwp%2Fv2%2Fmedia&parent=25856"}],"wp:term":[{"taxonomy":"category","embeddable":true,"href":"https:\/\/locomociontv.org\/index.php?rest_route=%2Fwp%2Fv2%2Fcategories&post=25856"},{"taxonomy":"post_tag","embeddable":true,"href":"https:\/\/locomociontv.org\/index.php?rest_route=%2Fwp%2Fv2%2Ftags&post=25856"}],"curies":[{"name":"wp","href":"https:\/\/api.w.org\/{rel}","templated":true}]}}