{"id":25722,"date":"2023-05-03T16:56:28","date_gmt":"2023-05-03T19:56:28","guid":{"rendered":"https:\/\/locomociontv.org\/?p=25722"},"modified":"2023-05-04T20:16:13","modified_gmt":"2023-05-04T23:16:13","slug":"verguenza-estatal-el-indec-cambia-la-fecha-de-publicacion-por-motivos-electorales","status":"publish","type":"post","link":"https:\/\/locomociontv.org\/?p=25722","title":{"rendered":"Verg\u00fcenza Estatal: \u00a1El INDEC cambia la fecha de publicaci\u00f3n del IPC por motivos electorales!"},"content":{"rendered":"\n<figure class=\"wp-block-video\"><video height=\"1076\" style=\"aspect-ratio: 1920 \/ 1076;\" width=\"1920\" controls poster=\"https:\/\/locomociontv.org\/wp-content\/uploads\/2023\/05\/image-10.png\" src=\"https:\/\/locomociontv.org\/wp-content\/uploads\/2023\/05\/25722.mp4\"><\/video><\/figure>\n\n\n\n<!--nextpage-->\n\n\n\n<figure class=\"wp-block-image size-large\"><img loading=\"lazy\" decoding=\"async\" width=\"1024\" height=\"573\" src=\"https:\/\/locomociontv.org\/wp-content\/uploads\/2023\/05\/image-10-1024x573.png\" alt=\"\" class=\"wp-image-25728\" srcset=\"https:\/\/locomociontv.org\/wp-content\/uploads\/2023\/05\/image-10-1024x573.png 1024w, https:\/\/locomociontv.org\/wp-content\/uploads\/2023\/05\/image-10-300x168.png 300w, https:\/\/locomociontv.org\/wp-content\/uploads\/2023\/05\/image-10-768x430.png 768w, https:\/\/locomociontv.org\/wp-content\/uploads\/2023\/05\/image-10-1536x860.png 1536w, https:\/\/locomociontv.org\/wp-content\/uploads\/2023\/05\/image-10.png 1599w\" sizes=\"auto, (max-width: 1024px) 100vw, 1024px\" \/><\/figure>\n\n\n\n<p>El INDEC blanque\u00f3 hacia el mediod\u00eda de hoy, 3 de mayo de 2023, que modific\u00f3 el calendario de difusi\u00f3n del \u00cdndice de Precios al Consumidor (IPC), en virtud de que al menos cuatro fechas del mismo se cruzan con vedas electorales en provincias con elecciones desdobladas y con las mismas PASO. En lenguaje que entendamos todes, los impresentables del Gobierno no quieren malas noticias antes de elecciones donde su gente se juega todo y actuaron en consecuencia, pasaron la difusi\u00f3n del d\u00eda 12 de mayo del \u00edndice de abril al d\u00eda 15. Es evidente que el Cabaret de Todos no tolera ni sus propias manipulaciones de datos, tal su ruina o la que ellos mismos imaginan en t\u00e9rminos electorales, al fin de cuentas, los \u00fanicos que les importan y que les garantizan a sus panzas indecentes ser mantenidas por todes nosotres.<\/p>\n\n\n\n<!--nextpage-->\n\n\n\n<figure class=\"wp-block-image size-large\"><img loading=\"lazy\" decoding=\"async\" width=\"1024\" height=\"573\" src=\"https:\/\/locomociontv.org\/wp-content\/uploads\/2023\/05\/image-11-1024x573.png\" alt=\"\" class=\"wp-image-25732\" srcset=\"https:\/\/locomociontv.org\/wp-content\/uploads\/2023\/05\/image-11-1024x573.png 1024w, https:\/\/locomociontv.org\/wp-content\/uploads\/2023\/05\/image-11-300x168.png 300w, https:\/\/locomociontv.org\/wp-content\/uploads\/2023\/05\/image-11-768x430.png 768w, https:\/\/locomociontv.org\/wp-content\/uploads\/2023\/05\/image-11-1536x860.png 1536w, https:\/\/locomociontv.org\/wp-content\/uploads\/2023\/05\/image-11.png 1599w\" sizes=\"auto, (max-width: 1024px) 100vw, 1024px\" \/><\/figure>\n\n\n\n<p>Se la quisieron mandar de callados, sin publicaciones, ni comunicaciones, ni nada. Como qui\u00e9n tuviera algo de verg\u00fcenza, que no es el caso de Marco Lavagna, que no ne la cabe ni media en materia de inventos y que por eso est\u00e1 al frente del INDEC. Sabe hacer cosas inveros\u00edmiles y no le molesta decir lo que sea le convenga al Cabaret de Todos. <\/p>\n\n\n\n<p>El problema de los alKahuetes extremos como Lavagna es que dejan cabos sueltos de forma muy est\u00fapida y que dejan en evidencia su accionar, que a cualquier persona decente lo llevar\u00edan al ostracismo y la renuncia. Aunque como sabemos, estos peronistas no han tenido nunca verg\u00fcenza y eso les permite que personajes como Lavagna se consigan m\u00e1s f\u00e1cil que respirar.<\/p>\n\n\n\n<p>El calendario donde los profesionales o personas que necesitan saber estos datos notaron en el d\u00eda de ayer, 2 de mayo, en la tarde el cambio de fecha. Nos avisaron pero dejamos para el d\u00eda de hoy el chequeo de la data que nos hab\u00edan hecho llegar y vimos que la fecha del IPC de Abril hab\u00eda pasado del viernes 12 al lunes 15. <\/p>\n\n\n\n<!--nextpage-->\n\n\n\n<figure class=\"wp-block-image size-large\"><img loading=\"lazy\" decoding=\"async\" width=\"1024\" height=\"573\" src=\"https:\/\/locomociontv.org\/wp-content\/uploads\/2023\/05\/image-12-1024x573.png\" alt=\"\" class=\"wp-image-25736\" srcset=\"https:\/\/locomociontv.org\/wp-content\/uploads\/2023\/05\/image-12-1024x573.png 1024w, https:\/\/locomociontv.org\/wp-content\/uploads\/2023\/05\/image-12-300x168.png 300w, https:\/\/locomociontv.org\/wp-content\/uploads\/2023\/05\/image-12-768x430.png 768w, https:\/\/locomociontv.org\/wp-content\/uploads\/2023\/05\/image-12-1536x860.png 1536w, https:\/\/locomociontv.org\/wp-content\/uploads\/2023\/05\/image-12.png 1599w\" sizes=\"auto, (max-width: 1024px) 100vw, 1024px\" \/><\/figure>\n\n\n\n<p>El Calendario de Difusi\u00f3n del INDEC (en formato PDF) nos dej\u00f3 claro en qu\u00e9 momento se produjo la modificaci\u00f3n y fue el martes 2 de mayo a las 15:36. As\u00ed, sin decir ni p\u00edo, cambiaron las fechas, dejando de lado en su ignorancia modificar la fecha de creaci\u00f3n y modificaci\u00f3n del archivo.<br>Habr\u00e1n pensado que nadie iba a chequear ni lo b\u00e1sico y se equivocaron como lo hace qui\u00e9n supone que corriendo con el caballo del comisario no hay riesgo de ser descubiertos, ni siquiera en esta suprema banalidad. Es la imbecilidad suprema, ser descubiertos de forma tan grosera deb\u00eda generar alg\u00fan tipo de control de da\u00f1os, tan in\u00fatiles como siempre, pero que le sirven a la tropa paraKa propia, mientras se piensa algo mejor.<br>Tambi\u00e9n hasta el d\u00eda 3 de mayo a las 16:30 a\u00fan figuraba en la P\u00e1gina del \u00cdndice de Precios al Consumidor como fecha de difusi\u00f3n del 12 de mayo, parece que nadie avis\u00f3 que eso tambi\u00e9n deb\u00edan cambiarlo.<\/p>\n\n\n\n<!--nextpage-->\n\n\n\n<p><\/p>\n\n\n\n<figure class=\"wp-block-image size-large\"><img loading=\"lazy\" decoding=\"async\" width=\"1024\" height=\"572\" src=\"https:\/\/locomociontv.org\/wp-content\/uploads\/2023\/05\/image-13-1024x572.png\" alt=\"\" class=\"wp-image-25737\" srcset=\"https:\/\/locomociontv.org\/wp-content\/uploads\/2023\/05\/image-13-1024x572.png 1024w, https:\/\/locomociontv.org\/wp-content\/uploads\/2023\/05\/image-13-300x168.png 300w, https:\/\/locomociontv.org\/wp-content\/uploads\/2023\/05\/image-13-768x429.png 768w, https:\/\/locomociontv.org\/wp-content\/uploads\/2023\/05\/image-13-1536x858.png 1536w, https:\/\/locomociontv.org\/wp-content\/uploads\/2023\/05\/image-13.png 1599w\" sizes=\"auto, (max-width: 1024px) 100vw, 1024px\" \/><\/figure>\n\n\n\n<p>Los medios comienzan a levantar la noticia en sus portales de internet en horas del mediod\u00eda y all\u00ed la primera reacci\u00f3n de la prensa paraestatal que registramos fue la de INFOCIELO.<br>Como el pionero de este control de da\u00f1os fracasado antes de empezar, salvo que la cosa venga titulada de arriba, siempre tiene que quedar grosero y mal, y as\u00ed fue.<br>La l\u00ednea de argumentaci\u00f3n que le lanzaron a su militancia es que este tema es trivial y solamente puede enojar a la oposici\u00f3n. Imaginamos lo que se deben haber exprimido los sesos all\u00ed para producir esta patata.<br>A la prensa paraKa cada vez se le dificulta m\u00e1s defender las posiciones de un Gobierno totalmente volcado a la defensa de los intereses de la oligarK\u00eda y el imperialismo.<br>La verdad nunca fue una opci\u00f3n y no lo va a empezar a ser ahora.<\/p>\n\n\n\n<!--nextpage-->\n\n\n\n<figure class=\"wp-block-image size-large\"><img loading=\"lazy\" decoding=\"async\" width=\"1024\" height=\"573\" src=\"https:\/\/locomociontv.org\/wp-content\/uploads\/2023\/05\/image-15-1024x573.png\" alt=\"\" class=\"wp-image-25739\" srcset=\"https:\/\/locomociontv.org\/wp-content\/uploads\/2023\/05\/image-15-1024x573.png 1024w, https:\/\/locomociontv.org\/wp-content\/uploads\/2023\/05\/image-15-300x168.png 300w, https:\/\/locomociontv.org\/wp-content\/uploads\/2023\/05\/image-15-768x430.png 768w, https:\/\/locomociontv.org\/wp-content\/uploads\/2023\/05\/image-15-1536x860.png 1536w, https:\/\/locomociontv.org\/wp-content\/uploads\/2023\/05\/image-15.png 1599w\" sizes=\"auto, (max-width: 1024px) 100vw, 1024px\" \/><\/figure>\n\n\n\n<p>Hubo una constante este mediod\u00eda que fue la de citar una frase como comunicaci\u00f3n oficial , o como infidencia de &#8220;fuente fidedigna&#8221;, pero nadie pudo certificar el or\u00edgen de la misma y tampoco lo vamos a hacer nosotres.<br>Digamos que la cita es cuasioficial y reza que: \u201cActualizamos el calendario de difusi\u00f3n debido a que, a partir del rechequeo de las publicaciones programadas para este mes, detectamos fechas que coincid\u00edan con la veda de elecciones provinciales instaladas a posteriori de nuestro esquema de difusi\u00f3n anual\u201d.<br>Esta cita que se difundi\u00f3 en muchos medios no solamente deja en claro que el apuro y el secreto con el que se movieron era por las elecciones del Superdomingo y adem\u00e1s para evitar un efecto similar en las restantes elecciones que los mismos peronistas quer\u00edan desdoblar o eliminar (como las PASO) y que ya no soportan sus electorados ni sus propias y archiconocidos dibujitos animados, como es el \u00cdndice de Precios al Consumidor del INDEC.<\/p>\n<div class=\"pdfprnt-buttons pdfprnt-buttons-post pdfprnt-bottom-right\"><a href=\"https:\/\/locomociontv.org\/index.php?rest_route=%2Fwp%2Fv2%2Fposts%2F25722&print=pdf\" class=\"pdfprnt-button pdfprnt-button-pdf\" target=\"_blank\" ><img decoding=\"async\" src=\"https:\/\/locomociontv.org\/wp-content\/plugins\/pdf-print\/images\/pdf.png\" alt=\"image_pdf\" title=\"View PDF\" \/><span class=\"pdfprnt-button-title pdfprnt-button-pdf-title\">Hacer PDF<\/span><\/a><a href=\"https:\/\/locomociontv.org\/index.php?rest_route=%2Fwp%2Fv2%2Fposts%2F25722&print=print\" class=\"pdfprnt-button pdfprnt-button-print\" target=\"_blank\" ><img decoding=\"async\" src=\"https:\/\/locomociontv.org\/wp-content\/plugins\/pdf-print\/images\/print.png\" alt=\"image_print\" title=\"Print Content\" \/><span class=\"pdfprnt-button-title pdfprnt-button-print-title\">Imprimir<\/span><\/a><\/div><p>Views: 0<\/p>","protected":false},"excerpt":{"rendered":"<p> Views: 0<\/p>\n","protected":false},"author":1,"featured_media":25726,"comment_status":"open","ping_status":"open","sticky":false,"template":"","format":"video","meta":{"footnotes":""},"categories":[1],"tags":[],"class_list":["post-25722","post","type-post","status-publish","format-video","has-post-thumbnail","hentry","category-sin-categoria","post_format-post-format-video","post-dark","post-wide","has-post-thumb"],"_links":{"self":[{"href":"https:\/\/locomociontv.org\/index.php?rest_route=\/wp\/v2\/posts\/25722","targetHints":{"allow":["GET"]}}],"collection":[{"href":"https:\/\/locomociontv.org\/index.php?rest_route=\/wp\/v2\/posts"}],"about":[{"href":"https:\/\/locomociontv.org\/index.php?rest_route=\/wp\/v2\/types\/post"}],"author":[{"embeddable":true,"href":"https:\/\/locomociontv.org\/index.php?rest_route=\/wp\/v2\/users\/1"}],"replies":[{"embeddable":true,"href":"https:\/\/locomociontv.org\/index.php?rest_route=%2Fwp%2Fv2%2Fcomments&post=25722"}],"version-history":[{"count":9,"href":"https:\/\/locomociontv.org\/index.php?rest_route=\/wp\/v2\/posts\/25722\/revisions"}],"predecessor-version":[{"id":25782,"href":"https:\/\/locomociontv.org\/index.php?rest_route=\/wp\/v2\/posts\/25722\/revisions\/25782"}],"wp:featuredmedia":[{"embeddable":true,"href":"https:\/\/locomociontv.org\/index.php?rest_route=\/wp\/v2\/media\/25726"}],"wp:attachment":[{"href":"https:\/\/locomociontv.org\/index.php?rest_route=%2Fwp%2Fv2%2Fmedia&parent=25722"}],"wp:term":[{"taxonomy":"category","embeddable":true,"href":"https:\/\/locomociontv.org\/index.php?rest_route=%2Fwp%2Fv2%2Fcategories&post=25722"},{"taxonomy":"post_tag","embeddable":true,"href":"https:\/\/locomociontv.org\/index.php?rest_route=%2Fwp%2Fv2%2Ftags&post=25722"}],"curies":[{"name":"wp","href":"https:\/\/api.w.org\/{rel}","templated":true}]}}