{"id":25693,"date":"2023-05-02T08:44:32","date_gmt":"2023-05-02T11:44:32","guid":{"rendered":"https:\/\/locomociontv.org\/?p=25693"},"modified":"2023-05-02T22:57:30","modified_gmt":"2023-05-03T01:57:30","slug":"el-1-de-mayo-en-la-argentina","status":"publish","type":"post","link":"https:\/\/locomociontv.org\/?p=25693","title":{"rendered":"El 1\u00b0 de Mayo en la Aut\u00f3noma 2023"},"content":{"rendered":"\n<figure class=\"wp-block-embed is-type-video is-provider-youtube wp-block-embed-youtube wp-embed-aspect-16-9 wp-has-aspect-ratio\"><div class=\"wp-block-embed__wrapper\">\n<iframe loading=\"lazy\" title=\"El Primero de Mayo en la Aut\u00f3noma 2023\" width=\"818\" height=\"460\" src=\"https:\/\/www.youtube.com\/embed\/RObPdjZ04cQ?feature=oembed\" frameborder=\"0\" allow=\"accelerometer; autoplay; clipboard-write; encrypted-media; gyroscope; picture-in-picture; web-share\" allowfullscreen><\/iframe>\n<\/div><\/figure>\n\n\n\n<!--nextpage-->\n\n\n\n<h3 class=\"wp-block-heading\">Una constante de divisi\u00f3n a cada a\u00f1o<\/h3>\n\n\n\n<p>Decir que la izquierda argentina est\u00e1 dividida es quedarse corto, muy corto. Cada 1\u00b0 de mayo donde vayas vas a encontrar un grupo de izquierda que dice querer tener unidad de acci\u00f3n con otros si cumplen con una serie de berrinches que conforman solamente la banda que organiza el acto. <\/p>\n\n\n\n<p>A veces sus discursos no son m\u00e1s que una muestra de que la hipocres\u00eda no es inherente a las variables partidarias del Capital en exclusiva, si no m\u00e1s bien de muchas otra que se definen como revolucionarias o socialistas o algo de eso. <\/p>\n\n\n\n<p>Como toda organizaci\u00f3n que sabe que lo que hace es faccioso y est\u00e1 mal, prosigue en su pr\u00e9dica ante unas bases que no parecen hacer reaccionar a sus referentes, si no muy por el contrario.<\/p>\n\n\n\n<!--nextpage-->\n\n\n\n<h3 class=\"wp-block-heading\">Acto del FIT-Unidad en Plaza de Mayo<\/h3>\n\n\n\n<figure class=\"wp-block-image size-large\"><img loading=\"lazy\" decoding=\"async\" width=\"1024\" height=\"576\" src=\"https:\/\/locomociontv.org\/wp-content\/uploads\/2023\/05\/image-2-1024x576.png\" alt=\"\" class=\"wp-image-25694\" srcset=\"https:\/\/locomociontv.org\/wp-content\/uploads\/2023\/05\/image-2-1024x576.png 1024w, https:\/\/locomociontv.org\/wp-content\/uploads\/2023\/05\/image-2-300x169.png 300w, https:\/\/locomociontv.org\/wp-content\/uploads\/2023\/05\/image-2-768x432.png 768w, https:\/\/locomociontv.org\/wp-content\/uploads\/2023\/05\/image-2-1536x864.png 1536w, https:\/\/locomociontv.org\/wp-content\/uploads\/2023\/05\/image-2.png 1600w\" sizes=\"auto, (max-width: 1024px) 100vw, 1024px\" \/><\/figure>\n\n\n\n<p>El Frente de Izquierda y los Trabajadores &#8211; Unidad realiz\u00f3 su acto en la Plaza de Mayo, ante aproximadamente un millar de personas, en el que hablaron todos los candidatos y referentes de las cuatro organizaciones que lo conforman: El Partido Obrero (PO), El Partido de los Trabadores Socialistas (PTS), el Movimiento Socialista de los Trabajadores (MST) e Izquierda Socialista (IS). <\/p>\n\n\n\n<p>No faltaron las cr\u00edticas al Gobierno la obsesi\u00f3n de polarizar con Milei y los planteos que hacen a la conformaci\u00f3n y ampliaci\u00f3n de la alianza que los nuclea. <\/p>\n\n\n\n<!--nextpage-->\n\n\n\n<h3 class=\"wp-block-heading\">Acto de las organizaciones sociales oficialistas en la 9 de Julio<\/h3>\n\n\n\n<figure class=\"wp-block-image size-large\"><img loading=\"lazy\" decoding=\"async\" width=\"1024\" height=\"576\" src=\"https:\/\/locomociontv.org\/wp-content\/uploads\/2023\/05\/image-3-1024x576.png\" alt=\"\" class=\"wp-image-25695\" srcset=\"https:\/\/locomociontv.org\/wp-content\/uploads\/2023\/05\/image-3-1024x576.png 1024w, https:\/\/locomociontv.org\/wp-content\/uploads\/2023\/05\/image-3-300x169.png 300w, https:\/\/locomociontv.org\/wp-content\/uploads\/2023\/05\/image-3-768x432.png 768w, https:\/\/locomociontv.org\/wp-content\/uploads\/2023\/05\/image-3-1536x864.png 1536w, https:\/\/locomociontv.org\/wp-content\/uploads\/2023\/05\/image-3-2048x1152.png 2048w\" sizes=\"auto, (max-width: 1024px) 100vw, 1024px\" \/><\/figure>\n\n\n\n<p>La CTA-Aut\u00f3noma, la UTEP y la Corriente Clasista y Combativa y otras organizaciones sociales ligadas y funcionales al Frente de Todos se concentraron en 9 de Julio y Avenida de Mayo en horas del medio d\u00eda para conmemoran el acto del D\u00eda del Trabajador con la consigna &#8220;Este 1 de mayo ganamos las calles en unidad contra el ajuste del FMI&#8221;.<\/p>\n\n\n\n<p>Con la hipocres\u00eda de costumbre, se dedicaron a criticar los acuerdos con el FMI, ech\u00e1ndole la culpa al Gran Bonete y a qui\u00e9n quiera que no sea el Gobierno, al cual le proveen de funcionarios que atienden a ambos lados del mostrador. <\/p>\n\n\n\n<!--nextpage-->\n\n\n\n<h3 class=\"wp-block-heading\">Acto y Convenci\u00f3n Nacional del Nuevo Mas en Teatro Picadero<\/h3>\n\n\n\n<figure class=\"wp-block-image size-full is-resized\"><img loading=\"lazy\" decoding=\"async\" src=\"https:\/\/locomociontv.org\/wp-content\/uploads\/2023\/05\/image-6.png\" alt=\"\" class=\"wp-image-25718\" width=\"841\" height=\"450\" srcset=\"https:\/\/locomociontv.org\/wp-content\/uploads\/2023\/05\/image-6.png 572w, https:\/\/locomociontv.org\/wp-content\/uploads\/2023\/05\/image-6-300x160.png 300w\" sizes=\"auto, (max-width: 841px) 100vw, 841px\" \/><\/figure>\n\n\n\n<p>El Nuevo MAS se reuni\u00f3 en el Teatro Picadero de esta Ciudad Aut\u00f3noma para llevar a cabo su Acto y la Convenci\u00f3n Nacional Partidaria, insistiendo en &#8220;Una PASO de la Izquierda&#8221; y plante\u00e1ndose los problemas de coyuntura como el &#8220;efecto Milei&#8221; en los sectores populares.<\/p>\n\n\n\n<p>A continuaci\u00f3n les brindamos in extenso la cobertura del acto del Nuevo MAS.<\/p>\n\n\n\n<figure class=\"wp-block-embed is-type-wp-embed is-provider-locomocion-tv wp-block-embed-locomocion-tv\"><div class=\"wp-block-embed__wrapper\">\n<blockquote class=\"wp-embedded-content\" data-secret=\"SX2quWwfkY\"><a href=\"https:\/\/locomociontv.org\/?p=25675\">Acto del Primero de Mayo y Convenci\u00f3n Nacional  del Nuevo MAS<\/a><\/blockquote><iframe loading=\"lazy\" class=\"wp-embedded-content\" sandbox=\"allow-scripts\" security=\"restricted\" style=\"position: absolute; clip: rect(1px, 1px, 1px, 1px);\" title=\"&#8220;Acto del Primero de Mayo y Convenci\u00f3n Nacional  del Nuevo MAS&#8221; &#8212; Locomoci\u00f3n TV\" src=\"https:\/\/locomociontv.org\/?p=25675&#038;embed=true#?secret=SX2quWwfkY\" data-secret=\"SX2quWwfkY\" width=\"600\" height=\"338\" frameborder=\"0\" marginwidth=\"0\" marginheight=\"0\" scrolling=\"no\"><\/iframe>\n<\/div><\/figure>\n\n\n\n<!--nextpage-->\n\n\n\n<h3 class=\"wp-block-heading\">Agrupaciones de izquierda consecuentes se juntaron en San Juan y Entre R\u00edos<\/h3>\n\n\n\n<figure class=\"wp-block-image size-full\"><img loading=\"lazy\" decoding=\"async\" width=\"1024\" height=\"769\" src=\"https:\/\/locomociontv.org\/wp-content\/uploads\/2023\/05\/image-4.png\" alt=\"\" class=\"wp-image-25712\" srcset=\"https:\/\/locomociontv.org\/wp-content\/uploads\/2023\/05\/image-4.png 1024w, https:\/\/locomociontv.org\/wp-content\/uploads\/2023\/05\/image-4-300x225.png 300w, https:\/\/locomociontv.org\/wp-content\/uploads\/2023\/05\/image-4-768x577.png 768w\" sizes=\"auto, (max-width: 1024px) 100vw, 1024px\" \/><\/figure>\n\n\n\n<p>Reforzando sus posiciones ante la lucha diaria, muchas de las agrupaciones pol\u00edticas con las que Locomoci\u00f3n TV simpatiza claramente, realizaron su acto en la intersecci\u00f3n de las avenidas Entre R\u00edos y San Juan de esta Ciudad Aut\u00f3noma. Hablaron referentes de las agrupaciones participantes y se di\u00f3 lectura a un documento com\u00fan. <\/p>\n\n\n\n<p>Vemos con agrado, que comiencen estos grupos de la izquierda consecuente a llevar acciones m\u00e1s continuas, a pesar de que excluyeron a este medio de toda convocatoria dando asidero a las injuriantes expresiones del referente de una de las agrupaciones integrantes del espacio. Motivo por el cual no participamos de ning\u00fan acto organizado por elles: no vamos donde no somos bienvenidos, podr\u00e1n no ser enemigos, pero seguro no son amigues.<\/p>\n\n\n\n<hr class=\"wp-block-separator has-alpha-channel-opacity\"\/>\n\n\n\n<figure class=\"wp-block-image size-large\"><img loading=\"lazy\" decoding=\"async\" width=\"1024\" height=\"1024\" src=\"https:\/\/locomociontv.org\/wp-content\/uploads\/2023\/05\/image-5-1024x1024.png\" alt=\"\" class=\"wp-image-25713\" srcset=\"https:\/\/locomociontv.org\/wp-content\/uploads\/2023\/05\/image-5-1024x1024.png 1024w, https:\/\/locomociontv.org\/wp-content\/uploads\/2023\/05\/image-5-300x300.png 300w, https:\/\/locomociontv.org\/wp-content\/uploads\/2023\/05\/image-5-150x150.png 150w, https:\/\/locomociontv.org\/wp-content\/uploads\/2023\/05\/image-5-768x768.png 768w, https:\/\/locomociontv.org\/wp-content\/uploads\/2023\/05\/image-5.png 1440w\" sizes=\"auto, (max-width: 1024px) 100vw, 1024px\" \/><\/figure>\n\n\n\n<p>A continuaci\u00f3n les brindamos el documento conjunto de las organizaciones participantes de este espacio de lucha:<\/p>\n\n\n\n<h3 class=\"wp-block-heading\">SI EL HAMBRE ES LEY, LA REBELION ES JUSTICIA<\/h3>\n\n\n\n<p>Las organizaciones que venimos confluyendo en distintos actos, en la necesidad de intentar generar un espacio de unidad y acuerdos m\u00ednimos, imprescindible frente a la situaci\u00f3n que atraviesa nuestro pa\u00eds y Am\u00e9rica Latina para enfrentar el sistema capitalista la dominaci\u00f3n y el saqueo imperialista que sojuzga a nuestros pueblos, junto a otras organizaciones, convocamos a compartir la conmemoraci\u00f3n del d\u00eda de los trabajadores y de las trabajadoras este 1 de Mayo.<br>En este d\u00eda en particular, queremos reivindicar las luchas que la clase trabajadora ha sostenido incansablemente en el mundo por una sociedad sin explotadores ni explotados.<br>Reivindicamos las luchas de la clase obrera de todos los tiempos, y sobre todo de sus organizaciones de vanguardia.<br>Reivindicamos concretamente las organizaciones Revolucionarias de los a\u00f1os 60 y 70 que en la Argentina fueron parte y ayudaron a conducir el m\u00e1s alto nivel de lucha y de conciencia alcanzado por los trabajadores y trabajadoras en los \u00faltimos 100 a\u00f1os haciendo real el sue\u00f1o de la posibilidad de un horizonte socialista en nuestro pa\u00eds.<br>Por todo eso, conscientes que no habr\u00e1 un verdadero cambio que no sea conducido por la clase trabajadora, que es una sola (sea \u00e9sta ocupada o desocupada, precarizada o no registrada) orientada por las organizaciones y partidos que expresen sus intereses concretos, decimos que SI EL HAMBRE ES LEY, LA REBELION ES JUSTICIA, en la certeza de que los hechos vivenciados en nuestro pa\u00eds por m\u00e1s de cuatro d\u00e9cadas han demostrado sobradamente que no hay salida posible dentro de este sistema, el que hoy, una vez m\u00e1s, en su crisis sist\u00e9mica nos hunde irremediablemente en la pobreza m\u00e1s absoluta.<br>Ha quedado evidenciado que los partidos capitalistas o los que expresen los intereses de la Burgues\u00eda jam\u00e1s impulsar\u00e1n el proceso de transformaci\u00f3n que se requiere para alcanzar una sociedad igualitaria.<br>M\u00e1s bien todo lo contrario, como hoy lo expresa el gobierno del Frente de Todos, que, con el acuerdo de la oposici\u00f3n patronal, se somete al imperialismo y aplican los planes del FMI, garantizando las ganancias de la burgues\u00eda a costa de un ajuste brutal sobre las masas obreras y populares. C\u00f3mplices del ajuste son las grandes centrales sindicales y grandes movimientos sociales, ligados al Gobierno y al Estado, que se vienen reuniendo con Massa, hombre de la Embajada Yanqui, y qui\u00e9n hoy encabeza e impone las pol\u00edticas del fondo monetario.<br>Esto es as\u00ed porque su naturaleza y finalidad siempre ser\u00e1 defender sus propios intereses y los del Imperialismo.<br>Es nuestra responsabilidad hist\u00f3rica el iniciar un nuevo camino hacia la Liberaci\u00f3n y llegar a concretar la Revoluci\u00f3n a\u00fan inconclusa con la que so\u00f1amos. Llamamos a ser parte de esta construcci\u00f3n.<br>Tanto en este 1ro de mayo como en el futuro hablaremos de ir creando las condiciones para luchar por el poder real, que poco tiene que ver con la acumulaci\u00f3n electoral.<br>Los sue\u00f1os de una Patria sin explotadores ni explotados no caben en ninguna urna de una ilusi\u00f3n democr\u00e1tica que lejos est\u00e1 de dar de comer a nuestro pueblo.<br>De todo esto hablaremos este 1ro de mayo.<br>Los y las esperamos<\/p>\n\n\n\n<p>COMUNEROS<br>Convocatoria Segunda Independencia<br>Coordinadora Barrial Resistencia<br>Encuentro de Trabajadores Ocupados y Desocupados. La Matanza<br>Esperanza Revolucionaria y Socialista<br>FAR (Frente de Acci\u00f3n Revolucionaria)<br>FTC-M29<br>MTR Hist\u00f3rico<br>Partido Comunista de los Trabajadores (PCT)<br>Partido Guevarista<br>Tendencia Guevarista\/Movimiento Teresa Rodr\u00edguez Hist\u00f3rico<br>Movimiento Brazo Libertario<\/p>\n<div class=\"pdfprnt-buttons pdfprnt-buttons-post pdfprnt-bottom-right\"><a href=\"https:\/\/locomociontv.org\/index.php?rest_route=%2Fwp%2Fv2%2Fposts%2F25693&print=pdf\" class=\"pdfprnt-button pdfprnt-button-pdf\" target=\"_blank\" ><img decoding=\"async\" src=\"https:\/\/locomociontv.org\/wp-content\/plugins\/pdf-print\/images\/pdf.png\" alt=\"image_pdf\" title=\"View PDF\" \/><span class=\"pdfprnt-button-title pdfprnt-button-pdf-title\">Hacer PDF<\/span><\/a><a href=\"https:\/\/locomociontv.org\/index.php?rest_route=%2Fwp%2Fv2%2Fposts%2F25693&print=print\" class=\"pdfprnt-button pdfprnt-button-print\" target=\"_blank\" ><img decoding=\"async\" src=\"https:\/\/locomociontv.org\/wp-content\/plugins\/pdf-print\/images\/print.png\" alt=\"image_print\" title=\"Print Content\" \/><span class=\"pdfprnt-button-title pdfprnt-button-print-title\">Imprimir<\/span><\/a><\/div><p>Views: 2<\/p>","protected":false},"excerpt":{"rendered":"<p> Views: 2<\/p>\n","protected":false},"author":1,"featured_media":25717,"comment_status":"open","ping_status":"open","sticky":false,"template":"","format":"video","meta":{"footnotes":""},"categories":[1],"tags":[],"class_list":["post-25693","post","type-post","status-publish","format-video","has-post-thumbnail","hentry","category-sin-categoria","post_format-post-format-video","post-dark","post-wide","has-post-thumb"],"_links":{"self":[{"href":"https:\/\/locomociontv.org\/index.php?rest_route=\/wp\/v2\/posts\/25693","targetHints":{"allow":["GET"]}}],"collection":[{"href":"https:\/\/locomociontv.org\/index.php?rest_route=\/wp\/v2\/posts"}],"about":[{"href":"https:\/\/locomociontv.org\/index.php?rest_route=\/wp\/v2\/types\/post"}],"author":[{"embeddable":true,"href":"https:\/\/locomociontv.org\/index.php?rest_route=\/wp\/v2\/users\/1"}],"replies":[{"embeddable":true,"href":"https:\/\/locomociontv.org\/index.php?rest_route=%2Fwp%2Fv2%2Fcomments&post=25693"}],"version-history":[{"count":5,"href":"https:\/\/locomociontv.org\/index.php?rest_route=\/wp\/v2\/posts\/25693\/revisions"}],"predecessor-version":[{"id":25721,"href":"https:\/\/locomociontv.org\/index.php?rest_route=\/wp\/v2\/posts\/25693\/revisions\/25721"}],"wp:featuredmedia":[{"embeddable":true,"href":"https:\/\/locomociontv.org\/index.php?rest_route=\/wp\/v2\/media\/25717"}],"wp:attachment":[{"href":"https:\/\/locomociontv.org\/index.php?rest_route=%2Fwp%2Fv2%2Fmedia&parent=25693"}],"wp:term":[{"taxonomy":"category","embeddable":true,"href":"https:\/\/locomociontv.org\/index.php?rest_route=%2Fwp%2Fv2%2Fcategories&post=25693"},{"taxonomy":"post_tag","embeddable":true,"href":"https:\/\/locomociontv.org\/index.php?rest_route=%2Fwp%2Fv2%2Ftags&post=25693"}],"curies":[{"name":"wp","href":"https:\/\/api.w.org\/{rel}","templated":true}]}}