{"id":25302,"date":"2023-04-10T21:17:27","date_gmt":"2023-04-11T00:17:27","guid":{"rendered":"https:\/\/locomociontv.org\/?p=25302"},"modified":"2023-04-12T15:20:27","modified_gmt":"2023-04-12T18:20:27","slug":"larreta-y-una-eleccion-apostando-a-la-confusion","status":"publish","type":"post","link":"https:\/\/locomociontv.org\/?p=25302","title":{"rendered":"Larreta y una elecci\u00f3n apostando a la confusi\u00f3n"},"content":{"rendered":"\n<figure class=\"wp-block-video\"><video height=\"1080\" style=\"aspect-ratio: 1440 \/ 1080;\" width=\"1440\" controls poster=\"https:\/\/locomociontv.org\/wp-content\/uploads\/2023\/04\/horacio-rodriguez-larreta-1543837.jpg\" src=\"https:\/\/locomociontv.org\/wp-content\/uploads\/2023\/04\/25302-VIDEO.mp4\"><\/video><\/figure>\n\n\n\n<!--nextpage-->\n\n\n\n<p>En el mediodia de hoy el Jefe de Gobierno porte\u00f1o Horacio Rodriguez Larreta anunci\u00f3, a trav\u00e9s de su cuenta de Twitter c\u00f3mo ser\u00e1n las elecciones en la Aut\u00f3noma. <\/p>\n\n\n\n<p>La decisi\u00f3n de Larreta, que no hizo por canales oficiales si no por el medio que hace su proselitismo particular, por lo que a\u00fan no se puede decir que este anuncio no sea pasible de cambios en el futuro al estilo de los &#8220;globos de ensayo&#8221; comunes en las gestiones de Juntos por el Cambio.<\/p>\n\n\n\n<p>El Jefe de Gobierno dijo que las elecciones nacionales y las de la Ciudad Aut\u00f3noma ser\u00e1n el mismo d\u00eda, pero con modalidades diferentes. Las elecciones de la Aut\u00f3noma ser\u00e1n con boleta electr\u00f3nica y la nacional ser\u00e1 con las boletas de papel tradicionales. <\/p>\n\n\n\n<p>La confusi\u00f3n es importante ya que este desdoblamiento concurrente suena menos serio que lealtad peronista. Se vota el mismo d\u00eda con dos sistemas electorales distintos, operativamente no es transpatente y trat\u00e1ndose de elecciones esto huele muy mal.<\/p>\n\n\n\n<p>\u00a1Vamos a las im\u00e1genes!<\/p>\n\n\n\n<figure class=\"wp-block-embed is-type-rich is-provider-twitter wp-block-embed-twitter\"><div class=\"wp-block-embed__wrapper\">\n<blockquote class=\"twitter-tweet\" data-width=\"550\" data-dnt=\"true\"><p lang=\"es\" dir=\"ltr\">Juntos logramos transformaciones que parec\u00edan imposibles. Ahora llega el momento de volver a elegir sobre el futuro de la Ciudad. <a href=\"https:\/\/t.co\/4adtCzFRFv\">pic.twitter.com\/4adtCzFRFv<\/a><\/p>&mdash; Horacio Rodr\u00edguez Larreta (@horaciorlarreta) <a href=\"https:\/\/twitter.com\/horaciorlarreta\/status\/1645434099526512641?ref_src=twsrc%5Etfw\">April 10, 2023<\/a><\/blockquote><script async src=\"https:\/\/platform.twitter.com\/widgets.js\" charset=\"utf-8\"><\/script>\n<\/div><\/figure>\n<p>Visits: 1<\/p>","protected":false},"excerpt":{"rendered":"<p>Visits: 1<\/p>\n","protected":false},"author":1,"featured_media":25305,"comment_status":"open","ping_status":"open","sticky":false,"template":"","format":"video","meta":{"footnotes":""},"categories":[99,120,117,9,94,1],"tags":[],"class_list":["post-25302","post","type-post","status-publish","format-video","has-post-thumbnail","hentry","category-el-cabaret-de-todos","category-elecciones-2023","category-juntos-por-los-cargos","category-politica-nacional","category-proseltitismo-extremo","category-sin-categoria","post_format-post-format-video","post-dark","post-wide","has-post-thumb"],"_links":{"self":[{"href":"https:\/\/locomociontv.org\/index.php?rest_route=\/wp\/v2\/posts\/25302","targetHints":{"allow":["GET"]}}],"collection":[{"href":"https:\/\/locomociontv.org\/index.php?rest_route=\/wp\/v2\/posts"}],"about":[{"href":"https:\/\/locomociontv.org\/index.php?rest_route=\/wp\/v2\/types\/post"}],"author":[{"embeddable":true,"href":"https:\/\/locomociontv.org\/index.php?rest_route=\/wp\/v2\/users\/1"}],"replies":[{"embeddable":true,"href":"https:\/\/locomociontv.org\/index.php?rest_route=%2Fwp%2Fv2%2Fcomments&post=25302"}],"version-history":[{"count":4,"href":"https:\/\/locomociontv.org\/index.php?rest_route=\/wp\/v2\/posts\/25302\/revisions"}],"predecessor-version":[{"id":25335,"href":"https:\/\/locomociontv.org\/index.php?rest_route=\/wp\/v2\/posts\/25302\/revisions\/25335"}],"wp:featuredmedia":[{"embeddable":true,"href":"https:\/\/locomociontv.org\/index.php?rest_route=\/wp\/v2\/media\/25305"}],"wp:attachment":[{"href":"https:\/\/locomociontv.org\/index.php?rest_route=%2Fwp%2Fv2%2Fmedia&parent=25302"}],"wp:term":[{"taxonomy":"category","embeddable":true,"href":"https:\/\/locomociontv.org\/index.php?rest_route=%2Fwp%2Fv2%2Fcategories&post=25302"},{"taxonomy":"post_tag","embeddable":true,"href":"https:\/\/locomociontv.org\/index.php?rest_route=%2Fwp%2Fv2%2Ftags&post=25302"}],"curies":[{"name":"wp","href":"https:\/\/api.w.org\/{rel}","templated":true}]}}